{"id":342989,"date":"2025-08-25T14:20:14","date_gmt":"2025-08-25T14:20:14","guid":{"rendered":"https:\/\/www.europesays.com\/fr\/342989\/"},"modified":"2025-08-25T14:20:14","modified_gmt":"2025-08-25T14:20:14","slug":"pologne-commemoration-de-lindependance-de-lukraine-a-varsovie","status":"publish","type":"post","link":"https:\/\/www.europesays.com\/fr\/342989\/","title":{"rendered":"Pologne : comm\u00e9moration de l&rsquo;Ind\u00e9pendance de l&rsquo;Ukraine \u00e0 Varsovie"},"content":{"rendered":"<p>\n  Par&amp;nbsp<b>euronews<\/b>\n<\/p>\n<p>\n         Publi\u00e9 le<br \/>\n            25\/08\/2025 &#8211; 16:03 UTC+2\n            <\/p>\n<p>          <img decoding=\"async\" class=\"c-ad__placeholder__logo\" src=\"https:\/\/static.euronews.com\/website\/images\/logos\/logo-euronews-stacked-outlined-72x72-grey-9.svg\" width=\"72\" height=\"72\" alt=\"\" loading=\"lazy\"\/><br \/>\n          PUBLICIT\u00c9<\/p>\n<p>En Pologne, la diaspora ukrainienne a c\u00e9l\u00e9br\u00e9 l&rsquo;ind\u00e9pendance de l&rsquo;Ukraine au c\u0153ur de la vieille ville de Varsovie. Plusieurs milliers de personnes se sont rassembl\u00e9s sur la place du Ch\u00e2teau \u00e0 cette occasion.  <\/p>\n<p>Pour Natalia Panchenko, co-organisatrice de l&rsquo;\u00e9v\u00e8nement et cheffe de la diaspora ukrainienne en Pologne, la comm\u00e9moration de cette date est capitale : \u00ab\u00a0Nous sommes la g\u00e9n\u00e9ration qui meurt pour ue l&rsquo;Ukraine continue d&rsquo;\u00eatre ind\u00e9pendante. C&rsquo;est pourquoi ce jour est particuli\u00e8rement important pour nous\u00a0\u00bb, t\u00e9moigne-t-elle. <\/p>\n<p>Habituellement joyeuse et festive, la comm\u00e9moration, organis\u00e9e cette ann\u00e9e par la fondation Stand With Ukraine et l&rsquo;initiative sociale Euro Ma\u00efdan-Varsovie a \u00e9t\u00e9 emprunte de r\u00e9flexion dans le calme et de recueillement. <\/p>\n<p>\u00ab\u00a0C&rsquo;est le moment de remercier ceux qui se battent pour l&rsquo;ind\u00e9pendance de l&rsquo;Ukraine, tout d&rsquo;abord sur la ligne de front, mais aussi dans d&rsquo;autres directions\u00a0\u00bb, poursuit Natalia Panchenko<\/p>\n<p>La Pologne compte actuellement entre 2,5 et 3 millions d&rsquo;Ukrainiens. Pr\u00e8s d&rsquo;un million d&rsquo;entre eux sont des r\u00e9fugi\u00e9s de guerre. La mont\u00e9e des discours anti-ukrainiens et x\u00e9nophobes poussent cependant certains exil\u00e9s \u00e0 chercher asile dans d&rsquo;autres pays. <\/p>\n<p>\u00ab\u00a0Si le discours des non-anciens dans notre pays ne cesse pas, si les personnes d&rsquo;origine non polonaise continuent de se sentir en danger ici, si un jour elles plient bagage et partent, la Pologne sera perdante, et surtout notre \u00e9conomie\u00a0\u00bb, conclut Natalia Panchenko. <\/p>\n","protected":false},"excerpt":{"rendered":"Par&amp;nbspeuronews Publi\u00e9 le 25\/08\/2025 &#8211; 16:03 UTC+2 PUBLICIT\u00c9 En Pologne, la diaspora ukrainienne a c\u00e9l\u00e9br\u00e9 l&rsquo;ind\u00e9pendance de l&rsquo;Ukraine&hellip;\n","protected":false},"author":2,"featured_media":342990,"comment_status":"","ping_status":"","sticky":false,"template":"","format":"standard","meta":{"footnotes":""},"categories":[1590],"tags":[11,1777,674,36464,12,2437,220],"class_list":{"0":"post-342989","1":"post","2":"type-post","3":"status-publish","4":"format-standard","5":"has-post-thumbnail","7":"category-ukraine","8":"tag-actualites","9":"tag-eu","10":"tag-europe","11":"tag-independance","12":"tag-news","13":"tag-pologne","14":"tag-ukraine"},"share_on_mastodon":{"url":"https:\/\/pubeurope.com\/@fr\/115089848787156347","error":""},"_links":{"self":[{"href":"https:\/\/www.europesays.com\/fr\/wp-json\/wp\/v2\/posts\/342989","targetHints":{"allow":["GET"]}}],"collection":[{"href":"https:\/\/www.europesays.com\/fr\/wp-json\/wp\/v2\/posts"}],"about":[{"href":"https:\/\/www.europesays.com\/fr\/wp-json\/wp\/v2\/types\/post"}],"author":[{"embeddable":true,"href":"https:\/\/www.europesays.com\/fr\/wp-json\/wp\/v2\/users\/2"}],"replies":[{"embeddable":true,"href":"https:\/\/www.europesays.com\/fr\/wp-json\/wp\/v2\/comments?post=342989"}],"version-history":[{"count":0,"href":"https:\/\/www.europesays.com\/fr\/wp-json\/wp\/v2\/posts\/342989\/revisions"}],"wp:featuredmedia":[{"embeddable":true,"href":"https:\/\/www.europesays.com\/fr\/wp-json\/wp\/v2\/media\/342990"}],"wp:attachment":[{"href":"https:\/\/www.europesays.com\/fr\/wp-json\/wp\/v2\/media?parent=342989"}],"wp:term":[{"taxonomy":"category","embeddable":true,"href":"https:\/\/www.europesays.com\/fr\/wp-json\/wp\/v2\/categories?post=342989"},{"taxonomy":"post_tag","embeddable":true,"href":"https:\/\/www.europesays.com\/fr\/wp-json\/wp\/v2\/tags?post=342989"}],"curies":[{"name":"wp","href":"https:\/\/api.w.org\/{rel}","templated":true}]}}