{"id":342993,"date":"2025-08-25T14:22:11","date_gmt":"2025-08-25T14:22:11","guid":{"rendered":"https:\/\/www.europesays.com\/fr\/342993\/"},"modified":"2025-08-25T14:22:11","modified_gmt":"2025-08-25T14:22:11","slug":"la-vente-des-sacs-en-plastique-repart-a-la-hausse-au-royaume-uni","status":"publish","type":"post","link":"https:\/\/www.europesays.com\/fr\/342993\/","title":{"rendered":"La vente des sacs en plastique repart \u00e0 la hausse au Royaume-Uni"},"content":{"rendered":"<p>\t\tLes supermarch\u00e9s face \u00e0 la reprise des ventes de sacs en plastique<\/p>\n<p>La progression des ventes est nette avec 437 millions de sacs en plastique ont \u00e9t\u00e9 distribu\u00e9s en 2024\/2025 contre 407 millions l\u2019ann\u00e9e pr\u00e9c\u00e9dente, selon<a href=\"https:\/\/www.theguardian.com\/environment\/2025\/aug\/25\/ocado-worst-plastic-bags-total-single-use-sales-rise\" target=\"_blank\" rel=\"noopener nofollow\" data-wpel-link=\"external\"> The Guardian<\/a>. Ce bond illustre une dynamique inattendue, les volumes \u00e9tant rest\u00e9s en baisse continue depuis l\u2019introduction de la taxe. Dans le d\u00e9tail, Ocado se distingue en t\u00eate du classement, avec 221 millions de sacs \u00e9coul\u00e9s en 2024\/2025, soit une hausse de 30 millions par rapport \u00e0 2023. Ce total repr\u00e9sente environ 51\u00a0% de l\u2019ensemble du march\u00e9, selon le m\u00eame m\u00e9dia.<\/p>\n<p>D\u2019autres enseignes restent loin derri\u00e8re.<strong> La Co-op affiche 94 millions de sacs vendus (tous compostables), Morrisons 58 millions et Sainsbury\u2019s seulement 11 millions.<\/strong> Ces chiffres confirment que la concentration des ventes autour d\u2019un acteur majeur bouleverse l\u2019\u00e9quilibre observ\u00e9 jusque-l\u00e0 dans la distribution.<\/p>\n<p>Les retours de sacs, un m\u00e9canisme en trompe-l\u2019\u0153il<\/p>\n<p>Pour att\u00e9nuer l\u2019impact environnemental, certaines enseignes mettent en avant les dispositifs de retour des sacs. Ocado affirme que 89\u00a0% de ses clients restituent leurs sacs aux livreurs afin d\u2019obtenir un remboursement, tandis que Morrisons indique un taux similaire de 88\u00a0%, selon The Guardian. Ce syst\u00e8me semble s\u00e9duire, mais il n\u2019emp\u00eache pas l\u2019augmentation globale des volumes mis sur le march\u00e9. Par ailleurs, les chiffres relatifs aux d\u00e9chets rappellent que l\u2019efficacit\u00e9 de ces m\u00e9canismes reste limit\u00e9e.<\/p>\n<p>En 2024,<strong> les d\u00e9chets plastiques collect\u00e9s sur les plages britanniques ont progress\u00e9 de 9,5\u00a0%.<\/strong> Pr\u00e8s de 46\u00a0% d\u2019entre eux proviennent de sources publiques, comme les d\u00e9tritus m\u00e9nagers. Ces donn\u00e9es, rapport\u00e9es par The Guardian, soulignent que le recyclage et la r\u00e9utilisation ne compensent pas enti\u00e8rement la hausse de la consommation.<\/p>\n<p>Une hausse r\u00e9v\u00e9latrice des limites de la taxe sur les sacs en plastique<\/p>\n<p>Cette reprise des ventes interroge sur les causes profondes du ph\u00e9nom\u00e8ne. Selon The Times, la mont\u00e9e en puissance du commerce en ligne constitue un facteur central. Les livraisons \u00e0 domicile, particuli\u00e8rement dans les zones urbaines, favorisent la distribution automatique de sacs, rendant plus difficile la r\u00e9duction de leur usage. L\u2019\u00e9volution r\u00e9v\u00e8le \u00e9galement les limites du levier fiscal\u00a0:<strong> la taxe de 5 pence, efficace dans un premier temps, n\u2019appara\u00eet plus suffisante pour contenir la demande.<\/strong><\/p>\n<p>De plus, les \u00e9carts entre enseignes accentuent l\u2019effet pervers. Certains supermarch\u00e9s ont r\u00e9duit drastiquement leur recours aux sacs en <a href=\"https:\/\/www.economiematin.fr\/accord-pollution-plastique-geneve-echec-environnement\" target=\"_blank\" rel=\"noopener nofollow\" data-wpel-link=\"internal\">plastique<\/a>, tandis que d\u2019autres, \u00e0 l\u2019image d\u2019Ocado, concentrent d\u00e9sormais la majorit\u00e9 du march\u00e9. Cette disparit\u00e9 alimente une nouvelle d\u00e9pendance, qualifi\u00e9e par certains analystes d\u2019\u00ab\u00a0Ocado effect\u00a0\u00bb, selon The Times.<\/p>\n","protected":false},"excerpt":{"rendered":"Les supermarch\u00e9s face \u00e0 la reprise des ventes de sacs en plastique La progression des ventes est nette&hellip;\n","protected":false},"author":2,"featured_media":342994,"comment_status":"","ping_status":"","sticky":false,"template":"","format":"standard","meta":{"footnotes":""},"categories":[1588],"tags":[11,1777,674,12,473,1853,1851,1850,1852],"class_list":{"0":"post-342993","1":"post","2":"type-post","3":"status-publish","4":"format-standard","5":"has-post-thumbnail","7":"category-royaume-uni","8":"tag-actualites","9":"tag-eu","10":"tag-europe","11":"tag-news","12":"tag-royaume-uni","13":"tag-royaume-uni-de-grande-bretagne-et-dirlande-du-nord","14":"tag-uk","15":"tag-united-kingdom","16":"tag-united-kingdom-of-great-britain-and-northern-ireland"},"share_on_mastodon":{"url":"https:\/\/pubeurope.com\/@fr\/115089856601785104","error":""},"_links":{"self":[{"href":"https:\/\/www.europesays.com\/fr\/wp-json\/wp\/v2\/posts\/342993","targetHints":{"allow":["GET"]}}],"collection":[{"href":"https:\/\/www.europesays.com\/fr\/wp-json\/wp\/v2\/posts"}],"about":[{"href":"https:\/\/www.europesays.com\/fr\/wp-json\/wp\/v2\/types\/post"}],"author":[{"embeddable":true,"href":"https:\/\/www.europesays.com\/fr\/wp-json\/wp\/v2\/users\/2"}],"replies":[{"embeddable":true,"href":"https:\/\/www.europesays.com\/fr\/wp-json\/wp\/v2\/comments?post=342993"}],"version-history":[{"count":0,"href":"https:\/\/www.europesays.com\/fr\/wp-json\/wp\/v2\/posts\/342993\/revisions"}],"wp:featuredmedia":[{"embeddable":true,"href":"https:\/\/www.europesays.com\/fr\/wp-json\/wp\/v2\/media\/342994"}],"wp:attachment":[{"href":"https:\/\/www.europesays.com\/fr\/wp-json\/wp\/v2\/media?parent=342993"}],"wp:term":[{"taxonomy":"category","embeddable":true,"href":"https:\/\/www.europesays.com\/fr\/wp-json\/wp\/v2\/categories?post=342993"},{"taxonomy":"post_tag","embeddable":true,"href":"https:\/\/www.europesays.com\/fr\/wp-json\/wp\/v2\/tags?post=342993"}],"curies":[{"name":"wp","href":"https:\/\/api.w.org\/{rel}","templated":true}]}}