{"id":342998,"date":"2025-08-25T14:25:11","date_gmt":"2025-08-25T14:25:11","guid":{"rendered":"https:\/\/www.europesays.com\/fr\/342998\/"},"modified":"2025-08-25T14:25:11","modified_gmt":"2025-08-25T14:25:11","slug":"en-normandie-un-match-de-foot-arrete-par-une-bagarre-au-bord-du-terrain","status":"publish","type":"post","link":"https:\/\/www.europesays.com\/fr\/342998\/","title":{"rendered":"en Normandie, un match de foot arr\u00eat\u00e9 par une bagarre au bord du terrain"},"content":{"rendered":"<p>            Par<br \/>\n        <strong><br \/>\n            <a href=\"https:\/\/actu.fr\/auteur\/aurelien-delavaud\" title=\"Consulter tous les articles de Aur\u00e9lien Delavaud\" target=\"_blank\" rel=\"noopener\">Aur\u00e9lien Delavaud<\/a><br \/>\n        <\/strong><\/p>\n<p>        Publi\u00e9 le<\/p>\n<p>            25 ao\u00fbt 2025 \u00e0 15h12        <\/p>\n<p>Pour la grande f\u00eate du football populaire, on repassera. Le dimanche 24\u00a0ao\u00fbt 2025, le <b>Saint-Aubin FC<\/b>, \u00e9quipe de l\u2019agglo d\u2019<a href=\"https:\/\/actu.fr\/normandie\/elbeuf_76231\" target=\"_blank\" rel=\"noopener\">Elbeuf (Seine-Maritime)<\/a> et pensionnaire de R\u00e9gional 3, se rendait sur la pelouse de l\u2019AS Vesly (Eure), pour le premier tour de la <b>Coupe de France de football<\/b>.<\/p>\n<p class=\" wall-content\">Une rencontre qui n\u2019a pas pu aller jusqu\u2019\u00e0 son terme, \u00e0 cause d\u2019une <b>violente bagarre<\/b>.<\/p>\n<p>Les mots puis les coups<\/p>\n<p class=\" wall-content\">Sur le site de la F\u00e9d\u00e9ration fran\u00e7aise de football, pas de r\u00e9sultat pour cette rencontre. La mention \u00ab\u2009r\u00e9serve\u2009\u00bb indique sobrement que tout ne s\u2019est pas pass\u00e9 normalement. Les deux cartons rouges \u2013 un de chaque c\u00f4t\u00e9 \u2013 mentionn\u00e9s sur la feuille de match n\u2019en disent pas plus.<\/p>\n<p class=\" wall-content\">\u00ab\u2009Il y a eu une grosse bagarre entre supporters au bord du terrain\u2009\u00bb, r\u00e9sume un responsable du club de Saint-Aubin-l\u00e8s-Elbeuf. Une version que confirme Fr\u00e9d\u00e9ric Pigache, le nouveau pr\u00e9sident du club eurois.<\/p>\n<blockquote class=\"ac-article-quote wall-content\">\n<p>On menait 2 \u00e0 1 dans les arr\u00eats de jeu. J\u2019\u00e9tais de l\u2019autre c\u00f4t\u00e9 du terrain, mais d\u2019apr\u00e8s ce qu\u2019on m\u2019a rapport\u00e9, il y a eu des mots entre un supporter de chaque camp. Puis \u00e7a a \u00e9t\u00e9 un engrenage et c\u2019est parti en bagarre.<\/p>\n<p>Fr\u00e9d\u00e9ric Pigache, pr\u00e9sident de l\u2019AS Vesly<\/p><\/blockquote>\n<p class=\" wall-content\">Du c\u00f4t\u00e9 de Saint-Aubin, un t\u00e9moin d\u00e9plore \u00ab\u2009une situation compl\u00e8tement folle\u2009\u00bb et \u00ab\u2009du jamais vu\u2009\u00bb\u2009: \u00ab\u2009Il y a eu des coups tr\u00e8s violents\u2009\u00bb.<\/p>\n<p>Vid\u00e9os : en ce moment sur Actu<\/p>\n<p class=\" wall-content\">D\u2019ailleurs une autre source indique que deux supporters du club seinomarin se sont vus prescrire des jours d\u2019<b>Incapacit\u00e9 totale de travail (ITT)<\/b> apr\u00e8s une consultation \u00e0 l\u2019h\u00f4pital. Les joueurs et le staff, eux, ont quitt\u00e9 le stade sous la surveillance des gendarmes.<\/p>\n<p>Votre r\u00e9gion, votre actu !<\/p>\n<p>Recevez chaque jour les infos qui comptent pour vous.<\/p>\n<p>\t<a href=\"https:\/\/actu.fr\/newsletter\" class=\"ac-btn ac-btn--corner ac-btn--medium ac-btn--blue800\" target=\"_blank\" rel=\"noopener\">S&rsquo;incrire<\/a><\/p>\n<p class=\" wall-content\">\u00ab\u2009C\u2019est une situation vraiment regrettable, car je trouve que tout se passait tr\u00e8s bien sur le terrain\u2026 On est un tout petit club, on ne peut pas tout ma\u00eetriser, surtout quand c\u2019est derri\u00e8re la main courante. Je ne sais pas encore lesquelles, mais on va prendre des mesures\u2009\u00bb, assure le pr\u00e9sident de l\u2019AS Vesly.<\/p>\n<p class=\" wall-content\">Il y a quelques mois, avant sa prise de fonction, des supporters du club avaient d\u00e9j\u00e0 fait parler d\u2019eux pour des <a href=\"https:\/\/actu.fr\/normandie\/gaillon_27275\/dans-leure-le-match-de-football-arrete-une-plainte-pour-insulte-raciste-deposee_62044931.html\" target=\"_blank\" rel=\"noopener\">suspicions d\u2019insultes racistes en plein match<\/a>.<\/p>\n<p>Les deux clubs perdants\u2009?<\/p>\n<p class=\" wall-content\">Sur le plan sportif, la Ligue de football devra trancher pour savoir si elle ent\u00e9rine la qualification du club eurois, qui menait au score au moment de l\u2019arr\u00eat de la rencontre, ou si elle sanctionne l\u2019une des \u00e9quipes en se basant sur le rapport de l\u2019arbitre.<\/p>\n<p class=\" wall-content\">Face \u00e0 des d\u00e9lais tr\u00e8s courts, car le deuxi\u00e8me tour doit se jouer d\u00e8s le dimanche 31\u00a0ao\u00fbt 2025, Fr\u00e9d\u00e9ric Pigache craint pour sa part une d\u00e9cision de \u00ab\u2009match perdu pour les deux \u00e9quipes\u2009\u00bb.<\/p>\n<p class=\" wall-content\">Personnalisez votre actualit\u00e9 en ajoutant vos villes et m\u00e9dias en favori avec <a href=\"https:\/\/moncompte.actu.fr\" title=\"D\u00e9couvez Mon Actu\" rel=\"nofollow noopener\" data-trk=\"{&quot;cta&quot;:{&quot;action&quot;:&quot;https:\\\/\\\/moncompte.actu.fr&quot;,&quot;category&quot;:&quot;mon compte&quot;,&quot;from&quot;:&quot;article footer&quot;,&quot;name&quot;:&quot;Mon actu&quot;,&quot;type&quot;:&quot;cta&quot;}}\" target=\"_blank\">Mon Actu<\/a>.<\/p>\n","protected":false},"excerpt":{"rendered":"Par Aur\u00e9lien Delavaud Publi\u00e9 le 25 ao\u00fbt 2025 \u00e0 15h12 Pour la grande f\u00eate du football populaire, on&hellip;\n","protected":false},"author":2,"featured_media":342999,"comment_status":"","ping_status":"","sticky":false,"template":"","format":"standard","meta":{"footnotes":""},"categories":[1586],"tags":[11,15922,1777,674,1779,118,1011,27,12,25,1778,364],"class_list":{"0":"post-342998","1":"post","2":"type-post","3":"status-publish","4":"format-standard","5":"has-post-thumbnail","7":"category-europe","8":"tag-actualites","9":"tag-coupe-de-france-de-football","10":"tag-eu","11":"tag-europe","12":"tag-european-union","13":"tag-faits-divers","14":"tag-fr","15":"tag-france","16":"tag-news","17":"tag-republique-francaise","18":"tag-ue","19":"tag-union-europeenne"},"share_on_mastodon":{"url":"https:\/\/pubeurope.com\/@fr\/115089868341661338","error":""},"_links":{"self":[{"href":"https:\/\/www.europesays.com\/fr\/wp-json\/wp\/v2\/posts\/342998","targetHints":{"allow":["GET"]}}],"collection":[{"href":"https:\/\/www.europesays.com\/fr\/wp-json\/wp\/v2\/posts"}],"about":[{"href":"https:\/\/www.europesays.com\/fr\/wp-json\/wp\/v2\/types\/post"}],"author":[{"embeddable":true,"href":"https:\/\/www.europesays.com\/fr\/wp-json\/wp\/v2\/users\/2"}],"replies":[{"embeddable":true,"href":"https:\/\/www.europesays.com\/fr\/wp-json\/wp\/v2\/comments?post=342998"}],"version-history":[{"count":0,"href":"https:\/\/www.europesays.com\/fr\/wp-json\/wp\/v2\/posts\/342998\/revisions"}],"wp:featuredmedia":[{"embeddable":true,"href":"https:\/\/www.europesays.com\/fr\/wp-json\/wp\/v2\/media\/342999"}],"wp:attachment":[{"href":"https:\/\/www.europesays.com\/fr\/wp-json\/wp\/v2\/media?parent=342998"}],"wp:term":[{"taxonomy":"category","embeddable":true,"href":"https:\/\/www.europesays.com\/fr\/wp-json\/wp\/v2\/categories?post=342998"},{"taxonomy":"post_tag","embeddable":true,"href":"https:\/\/www.europesays.com\/fr\/wp-json\/wp\/v2\/tags?post=342998"}],"curies":[{"name":"wp","href":"https:\/\/api.w.org\/{rel}","templated":true}]}}