{"id":34300,"date":"2025-04-18T14:47:38","date_gmt":"2025-04-18T14:47:38","guid":{"rendered":"https:\/\/www.europesays.com\/fr\/34300\/"},"modified":"2025-04-18T14:47:38","modified_gmt":"2025-04-18T14:47:38","slug":"lea-francois-recalee-de-plus-belle-la-vie-il-y-a-plusieurs-annees-elle-explique-comment-elle-a-rejoint-le-feuilleton","status":"publish","type":"post","link":"https:\/\/www.europesays.com\/fr\/34300\/","title":{"rendered":"L\u00e9a Fran\u00e7ois recal\u00e9e de Plus belle la vie il y a plusieurs ann\u00e9es, elle explique comment elle a rejoint le feuilleton"},"content":{"rendered":"<p>Elle r\u00eavait d&rsquo;\u00eatre chanteuse ou danseuse. Depuis petite, L\u00e9a Fran\u00e7ois se voyait dans une carri\u00e8re artistique. Invit\u00e9e de Malika M\u00e9nard dans <a href=\"https:\/\/www.youtube.com\/watch?v=u-6ig4ESiw0&amp;ab_channel=SQOOLTV\" target=\"_blank\" rel=\"noopener\">Souvenirs d&rsquo;\u00e9colier sur SQOOL TV<\/a>, l&rsquo;actrice se rappelle de ses fac\u00e9ties de petite fille. \u00ab\u00a0D&rsquo;aussi loin que je me souvienne, j&rsquo;ai toujours saoul\u00e9 mes parents \u00e0 leur faire des spectacles et des chansons \u00e0 la maison\u00a0\u00bb, explique-t-elle. C&rsquo;est en 2008 qu&rsquo;elle a la chance de d\u00e9crocher un r\u00f4le qu&rsquo;elle n&rsquo;a plus jamais l\u00e2ch\u00e9 depuis. <a href=\"https:\/\/www.programme-tv.net\/\/news\/series-tv\/354377-plus-belle-la-vie-barbara-va-t-elle-quitter-le-mistral-et-marseille-lea-francois-repond\/\" target=\"_blank\" rel=\"noopener\">Elle rejoint le casting de Plus belle la vie<\/a>, dans le r\u00f4le de Barbara \u00c9venot et ne quitte plus jamais la s\u00e9rie culte. Pourtant, rien n&rsquo;\u00e9tait jou\u00e9 d&rsquo;avance, comme elle le raconte \u00e0 son interlocutrice, avec humour.<\/p>\n<p>Cette raison pour laquelle L\u00e9a Fran\u00e7ois a \u00e9t\u00e9 refus\u00e9e au casting de Plus belle la vie<\/p>\n<p>\u00ab\u00a0En fait, j\u2019avais pass\u00e9 un premier casting, deux ou trois ans auparavant. \u00c0 l\u2019\u00e9poque, j\u2019\u00e9tais \u00e9tudiante, j\u2019avais pas trop de fric et il fallait se payer son aller-retour \u00e0 Marseille\u00a0\u00bb, se souvient la com\u00e9dienne <a href=\"https:\/\/www.programme-tv.net\/\/news\/series-tv\/308936-lea-francois-le-sexe-de-son-deuxieme-enfant-devoile-lors-dune-baby-shower-en-compagnie-de-deux-autres-actrices-de-plus-belle-la-vie-photos\/\" target=\"_blank\" rel=\"noopener\">et maman de deux petites filles<\/a>. \u00ab\u00a0Et arriv\u00e9e l\u00e0-bas, la nana avait ouvert la porte du bureau de casting et avait dit : &lsquo;Ah non, c\u2019est pas possible. Tu ressembles d\u00e9j\u00e0 beaucoup trop \u00e0 quelqu\u2019un qui est d\u00e9j\u00e0 dans la s\u00e9rie&rsquo;. \u00c0 l&rsquo;\u00e9poque elle m&rsquo;avait dit que je ressemblais \u00e0 Aur\u00e9lie Vaneck. Je ne sais pas si c&rsquo;\u00e9tait la coupe de cheveux que j&rsquo;avais \u00e0 ce moment-l\u00e0\u00a0\u00bb, se souvient-elle. Entre 2004 et 2014 (puis en 2019 et en 2022), la fameuse Aur\u00e9lie Vaneck qui a \u00e9galement fait des apparitions dans Sc\u00e8nes de m\u00e9nages, Camping Paradis et L\u00e9o Matte\u00ef, Brigade des mineurs, interpr\u00e9tait Ninon Chaumette. Un r\u00f4le qui lui a coll\u00e9 \u00e0 la peau, tant et si bien qu&rsquo;<a href=\"https:\/\/www.programme-tv.net\/\/news\/series-tv\/305296-ca-a-ete-tres-dur-aurelie-vaneck-plus-belle-la-vie-se-confie-sur-sa-traversee-du-desert-apres-sa-sortie-de-la-serie-video\/\" target=\"_blank\" rel=\"noopener\">elle a eu du mal \u00e0 rebondir lorsqu&rsquo;elle a quitt\u00e9 la s\u00e9rie<\/a>.<\/p>\n<p>                        Comment L\u00e9a Fran\u00e7ois a \u00e9t\u00e9 prise dans Plus belle la vie<\/p>\n<p>De son c\u00f4t\u00e9, apr\u00e8s n&rsquo;avoir m\u00eame pas eu l&rsquo;opportunit\u00e9 de passer les essais, L\u00e9a Fran\u00e7ois \u00e9tait repartie un peu d\u00e9moralis\u00e9e. \u00ab\u00a0J\u2019avais cass\u00e9 ma tirelire, j\u2019avais fait les trois heures de train retour toute seule en pleurant\u00a0\u00bb. Pourtant, elle ne le savait pas, mais son aventure n&rsquo;allait pas s&rsquo;arr\u00eater l\u00e0. \u00ab\u00a0Quand ils m\u2019ont rappel\u00e9e, deux ans apr\u00e8s, pour passer un casting pour Plus Belle la vie, je me suis dit : &lsquo;Lol'\u00a0\u00bb, confie-t-elle. Elle y va \u00ab\u00a0les mains dans les poches\u00a0\u00bb, sans grande conviction. Elle passe les essais cette fois, et elle est prise pour jouer le r\u00f4le pour laquelle on la conna\u00eet d\u00e9sormais. \u00ab\u00a0Je suis arriv\u00e9e pour trois mois et \u00e7a va faire 17 ans\u00a0\u00bb, s&rsquo;amuse la jeune maman. Aujourd&rsquo;hui, <a href=\"https:\/\/www.programme-tv.net\/\/news\/people\/376972-je-vais-me-calmer-un-petit-peu-lea-francois-sur-comment-elle-gere-son-quotidien-d-actrice-et-de-maman-de-deux-enfants\/\" target=\"_blank\" rel=\"noopener\">elle jongle entre son quotidien de maman et sa vie sur les plateaux de tournage<\/a> et les planches de th\u00e9\u00e2tre. Un \u00e9quilibre qui lui convient tellement qu&rsquo;elle n&rsquo;imagine pas, pour l&rsquo;heure, quitter la grande famille de Plus belle la vie. Elle admet que lorsqu&rsquo;elle feuillette son sc\u00e9nario toutes les semaines, c&rsquo;est une bonne surprise renouvel\u00e9e. \u00ab\u00a0Je suis encore comme une gamine \u00e0 d\u00e9couvrir les textes. \u00c7a m\u2019amuse vraiment\u00a0\u00bb. Et si, dans le futur, elle venait \u00e0 partir, elle se dit qu&rsquo;elle aura bien profit\u00e9, \u00e0 fond, de cette p\u00e9riode riche de sa carri\u00e8re.<\/p>\n","protected":false},"excerpt":{"rendered":"Elle r\u00eavait d&rsquo;\u00eatre chanteuse ou danseuse. Depuis petite, L\u00e9a Fran\u00e7ois se voyait dans une carri\u00e8re artistique. Invit\u00e9e de&hellip;\n","protected":false},"author":2,"featured_media":34301,"comment_status":"","ping_status":"","sticky":false,"template":"","format":"standard","meta":{"footnotes":""},"categories":[1356],"tags":[244,58,59,1011,27,11235,1368,252,1364],"class_list":{"0":"post-34300","1":"post","2":"type-post","3":"status-publish","4":"format-standard","5":"has-post-thumbnail","7":"category-television","8":"tag-commentaire","9":"tag-divertissement","10":"tag-entertainment","11":"tag-fr","12":"tag-france","13":"tag-lu00e9a-franu00e7ois","14":"tag-plus-belle-la-vie","15":"tag-television","16":"tag-tv"},"share_on_mastodon":{"url":"https:\/\/pubeurope.com\/@fr\/114359516748491509","error":""},"_links":{"self":[{"href":"https:\/\/www.europesays.com\/fr\/wp-json\/wp\/v2\/posts\/34300","targetHints":{"allow":["GET"]}}],"collection":[{"href":"https:\/\/www.europesays.com\/fr\/wp-json\/wp\/v2\/posts"}],"about":[{"href":"https:\/\/www.europesays.com\/fr\/wp-json\/wp\/v2\/types\/post"}],"author":[{"embeddable":true,"href":"https:\/\/www.europesays.com\/fr\/wp-json\/wp\/v2\/users\/2"}],"replies":[{"embeddable":true,"href":"https:\/\/www.europesays.com\/fr\/wp-json\/wp\/v2\/comments?post=34300"}],"version-history":[{"count":0,"href":"https:\/\/www.europesays.com\/fr\/wp-json\/wp\/v2\/posts\/34300\/revisions"}],"wp:featuredmedia":[{"embeddable":true,"href":"https:\/\/www.europesays.com\/fr\/wp-json\/wp\/v2\/media\/34301"}],"wp:attachment":[{"href":"https:\/\/www.europesays.com\/fr\/wp-json\/wp\/v2\/media?parent=34300"}],"wp:term":[{"taxonomy":"category","embeddable":true,"href":"https:\/\/www.europesays.com\/fr\/wp-json\/wp\/v2\/categories?post=34300"},{"taxonomy":"post_tag","embeddable":true,"href":"https:\/\/www.europesays.com\/fr\/wp-json\/wp\/v2\/tags?post=34300"}],"curies":[{"name":"wp","href":"https:\/\/api.w.org\/{rel}","templated":true}]}}