{"id":343006,"date":"2025-08-25T14:29:26","date_gmt":"2025-08-25T14:29:26","guid":{"rendered":"https:\/\/www.europesays.com\/fr\/343006\/"},"modified":"2025-08-25T14:29:26","modified_gmt":"2025-08-25T14:29:26","slug":"classement-mondial-tommy-fleetwood-sinstalle-a-la-6e-place-une-premiere-pour-langlais","status":"publish","type":"post","link":"https:\/\/www.europesays.com\/fr\/343006\/","title":{"rendered":"Classement mondial : Tommy Fleetwood s&rsquo;installe \u00e0 la 6e place. Une premi\u00e8re pour l&rsquo;Anglais !"},"content":{"rendered":"<p>\t\t\t\t\t\t<img width=\"770\" height=\"570\" src=\"https:\/\/www.europesays.com\/fr\/wp-content\/uploads\/2025\/06\/afp__20250621__2221371940__v1__midres__travelerschampionship2025roundthree-770x570.jpg\" class=\"img-responsive wp-post-image\" alt=\"Photo by Andrew Redington \/ GETTY IMAGES NORTH AMERICA \/ Getty Images via AFP\" decoding=\"async\" fetchpriority=\"high\"  \/>\t\t\t\t\t<\/p>\n<p>\t\t\t\t\t\t Partager cet article <\/p>\n<p class=\"screen-reader-text juiz_sps_maybe_hidden_text\">Partager la publication \u00ab\u00a0Classement mondial : Tommy Fleetwood s\u2019installe \u00e0 la 6e place. Une premi\u00e8re pour l\u2019Anglais !\u00a0\u00bb<\/p>\n<p><strong>Vainqueur du Tour Championship et donc de la FedEx Cup 2025, Tommy Fleetwood progresse au sein du top 10 mondial. L\u2019Anglais occupe maintenant la 6e place (+4). Son meilleur classement jusque-l\u00e0 \u00e9tait une 9e place obtenu le 16 mars dernier. En remportant le British Masters sur le DP World Tour, le Su\u00e9dois Alex Noren effectue de son c\u00f4t\u00e9 une belle culbute, frappant aux portes du top 30 (31e, +28). C\u00f4t\u00e9 Fran\u00e7ais, Victor Perez m\u00e8ne toujours la \u00ab\u00a0danse\u00a0\u00bb \u00e0 la 112e place (-2).\u00a0<\/strong><\/p>\n<p>\t\t\t\t<img loading=\"lazy\" decoding=\"async\" src=\"data:image\/svg+xml,%3Csvg%20xmlns=\" http:=\"\" attributionsrc=\"\" border=\"0\" height=\"1\" width=\"1\" alt=\"Advertisement\" data-lazy-src=\"https:\/\/www.europesays.com\/fr\/wp-content\/uploads\/2025\/07\/B33047934.424844132;dc_trk_aid=615928068;dc_trk_cid=236605808;ord=[timestamp];dc_lat=;dc_rdid=;tag_f.gif\"\/><\/p>\n<p>\t\t\t\t\t<a id=\"179415\" href=\"https:\/\/ad.doubleclick.net\/ddm\/trackclk\/N1153799.3770024GOLFPLANATE\/B33047934.424844132;dc_trk_aid=615928068;dc_trk_cid=236605808;dc_lat=;dc_rdid=;tag_for_child_directed_treatment=;tfua=;gdpr=${GDPR};gdpr_consent=${GDPR_CONSENT_755};ltd=;dc_tdv=1\" target=\"_blank\" rel=\"sponsorised nofollow noopener\"><img decoding=\"async\" src=\"data:image\/svg+xml,%3Csvg%20xmlns=\" http:=\"\" class=\"img-responsive\" alt=\"\" data-lazy-src=\"https:\/\/www.europesays.com\/fr\/wp-content\/uploads\/2025\/07\/callaway-e01-apex-v1-770x385-1.jpg\"\/><\/a><\/p>\n<p><strong>L.V.<\/strong><\/p>\n<p>Dans le top 20 mondial depuis le 13 ao\u00fbt 2023, <strong>Tommy Fleetwood<\/strong> s\u2019installe un peu plus dans le top 10 mondial apr\u00e8s sa victoire \u00ab\u00a0historique\u00a0\u00bb au <strong>Tour Championship<\/strong>,<a href=\"https:\/\/www.golfplanete.com\/actualites\/fedex-cup-premiere-victoire-sur-le-pga-tour-pour-tommy-fleetwood-et-quelle-victoire\/\" target=\"_blank\" rel=\"noopener nofollow\"> la premi\u00e8re sur le PGA Tour<\/a>. Le natif de Southport accroche ainsi la 6e place (+4) et fait du m\u00eame coup reculer plusieurs joueurs dont l\u2019Am\u00e9ricain <strong>J.J. Spaun<\/strong> (7e, -1). M\u00eame \u00ab\u00a0punition\u00a0\u00bb pour <strong>Collin Morikawa<\/strong> (8e, -1), <strong>Robert MacIntyre<\/strong> (9e, -1) et <strong>Harris English<\/strong> (10e, -1). Cette 6e place constitue au passage son meilleur classement depuis son arriv\u00e9e chez les professionnels en 2010. Il faut ajouter que le septuple vainqueur sur le <strong>DP World Tour<\/strong> n\u2019a plus \u00e9t\u00e9 \u00e9ject\u00e9 du top 50 mondial depuis le 5 mars\u2026 2017 !\u00a0<\/p>\n<p>\t\t\t\t\t<a id=\"181417\" href=\"https:\/\/cabotbordeaux.com\/fr\/booking\/training-golf\" target=\"_blank\" rel=\"sponsorised nofollow noopener\"><img decoding=\"async\" src=\"data:image\/svg+xml,%3Csvg%20xmlns=\" http:=\"\" class=\"img-responsive\" alt=\"\" data-lazy-src=\"https:\/\/www.europesays.com\/fr\/wp-content\/uploads\/2025\/08\/cabot-e04-stage-septembre-1170x275-1.gif\"\/><\/a><\/p>\n<p><img loading=\"lazy\" decoding=\"async\" class=\"wp-image-183387 size-large aligncenter\" src=\"data:image\/svg+xml,%3Csvg%20xmlns=\" http:=\"\" alt=\"\" width=\"770\" height=\"458\" data-lazy- data-lazy- data-lazy-src=\"https:\/\/www.europesays.com\/fr\/wp-content\/uploads\/2025\/08\/captureclassmond1-1-770x458.jpg\"\/><\/p>\n<p><img loading=\"lazy\" decoding=\"async\" class=\"wp-image-183388 size-large aligncenter\" src=\"data:image\/svg+xml,%3Csvg%20xmlns=\" http:=\"\" alt=\"\" width=\"770\" height=\"451\" data-lazy- data-lazy- data-lazy-src=\"https:\/\/www.europesays.com\/fr\/wp-content\/uploads\/2025\/08\/captureclassmond2-1-770x451.jpg\"\/><\/p>\n<p>\t\t\t\t\t<a id=\"172238\" href=\"https:\/\/www.proambiarritz.com\/\" target=\"_blank\" rel=\"sponsorised nofollow noopener\"><img decoding=\"async\" src=\"data:image\/svg+xml,%3Csvg%20xmlns=\" http:=\"\" class=\"img-responsive\" alt=\"\" data-lazy-src=\"https:\/\/www.europesays.com\/fr\/wp-content\/uploads\/2025\/05\/golffirst_e03-proam-biarritz-1170x275-1.gif\"\/><\/a><\/p>\n<p>Alex Noren est l\u2019autre grand b\u00e9n\u00e9ficiaire de <a href=\"https:\/\/www.owgr.com\/current-world-ranking\" target=\"_blank\" rel=\"noopener nofollow\">ce nouveau classement r\u00e9actualis\u00e9 au 24 ao\u00fbt 2025<\/a>. <a href=\"https:\/\/www.golfplanete.com\/actualites\/2-611-jours-plus-tard-alex-noren-renoue-avec-la-victoire-et-place-luke-donald-dans-lembarras\/\" target=\"_blank\" rel=\"noopener nofollow\">Laur\u00e9at du British Masters sur le Tour europ\u00e9en<\/a>, le Su\u00e9dois de 43 ans avance de 28 rangs pour pointer en 31e position. Il devance d\u00e9sormais <strong>Matthew Fitzpatrick<\/strong> (34e, +1), le grand perdant de cette premi\u00e8re \u00e9tape du Back9.\u00a0<\/p>\n<p><strong>Rasmus<\/strong> et <strong>Nicolai H\u00f8jgaard<\/strong> ainsi que <strong>Marco Penge<\/strong>, tous concern\u00e9s par une \u00ab\u00a0qualification\u00a0\u00bb en <strong>Ryder Cup<\/strong> \u00e0 <strong>Bethpage Black<\/strong> fin septembre, progressent eux aussi. Le premier cit\u00e9 apparait \u00e0 la 64e place (+4) tandis que son fr\u00e8re est un peu plus loin (81e, +9). Penge, lui, s\u2019est intercal\u00e9 entre les jumeaux danois (65e, +8). Grand perdant de ce tournoi \u00e0 Birmingham, <strong>Matt Wallace<\/strong> perd du terrain (86e, -2).\u00a0<\/p>\n<p>\t\t\t\t\t<a id=\"183294\" href=\"https:\/\/golfplus.fr\/kit-1-2-serie-graphite-p4785.html\" target=\"_blank\" rel=\"sponsorised nofollow noopener\"><img decoding=\"async\" src=\"data:image\/svg+xml,%3Csvg%20xmlns=\" http:=\"\" class=\"img-responsive\" alt=\"\" data-lazy-src=\"https:\/\/www.europesays.com\/fr\/wp-content\/uploads\/2025\/08\/golfplus-e22-kits-greens-1170x275-1.jpg\"\/><\/a><\/p>\n<p><img loading=\"lazy\" decoding=\"async\" class=\"wp-image-183389 size-large aligncenter\" src=\"data:image\/svg+xml,%3Csvg%20xmlns=\" http:=\"\" alt=\"\" width=\"770\" height=\"491\" data-lazy- data-lazy- data-lazy-src=\"https:\/\/www.europesays.com\/fr\/wp-content\/uploads\/2025\/08\/captureclassmondfrench1-1-770x491.jpg\"\/><\/p>\n<p><img loading=\"lazy\" decoding=\"async\" class=\"wp-image-183390 size-large aligncenter\" src=\"data:image\/svg+xml,%3Csvg%20xmlns=\" http:=\"\" alt=\"\" width=\"770\" height=\"534\" data-lazy- data-lazy- data-lazy-src=\"https:\/\/www.europesays.com\/fr\/wp-content\/uploads\/2025\/08\/captureclassmondfrench2-1-770x534.jpg\"\/><\/p>\n<p>\t\t\t\t\t<a id=\"180462\" href=\"https:\/\/www.makilas-golftour.com\/sejour\/makilas-agadir-2023-2-2\/\" target=\"_blank\" rel=\"sponsorised nofollow noopener\"><img decoding=\"async\" src=\"data:image\/svg+xml,%3Csvg%20xmlns=\" http:=\"\" class=\"img-responsive\" alt=\"\" data-lazy-src=\"https:\/\/www.europesays.com\/fr\/wp-content\/uploads\/2025\/07\/challengeorganisation-e01-rencontres-agadir-1170x275-1.jpeg\"\/><\/a><\/p>\n<p>Toujours au repos avant de reprendre la comp\u00e9tition le 11 septembre au <strong>Procore Championship<\/strong>, premier tournoi du <strong>FedEx Cup Fall<\/strong>, <strong>Victor Perez<\/strong> reflue \u00e0 la 112e place (-2) devant <strong>Matthieu Pavon<\/strong> (119e, -2), <strong>Martin Couvra<\/strong> (134e, -2) et <strong>Adrien Saddier<\/strong> (134e, +4). <strong>Romain Langasque<\/strong>, <strong>Antoine Rozner<\/strong> et surtout <strong>Julien Guerrier<\/strong>, 8e au British Masters, font en revanche machine avant, respectivement aux 151e (+6), 153e (+1) et 182e (+17) places !\u00a0<\/p>\n<p>\t\t\t\t\t<a id=\"182585\" href=\"https:\/\/www.golfcapdagde.com\/\" target=\"_blank\" rel=\"sponsorised nofollow noopener\"><img decoding=\"async\" src=\"https:\/\/www.europesays.com\/fr\/wp-content\/uploads\/2025\/06\/capdagdegolf-e01-experience-golf-1170x275-1.gif\" class=\"img-responsive\" alt=\"\"\/><\/a><\/p>\n<p>Photo : Andrew Redington \/ GETTY IMAGES NORTH AMERICA \/ Getty Images via AFP<\/p>\n","protected":false},"excerpt":{"rendered":"Partager cet article Partager la publication \u00ab\u00a0Classement mondial : Tommy Fleetwood s\u2019installe \u00e0 la 6e place. Une premi\u00e8re&hellip;\n","protected":false},"author":2,"featured_media":195462,"comment_status":"","ping_status":"","sticky":false,"template":"","format":"standard","meta":{"footnotes":""},"categories":[1418],"tags":[1011,27,1472,60],"class_list":{"0":"post-343006","1":"post","2":"type-post","3":"status-publish","4":"format-standard","5":"has-post-thumbnail","7":"category-golf","8":"tag-fr","9":"tag-france","10":"tag-golf","11":"tag-sports"},"share_on_mastodon":{"url":"https:\/\/pubeurope.com\/@fr\/115089884037969961","error":""},"_links":{"self":[{"href":"https:\/\/www.europesays.com\/fr\/wp-json\/wp\/v2\/posts\/343006","targetHints":{"allow":["GET"]}}],"collection":[{"href":"https:\/\/www.europesays.com\/fr\/wp-json\/wp\/v2\/posts"}],"about":[{"href":"https:\/\/www.europesays.com\/fr\/wp-json\/wp\/v2\/types\/post"}],"author":[{"embeddable":true,"href":"https:\/\/www.europesays.com\/fr\/wp-json\/wp\/v2\/users\/2"}],"replies":[{"embeddable":true,"href":"https:\/\/www.europesays.com\/fr\/wp-json\/wp\/v2\/comments?post=343006"}],"version-history":[{"count":0,"href":"https:\/\/www.europesays.com\/fr\/wp-json\/wp\/v2\/posts\/343006\/revisions"}],"wp:featuredmedia":[{"embeddable":true,"href":"https:\/\/www.europesays.com\/fr\/wp-json\/wp\/v2\/media\/195462"}],"wp:attachment":[{"href":"https:\/\/www.europesays.com\/fr\/wp-json\/wp\/v2\/media?parent=343006"}],"wp:term":[{"taxonomy":"category","embeddable":true,"href":"https:\/\/www.europesays.com\/fr\/wp-json\/wp\/v2\/categories?post=343006"},{"taxonomy":"post_tag","embeddable":true,"href":"https:\/\/www.europesays.com\/fr\/wp-json\/wp\/v2\/tags?post=343006"}],"curies":[{"name":"wp","href":"https:\/\/api.w.org\/{rel}","templated":true}]}}