{"id":343011,"date":"2025-08-25T14:33:14","date_gmt":"2025-08-25T14:33:14","guid":{"rendered":"https:\/\/www.europesays.com\/fr\/343011\/"},"modified":"2025-08-25T14:33:14","modified_gmt":"2025-08-25T14:33:14","slug":"basket-la-commission-de-controle-valide-lengagement-des-clubs-bretons-en-elite-2-nm1-et-nm2","status":"publish","type":"post","link":"https:\/\/www.europesays.com\/fr\/343011\/","title":{"rendered":"Basket\u00a0: la commission de contr\u00f4le valide l\u2019engagement des clubs bretons en \u00c9lite 2, NM1 et NM2"},"content":{"rendered":"<p>Carton plein pour les clubs bretons ! Apr\u00e8s les communications des 26 mai et 16 juin 2025, la Commission de Contr\u00f4le de Gestion FFBB a statu\u00e9 sur les dossiers mis en d\u00e9lib\u00e9r\u00e9. Des mesures qui concernaient quatre formations bretonnes. Promus sportivement en \u00c9lite 2 (ex-Pro B), les B\u00e9liers de Kemper ont obtenu l\u2019avis favorable de la CCG pour \u00e9voluer dans l\u2019antichambre du basket fran\u00e7ais, apr\u00e8s avoir vu <a href=\"https:\/\/www.letelegramme.fr\/sports\/basket\/pro-b-budget-valide-pour-les-beliers-de-kemper-6835071.php\" target=\"_blank\" rel=\"noopener\">leur budget valid\u00e9<\/a> par la Ligue.<\/p>\n<p>Feu vert pour Lorient et Rennes, l\u2019ASVEL f\u00e9minin r\u00e9trograd\u00e9e<\/p>\n<p>En NM1, le CEP Lorient et l\u2019Union Rennes Basket repr\u00e9senteront la Bretagne alors que la commission a valid\u00e9 l\u2019engagement du pays de Foug\u00e8res en NM2. Chez les femmes, la CCG n\u2019a pas communiqu\u00e9 sur la situation de Landerneau mais a act\u00e9 la rel\u00e9gation en r\u00e9gionale de l\u2019ASVEL, 7e la saison derni\u00e8re et championne de France en 2019 et 2023. Le club rhodanien peut contester cette d\u00e9cision devant la Chambre d\u2019Appel FFBB dans les 10 jours ouvrables.<\/p>\n","protected":false},"excerpt":{"rendered":"Carton plein pour les clubs bretons ! Apr\u00e8s les communications des 26 mai et 16 juin 2025, la&hellip;\n","protected":false},"author":2,"featured_media":343012,"comment_status":"","ping_status":"","sticky":false,"template":"","format":"standard","meta":{"footnotes":""},"categories":[1414],"tags":[1465,1791,1464,26419,47906,3166,1011,27,1781,3319,60,47907],"class_list":{"0":"post-343011","1":"post","2":"type-post","3":"status-publish","4":"format-standard","5":"has-post-thumbnail","7":"category-basket","8":"tag-basket","9":"tag-basket-ball","10":"tag-basketball","11":"tag-beliers-de-kemper","12":"tag-cep-lorient-basket","13":"tag-en-continu-sports","14":"tag-fr","15":"tag-france","16":"tag-lorient","17":"tag-quimper","18":"tag-sports","19":"tag-ujap-quimper"},"share_on_mastodon":{"url":"https:\/\/pubeurope.com\/@fr\/115089899706989128","error":""},"_links":{"self":[{"href":"https:\/\/www.europesays.com\/fr\/wp-json\/wp\/v2\/posts\/343011","targetHints":{"allow":["GET"]}}],"collection":[{"href":"https:\/\/www.europesays.com\/fr\/wp-json\/wp\/v2\/posts"}],"about":[{"href":"https:\/\/www.europesays.com\/fr\/wp-json\/wp\/v2\/types\/post"}],"author":[{"embeddable":true,"href":"https:\/\/www.europesays.com\/fr\/wp-json\/wp\/v2\/users\/2"}],"replies":[{"embeddable":true,"href":"https:\/\/www.europesays.com\/fr\/wp-json\/wp\/v2\/comments?post=343011"}],"version-history":[{"count":0,"href":"https:\/\/www.europesays.com\/fr\/wp-json\/wp\/v2\/posts\/343011\/revisions"}],"wp:featuredmedia":[{"embeddable":true,"href":"https:\/\/www.europesays.com\/fr\/wp-json\/wp\/v2\/media\/343012"}],"wp:attachment":[{"href":"https:\/\/www.europesays.com\/fr\/wp-json\/wp\/v2\/media?parent=343011"}],"wp:term":[{"taxonomy":"category","embeddable":true,"href":"https:\/\/www.europesays.com\/fr\/wp-json\/wp\/v2\/categories?post=343011"},{"taxonomy":"post_tag","embeddable":true,"href":"https:\/\/www.europesays.com\/fr\/wp-json\/wp\/v2\/tags?post=343011"}],"curies":[{"name":"wp","href":"https:\/\/api.w.org\/{rel}","templated":true}]}}