{"id":343017,"date":"2025-08-25T14:36:10","date_gmt":"2025-08-25T14:36:10","guid":{"rendered":"https:\/\/www.europesays.com\/fr\/343017\/"},"modified":"2025-08-25T14:36:10","modified_gmt":"2025-08-25T14:36:10","slug":"vol-de-velos-abandon-dun-coureur-la-sale-journee-des-visma-sur-la-vuelta-au-lendemain-du-succes-de-vingegaard","status":"publish","type":"post","link":"https:\/\/www.europesays.com\/fr\/343017\/","title":{"rendered":"Vol de v\u00e9los, abandon d\u2019un coureur\u00a0: la sale journ\u00e9e des Visma sur la Vuelta au lendemain du succ\u00e8s de Vingegaard"},"content":{"rendered":"<p>\n                                                                La formation n\u00e9erlandaise a annonc\u00e9 ce lundi 25\u00a0ao\u00fbt avoir \u00e9t\u00e9 victime d\u2019un vol de plusieurs v\u00e9los et a d\u00e9plor\u00e9 le forfait de son coureur fran\u00e7ais, touch\u00e9 \u00e0 une \u00e9paule, avant le d\u00e9part de la 3e \u00e9tape du Tour d\u2019Espagne.\n                            <\/p>\n<p>L\u2019\u00e9quipe Visma-Lease a bike a annonc\u00e9 lundi le vol de plusieurs de ses v\u00e9los au lendemain de la victoire de Jonas Vingegaard qui s\u2019est empar\u00e9 du maillot rouge, et de la chute d\u2019Axel Zingle, contraint \u00e0 l\u2019abandon.<\/p>\n<p>\u00ab\u00a0Cette nuit, le camion de nos m\u00e9caniciens a \u00e9t\u00e9 cambriol\u00e9 et plusieurs v\u00e9los ont \u00e9t\u00e9 vol\u00e9s\u00a0\u00bb, a expliqu\u00e9 l\u2019\u00e9quipe n\u00e9erlandaise sur ses r\u00e9seaux sociaux.<\/p>\n<blockquote data-class=\"twitter-tweet\">\n<p lang=\"en\" dir=\"ltr\">\\ud83c\\uddea\\ud83c\\uddf8 <a href=\"https:\/\/twitter.com\/hashtag\/LaVuelta25?src=hash&amp;ref_src=twsrc%5Etfw\" rel=\"nofollow noopener\" target=\"_blank\">#LaVuelta25<\/a><\/p>\n<p>Last night, our mechanics\u2019 truck was broken into and several bikes were stolen. Our mechanics are working hard to ensure that the team is fully prepared for the third stage. The police have launched an investigation into the incident. <a href=\"https:\/\/t.co\/8RiNvAUAvj\" rel=\"nofollow\">pic.twitter.com\/8RiNvAUAvj<\/a><\/p>\n<p>\u2014 Team Visma | Lease a Bike (@vismaleaseabike) <a href=\"https:\/\/twitter.com\/vismaleaseabike\/status\/1959882560068079773?ref_src=twsrc%5Etfw\" rel=\"nofollow noopener\" target=\"_blank\">August 25, 2025<\/a><\/p><\/blockquote>\n<p>L\u2019incident s\u2019est produit pr\u00e8s de l\u2019h\u00f4tel o\u00f9 l\u2019\u00e9quipe passait la nuit non loin de Turin. La Movistar et la Lidl-Trek \u00e9galement pr\u00e9sentes dans cet h\u00f4tel n\u2019ont subi aucune perte.\u00a0Cet incident rappelle celui v\u00e9cu par l\u2019\u00e9quipe Cofidis\u00a0pendant le Tour de France. La formation fran\u00e7aise\u00a0avait pu remettre la main sur ses v\u00e9los quelques jours plus tard.<\/p>\n<p class=\"std-elt__inline\">\n        <strong>\u00c0 lire aussi :<\/strong><br \/>\n        <a href=\"https:\/\/www.midilibre.fr\/2025\/07\/06\/tour-de-france-ca-commence-mal-lequipe-cofidis-se-fait-voler-11-velos-12809635.php\" rel=\"nofollow noopener\" target=\"_blank\">Tour de France\u00a0: \u00e7a commence mal, l\u2019\u00e9quipe Cofidis se fait voler 11 v\u00e9los<\/a>\n    <\/p>\n<p>Zingle a retrouv\u00e9 son v\u00e9lo mais ne repartira pas<\/p>\n<p>Visma-Lease a bike a \u00e9galement annonc\u00e9 l\u2019abandon du Fran\u00e7ais de 26 ans Axel Zingle, victime d\u2019une chute aux c\u00f4t\u00e9s de Vingegaard dimanche. Si le Danois avait pu repartir, le Haut-Rhinois, qui s\u2019\u00e9tait d\u00e9bo\u00eet\u00e9 l\u2019\u00e9paule, avait termin\u00e9 dernier avec plus de 24 minutes de retard sur son co\u00e9quipier. Apr\u00e8s l\u2019\u00e9tape, le Mulhousien avait affirm\u00e9 se sentir capable de reprendre la route lundi pour la troisi\u00e8me \u00e9tape entre San Maurizio et Ceres (134,6\u00a0km), mais l\u2019\u00e9quipe m\u00e9dicale a estim\u00e9 qu\u2019il n\u2019\u00e9tait pas en \u00e9tat de poursuivre.\u00a0Son premier Grand Tour avec la Visma prend fin pr\u00e9matur\u00e9ment.<\/p>\n<blockquote data-class=\"twitter-tweet\">\n<p lang=\"en\" dir=\"ltr\">\\ud83c\\uddea\\ud83c\\uddf8 <a href=\"https:\/\/twitter.com\/hashtag\/LaVuelta25?src=hash&amp;ref_src=twsrc%5Etfw\" rel=\"nofollow noopener\" target=\"_blank\">#LaVuelta25<\/a><\/p>\n<p>Unfortunately, after yesterday\u2019s crash, our medical team had to decide that Axel Zingle is not fit enough to continue the Vuelta a Espa\u00f1a. His first Grand Tour with the team comes to an early end. <\/p>\n<p>Heal up soon, Axel. \\ud83c\\udf40 <a href=\"https:\/\/t.co\/sQiAulMEju\" rel=\"nofollow\">pic.twitter.com\/sQiAulMEju<\/a><\/p>\n<p>\u2014 Team Visma | Lease a Bike (@vismaleaseabike) <a href=\"https:\/\/twitter.com\/vismaleaseabike\/status\/1959891380794233114?ref_src=twsrc%5Etfw\" rel=\"nofollow noopener\" target=\"_blank\">August 25, 2025<\/a><\/p><\/blockquote>\n<p>Il s\u2019agit du troisi\u00e8me abandon dans ce Tour d\u2019Espagne, apr\u00e8s les forfaits de Guillaume Martin-Guyonnet (Groupama-FDJ) et de Jorge Arcas (Movistar). Zingle avait \u00e9galement expliqu\u00e9 s\u2019\u00eatre fait d\u00e9rober son v\u00e9lo lorsqu\u2019il s\u2019\u00e9tait d\u00e9bo\u00eet\u00e9 une seconde fois l\u2019\u00e9paule. Il avait alors confi\u00e9\u00a0son bien \u00e0 \u00ab\u00a0un mec qui ne parlait pas bien anglais\u00a0\u00bb. Le Fran\u00e7ais a finalement r\u00e9cup\u00e9r\u00e9 sa monture \u00e0 l\u2019arriv\u00e9e. Le v\u00e9lo s\u2019\u00e9tait retrouv\u00e9 dans la voiture-balai a expliqu\u00e9 la Visma, parlant d\u2019un malentendu autour de cette affaire.<\/p>\n<p>                                                                                                                                                                                                        <script async src=\"https:\/\/platform.twitter.com\/widgets.js\" charset=\"utf-8\"><\/script><\/p>\n","protected":false},"excerpt":{"rendered":"La formation n\u00e9erlandaise a annonc\u00e9 ce lundi 25\u00a0ao\u00fbt avoir \u00e9t\u00e9 victime d\u2019un vol de plusieurs v\u00e9los et a&hellip;\n","protected":false},"author":2,"featured_media":343018,"comment_status":"","ping_status":"","sticky":false,"template":"","format":"standard","meta":{"footnotes":""},"categories":[1411],"tags":[1154,207,1011,27,60],"class_list":{"0":"post-343017","1":"post","2":"type-post","3":"status-publish","4":"format-standard","5":"has-post-thumbnail","7":"category-cyclisme","8":"tag-cycling","9":"tag-cyclisme","10":"tag-fr","11":"tag-france","12":"tag-sports"},"share_on_mastodon":{"url":"https:\/\/pubeurope.com\/@fr\/115089911560238610","error":""},"_links":{"self":[{"href":"https:\/\/www.europesays.com\/fr\/wp-json\/wp\/v2\/posts\/343017","targetHints":{"allow":["GET"]}}],"collection":[{"href":"https:\/\/www.europesays.com\/fr\/wp-json\/wp\/v2\/posts"}],"about":[{"href":"https:\/\/www.europesays.com\/fr\/wp-json\/wp\/v2\/types\/post"}],"author":[{"embeddable":true,"href":"https:\/\/www.europesays.com\/fr\/wp-json\/wp\/v2\/users\/2"}],"replies":[{"embeddable":true,"href":"https:\/\/www.europesays.com\/fr\/wp-json\/wp\/v2\/comments?post=343017"}],"version-history":[{"count":0,"href":"https:\/\/www.europesays.com\/fr\/wp-json\/wp\/v2\/posts\/343017\/revisions"}],"wp:featuredmedia":[{"embeddable":true,"href":"https:\/\/www.europesays.com\/fr\/wp-json\/wp\/v2\/media\/343018"}],"wp:attachment":[{"href":"https:\/\/www.europesays.com\/fr\/wp-json\/wp\/v2\/media?parent=343017"}],"wp:term":[{"taxonomy":"category","embeddable":true,"href":"https:\/\/www.europesays.com\/fr\/wp-json\/wp\/v2\/categories?post=343017"},{"taxonomy":"post_tag","embeddable":true,"href":"https:\/\/www.europesays.com\/fr\/wp-json\/wp\/v2\/tags?post=343017"}],"curies":[{"name":"wp","href":"https:\/\/api.w.org\/{rel}","templated":true}]}}