{"id":343019,"date":"2025-08-25T14:37:09","date_gmt":"2025-08-25T14:37:09","guid":{"rendered":"https:\/\/www.europesays.com\/fr\/343019\/"},"modified":"2025-08-25T14:37:09","modified_gmt":"2025-08-25T14:37:09","slug":"asse-75-me-refuses-pour-nguessan-maxifoot","status":"publish","type":"post","link":"https:\/\/www.europesays.com\/fr\/343019\/","title":{"rendered":"ASSE : 7,5 M\u20ac refus\u00e9s pour N&#039;Guessan &#8211; Maxifoot"},"content":{"rendered":"<ol>\n<li><a href=\"https:\/\/news.google.com\/rss\/articles\/CBMihAFBVV95cUxORVJrNjVPbEtoMkRaSVF3bFhkdUlEQzBfT0tUbGRXajJ0T3RvblM5Tk12Q3ZqYm9jSFZNS0RVU0p4R1NsM01YSEx0LVNqaWhFY2NuNkliSmhzd1hQeldkNmZoMUN0b05vb0ZPQzJfejZUckFFcjZDR3hHVnNZM1JGWDBsWEXSAYQBQVVfeXFMTXhqMTZVeEItb2pMOFRGU2sybHBHRFF3N0FpMlh0WVpiNFlaVTZpeFZGbEFmMTdxRUprZk5rRERWMnpjcmxPdlotdVVTWW9rU0Zfc1FJQzlta2laZWNYbWpkX2NpMENVQ3h4LUo2b1o4Nmxackc0cEJjQ3hCRDQzalhoNl9a?oc=5\" target=\"_blank\" rel=\"noopener\">ASSE : 7,5 M\u20ac refus\u00e9s pour N&rsquo;Guessan<\/a>&nbsp;&nbsp;Maxifoot<\/li>\n<li><a href=\"https:\/\/news.google.com\/rss\/articles\/CBMiywFBVV95cUxNbHdkYVItNndDWlVrbGFDT3B1VVhKa2lNWjE3a3pUYUVZUlRMZWNxdkdabnVZcW9yTTB0eVVNR0ZvY29pcjcxcUxnRk9PSW9INWdPTnRINFhZOGktWFNpRmdRYWlwMFN0N0ZiakFmQThZNzFNbVRHOVZWak1IRkVSSllsMXpTU0E3VVBvNXpXd0NTT19zaTZQYk9tV25EdkozMUphUDcxNF9mWEoxZWJBOVZpaVJRc3ViTEQ5T3BkTnNMRlEwbzg0RFo5Zw?oc=5\" target=\"_blank\" rel=\"noopener\">Mercato : Saint-\u00c9tienne bloque Djylian N&rsquo;Guessan malgr\u00e9 une offre de 7,5 M\u20ac<\/a>&nbsp;&nbsp;L&rsquo;\u00c9quipe<\/li>\n<li><a href=\"https:\/\/news.google.com\/rss\/articles\/CBMiqwFBVV95cUxONURHMkpmOE5zWmd3cmtGNHNfaDdCemlnRkE4ZHBUdlRqVzBzQ1FORHY4Z2xlOEFib3A2a1ItWDhjbkpJOGZ4enJPb0F1Y0ZKcnR3cjNWT2FzNFowallXOWt5TENzUUJDMUR3OHI1QjhheWYydWtQOE44RndNeWxKTVBHLVQ5Ulp4TGhDSW1yMEJLeXVqeHVBVlY4OVJnV2M3SHFRbGRIM1FTZGM?oc=5\" target=\"_blank\" rel=\"noopener\">Foot : Saint-Etienne a de grosses offres pour un jeune de 16 ans<\/a>&nbsp;&nbsp;Le Phoc\u00e9en<\/li>\n<li><a href=\"https:\/\/news.google.com\/rss\/articles\/CBMi-AFBVV95cUxOXzZubWhxNHVGZ0JHLUU0OE1hckUyUWwxcVFRRGlKWDdFM0tsZlJhd1EtVjVEQklwNnhSWVRsZ1NpQ0EtS1dBcVVlTWF0ZlkyaGhFNEQyR1lySEJjS2MyZVZkOWkwRXhxU2drbUswYXRLcTFNTVJRQVdFamllLWk2eDBFUlVNZ0tITzM5RUt0Sy0xbTJwTGVFUzhnVXluNUdaeUdQTWR1YTdqVVdicmFnd0xJbS1rM3JDcmFXT2M4VzFKSUt6Z0VBaUNLcGZYQ042bXRIdWR6Qk5tSnM2U1NhdHN5LUtwZG5qcm9odlFFUnZjNXRRbTVqTA?oc=5\" target=\"_blank\" rel=\"noopener\">Mercato &#8211; Une offre pour une jeune p\u00e9pite refus\u00e9e par les dirigeants de l&rsquo;AS Saint-Etienne<\/a>&nbsp;&nbsp;Made in Saint-Etienne<\/li>\n<li><a href=\"https:\/\/news.google.com\/rss\/articles\/CBMimwFBVV95cUxNUnBQVlBJSEdJbURRNHJaQWlrWU1UY2hEY3FKT3I3VlB3NjNEQUxjR0F2V21CU3A4NkJXSUZ1QXRnM3cyaGFqQU56Zm9DYnZvNlgtOFlSeGxjcGt2N3FYeWo4cE5pQWFvd25YLTFHTmlUNlhRdTg5SjBaUlVvNWR0Vkhhcm9uYVlrazU2Y2hNQnU3bnFCSWctNDFSdw?oc=5\" target=\"_blank\" rel=\"noopener\">L&rsquo;ASSE refuse 7,5 ME pour son prodige de 16 ans<\/a>&nbsp;&nbsp;Foot01<\/li>\n<\/ol>\n","protected":false},"excerpt":{"rendered":"ASSE : 7,5 M\u20ac refus\u00e9s pour N&rsquo;Guessan&nbsp;&nbsp;Maxifoot Mercato : Saint-\u00c9tienne bloque Djylian N&rsquo;Guessan malgr\u00e9 une offre de 7,5&hellip;\n","protected":false},"author":2,"featured_media":343020,"comment_status":"","ping_status":"","sticky":false,"template":"","format":"standard","meta":{"footnotes":""},"categories":[1410],"tags":[2266,2262,2261,1981,83,2260,451,2263,462,2269,2257,63,1011,27,2265,1441,453,66,447,2267,955,2268,241,149,70,1817,93,2264,2258,2259,60,969,455],"class_list":{"0":"post-343019","1":"post","2":"type-post","3":"status-publish","4":"format-standard","5":"has-post-thumbnail","7":"category-football","8":"tag-as-monaco","9":"tag-bundesligua","10":"tag-calcio","11":"tag-classement","12":"tag-coupe-de-france","13":"tag-coupe-de-la-ligue","14":"tag-coupe-du-monde","15":"tag-equipe","16":"tag-fc-nantes","17":"tag-fifa","18":"tag-foot","19":"tag-football","20":"tag-fr","21":"tag-france","22":"tag-girondins-bordeaux","23":"tag-joueur","24":"tag-liga","25":"tag-ligue-1","26":"tag-ligue-des-champions","27":"tag-losc","28":"tag-match","29":"tag-ogc-nice","30":"tag-ol","31":"tag-om","32":"tag-premier-league","33":"tag-pronostic","34":"tag-psg","35":"tag-rc-lens","36":"tag-resultat","37":"tag-score","38":"tag-sports","39":"tag-transfert","40":"tag-uefa"},"share_on_mastodon":{"url":"https:\/\/pubeurope.com\/@fr\/115089915705159187","error":""},"_links":{"self":[{"href":"https:\/\/www.europesays.com\/fr\/wp-json\/wp\/v2\/posts\/343019","targetHints":{"allow":["GET"]}}],"collection":[{"href":"https:\/\/www.europesays.com\/fr\/wp-json\/wp\/v2\/posts"}],"about":[{"href":"https:\/\/www.europesays.com\/fr\/wp-json\/wp\/v2\/types\/post"}],"author":[{"embeddable":true,"href":"https:\/\/www.europesays.com\/fr\/wp-json\/wp\/v2\/users\/2"}],"replies":[{"embeddable":true,"href":"https:\/\/www.europesays.com\/fr\/wp-json\/wp\/v2\/comments?post=343019"}],"version-history":[{"count":0,"href":"https:\/\/www.europesays.com\/fr\/wp-json\/wp\/v2\/posts\/343019\/revisions"}],"wp:featuredmedia":[{"embeddable":true,"href":"https:\/\/www.europesays.com\/fr\/wp-json\/wp\/v2\/media\/343020"}],"wp:attachment":[{"href":"https:\/\/www.europesays.com\/fr\/wp-json\/wp\/v2\/media?parent=343019"}],"wp:term":[{"taxonomy":"category","embeddable":true,"href":"https:\/\/www.europesays.com\/fr\/wp-json\/wp\/v2\/categories?post=343019"},{"taxonomy":"post_tag","embeddable":true,"href":"https:\/\/www.europesays.com\/fr\/wp-json\/wp\/v2\/tags?post=343019"}],"curies":[{"name":"wp","href":"https:\/\/api.w.org\/{rel}","templated":true}]}}