{"id":343021,"date":"2025-08-25T14:38:10","date_gmt":"2025-08-25T14:38:10","guid":{"rendered":"https:\/\/www.europesays.com\/fr\/343021\/"},"modified":"2025-08-25T14:38:10","modified_gmt":"2025-08-25T14:38:10","slug":"anthony-delon-furax-a-douchy-il-tacle-une-troupe-delus","status":"publish","type":"post","link":"https:\/\/www.europesays.com\/fr\/343021\/","title":{"rendered":"Anthony Delon furax : \u00e0 Douchy, il tacle une \u00ab\u00a0troupe d&rsquo;\u00e9lus\u00a0\u00bb"},"content":{"rendered":"<p>Comme il l&rsquo;avait souhait\u00e9 dans <a href=\"https:\/\/vsd.fr\/59555-alain-delon-ne-supporte-plus-le-conflit-de-ses-trois-enfants-il-veut-mourir-quon-me-laisse-crever\/\" target=\"_blank\" rel=\"noopener\">ses derni\u00e8res volont\u00e9s<\/a>, <strong>Alain Delon s&rsquo;est \u00e9teint le 18 ao\u00fbt 2024<\/strong>, dans sa maison de Douchy (Loiret). Il avait 88 ans. <\/p>\n<p>Sur place, l&rsquo;\u00e9t\u00e9 dernier, les fans \u00e9taient nombreux \u00e0 d\u00e9poser des fleurs <a href=\"https:\/\/www.public.fr\/diaporamas\/alain-delon-devant-les-grilles-de-douchy-anouchka-apparait-publiquement-pour-la-premiere-fois-depuis-le-deces-de-son-pere\" target=\"_blank\" rel=\"noopener\">devant les grilles de la Br\u00fblerie.<\/a> Ils ont \u00e9galement salu\u00e9 ses enfants, Anthony, Anouchka et Alain-Fabien. Un an plus tard, <strong>aucun des trois n&rsquo;a<\/strong> <strong>assist\u00e9 \u00e0 l&rsquo;hommage<\/strong> rendu \u00e0 l&rsquo;acteur du \u00ab\u00a0Samoura\u00ef\u00a0\u00bb. <\/p>\n<p>Le 18 ao\u00fbt 2025, le conseil municipal n&rsquo;a pas inaugur\u00e9 une rue, une place ou un square au nom de l\u2019acteur. Mais<a href=\"https:\/\/www.public.fr\/alain-delon-a-douchy-un-hommage-lui-est-rendu-a-travers-un-stade-qui-porte-son-nom-ses-enfants-ny-assistent-meme-pas\" target=\"_blank\" rel=\"noopener\"> un stade de foot<\/a>. D&rsquo;apr\u00e8s Paris Match, le maire de Douchy-Montcorbon, Abel Martin, a expliqu\u00e9 qu&rsquo;il ne voulait ennuyer les riverains en rebaptisant une rue. <\/p>\n<p>L&rsquo;hommage, un an apr\u00e8s la mort du Samoura\u00ef<\/p>\n<p>Et, le lien (tir\u00e9 par les cheveux) d&rsquo;<strong>Alain Delon avec le football existe bien<\/strong>, a-t-il ajout\u00e9. En effet, la star de cin\u00e9ma avait offert des maillots aux joueurs de l\u2019\u00e9quipe de Douchy dans les ann\u00e9es 1980. Il avait \u00e9galement assist\u00e9 (comme nombre de Fran\u00e7ais) aux matchs de l\u2019\u00e9quipe de France pendant la Coupe du monde 1998.<\/p>\n<p>Mais ce n&rsquo;est pas pour cela qu&rsquo;<strong>Anthony Delon n&rsquo;a pas fait le d\u00e9placement<\/strong>. Dans une vid\u00e9o partag\u00e9e sur Instagram, on a compris qu&rsquo;il \u00e9tait bien sur place, <a href=\"https:\/\/www.public.fr\/mort-dalain-delon-loubo-est-toujours-a-douchy-cette-photo-postee-par-anthony\" target=\"_blank\" rel=\"noopener\">avec Loubo, le chien ma\u00eetre des lieux<\/a>. Et il a expliqu\u00e9 pourquoi.<\/p>\n<p>L&rsquo;a\u00een\u00e9 a assur\u00e9 : \u00ab\u00a0moi je n&rsquo;y suis pas all\u00e9 (&#8230;) parce que c&rsquo;\u00e9tait interdit au public. Je ne comprends pas que \u00e7a puisse \u00eatre interdit au public\u00a0\u00bb. Et d&rsquo;ajouter : \u00ab\u00a0C&rsquo;est quand m\u00eame le public qui a fait l&rsquo;homme que vous venez honorer aujourd&rsquo;hui et ce n&rsquo;est pas une troupe d&rsquo;\u00e9lus donc voil\u00e0, moi <strong>c&rsquo;est pour cette raison que j&rsquo;ai d\u00e9cid\u00e9 de rester \u00e0 la maison\u00a0\u00bb.<\/strong><\/p>\n<p>Pourquoi Anthony Delon n&rsquo;y \u00e9tait pas ?<\/p>\n<p>Pour finir, l&rsquo;acteur de \u00ab\u00a0La v\u00e9rit\u00e9 si je mens\u00a0\u00bb, a pest\u00e9 : <strong>\u00ab\u00a0<\/strong>C&rsquo;est quand m\u00eame pour vous, le public, pour les familles, les enfants<strong>. Il a donn\u00e9 de l&rsquo;argent \u00e0 ce stade, il a achet\u00e9 des t-shirts.<\/strong> Il y \u00e9tait attach\u00e9, je ne trouvais pas \u00e7a normal que vous n&rsquo;ayez pas le droit d&rsquo;y rentrer\u00a0\u00bb. <\/p>\n<p>En apprenant que le maire a finalement \u00ab\u00a0chang\u00e9 d&rsquo;avis\u00a0\u00bb et ouvert l&rsquo;\u00e9v\u00e8nement, Anthony Delon a par ailleurs estim\u00e9 : \u00ab\u00a0C&rsquo;est bien, c&rsquo;est une bonne nouvelle, je suis bien content\u00a0\u00bb. Et de conclure : \u00ab\u00a0<strong>Je suis content qu&rsquo;ils aient (fans ndlr) pu avoir acc\u00e8s au stade<\/strong>\u00ab\u00a0.<\/p>\n<p>      Mentionn\u00e9s dans cet article<\/p>\n<p>      Sur le m\u00eame sujet<\/p>\n","protected":false},"excerpt":{"rendered":"Comme il l&rsquo;avait souhait\u00e9 dans ses derni\u00e8res volont\u00e9s, Alain Delon s&rsquo;est \u00e9teint le 18 ao\u00fbt 2024, dans sa&hellip;\n","protected":false},"author":2,"featured_media":343022,"comment_status":"","ping_status":"","sticky":false,"template":"","format":"standard","meta":{"footnotes":""},"categories":[1359],"tags":[5960,15944,19718,22608,58,30017,59,1011,27,4879,973],"class_list":{"0":"post-343021","1":"post","2":"type-post","3":"status-publish","4":"format-standard","5":"has-post-thumbnail","7":"category-people","8":"tag-alain-delon","9":"tag-alain-fabien-delon","10":"tag-anouchka-delon","11":"tag-anthony-delon","12":"tag-divertissement","13":"tag-douchy","14":"tag-entertainment","15":"tag-fr","16":"tag-france","17":"tag-hommage","18":"tag-people"},"share_on_mastodon":{"url":"https:\/\/pubeurope.com\/@fr\/115089919394767808","error":""},"_links":{"self":[{"href":"https:\/\/www.europesays.com\/fr\/wp-json\/wp\/v2\/posts\/343021","targetHints":{"allow":["GET"]}}],"collection":[{"href":"https:\/\/www.europesays.com\/fr\/wp-json\/wp\/v2\/posts"}],"about":[{"href":"https:\/\/www.europesays.com\/fr\/wp-json\/wp\/v2\/types\/post"}],"author":[{"embeddable":true,"href":"https:\/\/www.europesays.com\/fr\/wp-json\/wp\/v2\/users\/2"}],"replies":[{"embeddable":true,"href":"https:\/\/www.europesays.com\/fr\/wp-json\/wp\/v2\/comments?post=343021"}],"version-history":[{"count":0,"href":"https:\/\/www.europesays.com\/fr\/wp-json\/wp\/v2\/posts\/343021\/revisions"}],"wp:featuredmedia":[{"embeddable":true,"href":"https:\/\/www.europesays.com\/fr\/wp-json\/wp\/v2\/media\/343022"}],"wp:attachment":[{"href":"https:\/\/www.europesays.com\/fr\/wp-json\/wp\/v2\/media?parent=343021"}],"wp:term":[{"taxonomy":"category","embeddable":true,"href":"https:\/\/www.europesays.com\/fr\/wp-json\/wp\/v2\/categories?post=343021"},{"taxonomy":"post_tag","embeddable":true,"href":"https:\/\/www.europesays.com\/fr\/wp-json\/wp\/v2\/tags?post=343021"}],"curies":[{"name":"wp","href":"https:\/\/api.w.org\/{rel}","templated":true}]}}