{"id":343023,"date":"2025-08-25T14:40:15","date_gmt":"2025-08-25T14:40:15","guid":{"rendered":"https:\/\/www.europesays.com\/fr\/343023\/"},"modified":"2025-08-25T14:40:15","modified_gmt":"2025-08-25T14:40:15","slug":"livres-yvon-wilfride-lewa-let-mandah-publie-son-treizieme-ouvrage","status":"publish","type":"post","link":"https:\/\/www.europesays.com\/fr\/343023\/","title":{"rendered":"Livres : Yvon Wilfride Lewa-Let Mandah publie son treizi\u00e8me ouvrage"},"content":{"rendered":"<p style=\"text-align:justify\"><img decoding=\"async\" alt=\"\" src=\"https:\/\/www.europesays.com\/fr\/wp-content\/uploads\/2025\/08\/yvon_wilfride_lewa-let_mandah_dedicacant_son_ouvrage.jpg\" style=\"float:left; height:208px; margin:5px; width:300px\"\/>Apr\u00e8s avoir publi\u00e9 des recueils de po\u00e8mes, des pi\u00e8ces de th\u00e9\u00e2tre, des essais et des nouvelles, le po\u00e8te, \u00e9crivain, dramaturge et metteur en sc\u00e8ne, Yvon Wilfride Lewa-Let Mandat met \u00e0 la disposition des lecteurs \u00ab\u00a0L\u2019appel au devoir patriotique\u00a0\u00bb, son premier roman de 296 pages. Ecrit dans un genre hybride, l\u2019ouvrage au relent autobiographique est un agencement de plusieurs s\u00e9quences li\u00e9es \u00e0 la vie de l\u2019auteur. Comme une \u00e9pop\u00e9e glorieuse, l\u2019auteur est au centre des faits historiques de son pays,\u00a0le Congo.\u00a0\u00ab\u00a0Dans cet ouvrage, l\u2019auteur aborde des th\u00e9matiques telles la mauvaise gouvernance des Etats africains avec leurs corollaires de vices qui emp\u00eachent ce continent, pourtant berceau de l\u2019humanit\u00e9, \u00e0 prendre son envol vers la modernisation et le d\u00e9veloppement. Il place le curseur sur son propre pays, la R\u00e9publique du Congo, pays b\u00e9ni de Dieu avec des ressources naturelles abondantes et un capital humain, p\u00e9tri de talent et de gigantesques potentialit\u00e9s.\u00a0H\u00e9las, son peuple git dans la pr\u00e9carit\u00e9 et la mis\u00e8re. Quel paradoxe\u00a0! s\u2019exclame l\u2019auteur qui s\u2019\u00e9rige en voix des sans-voix\u00a0\u00bb, a dit Herman Rodrigues Bouiti.\u00a0 Et le critique litt\u00e9raire d\u2019ajouter : \u00ab\u00a0Loin de se borner \u00e0 ne faire qu\u2019un diagnostic de la soci\u00e9t\u00e9 congolaise, il sugg\u00e8re des pistes de solutions. Mieux encore, il s\u2019engage dans l\u2019ar\u00e8ne politique dans la perspective d\u2019acc\u00e9der au pouvoir ex\u00e9cutif pour g\u00e9rer de mani\u00e8re saine les affaires de l\u2019Etat en vue\u00a0de l\u2019am\u00e9lioration progressive et exponentielle des conditions de vie des Congolais et Congolaises. Par cons\u00e9quent, Yvon Wilfride Lewa-Let Mandah annonce officiellement par le biais de ce livre son intention de candidater \u00e0 la prochaine \u00e9lection pr\u00e9sidentielle en R\u00e9publique du Congo en mars 2026. Son projet de soci\u00e9t\u00e9 contenu dans l\u2019ouvrage est La Namentitude, un n\u00e9ologisme qu\u2019il pr\u00e9sente comme l\u2019art du bien-\u00eatre pour tous et du bien faire par tous dans la cit\u00e9. Nament \u00e9tant pour l\u2019auteur la cit\u00e9 id\u00e9ale o\u00f9 il fait bon vivre\u00a0\u00bb.<\/p>\n<p style=\"text-align:justify\">Par cet engagement, il\u00a0voudrait\u00a0que nous revenions \u00e0 la vraie politique, la gestion saine de la cit\u00e9 avec parcimonie, avec sens de responsabilit\u00e9. En tant que voix des sans-voix, Yvon Wilfride Lewat-Let Mandah\u00a0pr\u00f4ne la bonne gouvernance, la gestion saine des ressources naturelles, le retour \u00e0 la m\u00e9ritocratie. Nous avons, a-t-il dit,\u00a0 les moyens de notre politique et de nos ambitions. \u00ab\u00a0Nous demandons au peuple de nous rejoindre pour g\u00e9rer la cit\u00e9 ensemble\u00a0\u00bb, a-t-il lanc\u00e9.<\/p>\n<p style=\"text-align:justify\">Pour lui, son passage de l\u2019art en tant que po\u00e8te \u00e0 la politique, et son entr\u00e9e en politique en tant que serviteur de Dieu n\u2019est que\u00a0la concr\u00e9tisation de ses \u00e9crits en actes, \u00e9tant donn\u00e9\u00a0 qu\u2019il a toujours d\u00e9nonc\u00e9 \u00e0 travers ses ouvrages ou ses prises de parole les d\u00e9viances qui gangr\u00e8nent notre soci\u00e9t\u00e9 et retardent\u00a0le d\u00e9veloppement du pays, citant l\u2019exemple du po\u00e8te L\u00e9opold S\u00e9dar Senghor, un de ses mod\u00e8les qui dirigea avec brio le S\u00e9n\u00e9gal et aussi David ou Moise dans les Saintes \u00e9critures qui conduisirent brillamment le destin de leur peuple.<\/p>\n<p style=\"text-align:justify\">Yvon Wilfride Lewa-Let Mandah parcourt l\u2019Afrique et le reste de la plan\u00e8te repr\u00e9sentant son pays \u00e0 des Congr\u00e8s mondiaux et autres \u00e9v\u00e8nements culturels en tant que pr\u00e9sident national du Centre de la R\u00e9publique du Congo de l\u2019Institut international de th\u00e9\u00e2tre (IIT), une organisation affili\u00e9e \u00e0 l&rsquo;Unesco. Depuis pr\u00e8s de 30 ans, il m\u00e8ne une carri\u00e8re de po\u00e8te, \u00e9crivain, et metteur en sc\u00e8ne. Manager de logistique du personnel, il a longtemps mis son expertise sur les sites et barges p\u00e9troliers On\u00a0\/Offshore, comme agent des soci\u00e9t\u00e9s et entreprises Getma Congo, Necotrans et Congo Energy Service du Groupe Navitrans. Interpr\u00e8te et traducteur bilingue \u00e9m\u00e9rite, il enseigne les langues fran\u00e7aise et anglaise. Il est aussi expert en communication, m\u00e9diation et pr\u00e9vention et r\u00e9solution des conflits apr\u00e8s sa formation dans ce domaine \u00e0 l\u2019\u00e9cole de la Paix de Grenoble (France).<\/p>\n<p style=\"text-align:justify\">Ancien leader du Cercle biblique \u00e9vang\u00e9lique (CBE) de l\u2019Eglise \u00e9vang\u00e9lique du Congo (EEC) \u00e0 Pointe-Noire, il est aussi diacre \u00e0 l\u2019EEC.\u00a0 Responsable de l\u2019Action \u00e9vang\u00e9lique pour la paix (AEP), Yvon Wilfride Lewat-Let Mandah est dipl\u00f4m\u00e9 de l\u2019Institut de formation aux minist\u00e8res et aux \u0152uvres chr\u00e9tiennes de Paris. Pr\u00e9sident du Centre du r\u00e9veil chr\u00e9tien international, antenne de Pointe-Noire, il y exerce le minist\u00e8re pastoral. Ancien \u00e9tudiant de la facult\u00e9 des sciences de l\u2019Universit\u00e9 Marien-Ngouabi, il est mari\u00e9 et p\u00e8re de famille.<\/p>\n","protected":false},"excerpt":{"rendered":"Apr\u00e8s avoir publi\u00e9 des recueils de po\u00e8mes, des pi\u00e8ces de th\u00e9\u00e2tre, des essais et des nouvelles, le po\u00e8te,&hellip;\n","protected":false},"author":2,"featured_media":343024,"comment_status":"","ping_status":"","sticky":false,"template":"","format":"standard","meta":{"footnotes":""},"categories":[1357],"tags":[1379,58,59,1011,27,1380],"class_list":{"0":"post-343023","1":"post","2":"type-post","3":"status-publish","4":"format-standard","5":"has-post-thumbnail","7":"category-livres","8":"tag-books","9":"tag-divertissement","10":"tag-entertainment","11":"tag-fr","12":"tag-france","13":"tag-livres"},"share_on_mastodon":{"url":"https:\/\/pubeurope.com\/@fr\/115089927339202110","error":""},"_links":{"self":[{"href":"https:\/\/www.europesays.com\/fr\/wp-json\/wp\/v2\/posts\/343023","targetHints":{"allow":["GET"]}}],"collection":[{"href":"https:\/\/www.europesays.com\/fr\/wp-json\/wp\/v2\/posts"}],"about":[{"href":"https:\/\/www.europesays.com\/fr\/wp-json\/wp\/v2\/types\/post"}],"author":[{"embeddable":true,"href":"https:\/\/www.europesays.com\/fr\/wp-json\/wp\/v2\/users\/2"}],"replies":[{"embeddable":true,"href":"https:\/\/www.europesays.com\/fr\/wp-json\/wp\/v2\/comments?post=343023"}],"version-history":[{"count":0,"href":"https:\/\/www.europesays.com\/fr\/wp-json\/wp\/v2\/posts\/343023\/revisions"}],"wp:featuredmedia":[{"embeddable":true,"href":"https:\/\/www.europesays.com\/fr\/wp-json\/wp\/v2\/media\/343024"}],"wp:attachment":[{"href":"https:\/\/www.europesays.com\/fr\/wp-json\/wp\/v2\/media?parent=343023"}],"wp:term":[{"taxonomy":"category","embeddable":true,"href":"https:\/\/www.europesays.com\/fr\/wp-json\/wp\/v2\/categories?post=343023"},{"taxonomy":"post_tag","embeddable":true,"href":"https:\/\/www.europesays.com\/fr\/wp-json\/wp\/v2\/tags?post=343023"}],"curies":[{"name":"wp","href":"https:\/\/api.w.org\/{rel}","templated":true}]}}