{"id":343025,"date":"2025-08-25T14:41:09","date_gmt":"2025-08-25T14:41:09","guid":{"rendered":"https:\/\/www.europesays.com\/fr\/343025\/"},"modified":"2025-08-25T14:41:09","modified_gmt":"2025-08-25T14:41:09","slug":"decouvrez-les-nouveautes-de-la-grille-pour-la-saison-2025-2026","status":"publish","type":"post","link":"https:\/\/www.europesays.com\/fr\/343025\/","title":{"rendered":"d\u00e9couvrez les nouveaut\u00e9s de la grille pour la saison 2025-2026"},"content":{"rendered":"<p>BFMTV fait sa rentr\u00e9e ce lundi 25 ao\u00fbt pour une nouvelle saison. De nouveaux visages et de nouveaux rendez-vous \u00e0 retrouver sur le canal 13.<\/p>\n<p>Pour l&rsquo;info, faites le 13! BFMTV fait sa rentr\u00e9e pour cette saison 2025-2026 ce lundi 25 ao\u00fbt. Pour les t\u00e9l\u00e9spectateurs, c&rsquo;est l&rsquo;occasion de d\u00e9couvrir de nouveaux rendez-vous d&rsquo;information et de talk, avec des visages historiques et de nouveaux venus.<\/p>\n<p>Une grille sublim\u00e9e par un nouvel habillage visuel et sonore clair, pour mettre en lumi\u00e8re l&rsquo;information sous toutes ses coutures. Un emballage \u00e9pur\u00e9 pour d\u00e9crypter et comprendre d&rsquo;un coup d&rsquo;oeil les grands enjeux de l&rsquo;actualit\u00e9.<\/p>\n<p>Les rendez-vous du lundi au jeudi:<\/p>\n<ul class=\"list_unordered\">\n<li>BFM Premi\u00e8re: de 4h30 \u00e0 6 heures, \u00e9mission copr\u00e9sent\u00e9e par <strong>Tanguy de Lanlay et Djena Tsimba<\/strong><\/li>\n<li>BFM Premi\u00e8re: matinale de 6 heures \u00e0 8h30 co-pr\u00e9sent\u00e9e par <strong>Dominique Tenza et Perrine Storme,<\/strong> accompagn\u00e9s des \u00e9ditorialistes et chroniqueurs Arthur Berdah (politique), Emmanuel Lechypre (\u00e9conomie), Alix Dauge (culture).<\/li>\n<li>Face-\u00e0-Face (8h30) &amp; Apolline de 9 \u00e0 10: \u00e9mission pr\u00e9sent\u00e9e par <strong>Apolline de Malherbe<\/strong><\/li>\n<li>Arnaud Direct: l&rsquo;\u00e9mission de <strong>Julien Arnaud,<\/strong> entre 10 heures et 12 heures, accompagn\u00e9 des \u00e9ditorialistes Fran\u00e7ois Cl\u00e9meanceau (international), Guillaume Daret (politique) et Lucie Robequain (\u00e9conomie)<\/li>\n<li>Midi BFM: l&rsquo;\u00e9mission du d\u00e9jeuner pr\u00e9sent\u00e9e par <strong>Christophe Delay et Roselyne Dubois <\/strong>entre midi et 14 heures, accompagn\u00e9s de leurs chroniqueurs comme Rapha\u00ebl Grably (tech) ou Sofian Aklouf (\u00e9conomie)<\/li>\n<li>BFM Non stop: une \u00e9mission pr\u00e9sent\u00e9e par <strong>Pauline Simonet<\/strong> entre 14 heures et 16 heures, accompagn\u00e9e de chroniqueurs et chroniqueuses comme Soazig Qu\u00e9m\u00e9ner, r\u00e9dactrice en cheffe de La Tribune Dimanche.<\/li>\n<li>Marschall Truchot: de 17 heures \u00e0 19 heures, <strong>Alain Marschall et Olivier Truchot<\/strong> co-pr\u00e9sentent l&rsquo;\u00e9mission \u00e9ponyme, notamment accompagn\u00e9s de Charles Consigny qui dialoguera tous les soirs avec un invit\u00e9 (\u00ab\u00a0Sign\u00e9 Consigny\u00a0\u00bb).<\/li>\n<li>60 Minutes Fauvelle: la quotidienne de <strong>Marc Fauvelle<\/strong>, de 19 heures \u00e0 20 heures, accompagn\u00e9 de ses chroniqueurs dont Bruno Jeudi, \u00e9ditorialiste politique<\/li>\n<li>20H BFM: le journal t\u00e9l\u00e9vis\u00e9 du soir, pr\u00e9sent\u00e9 par <strong>Maxime Switek<\/strong>, de 20 heures \u00e0 22 heures<\/li>\n<li>BFM Grand soir: une \u00e9mission de soir\u00e9e pilot\u00e9e par <strong>Julie Hammett <\/strong>jusqu&rsquo;\u00e0 minuit<\/li>\n<\/ul>\n<p>Les rendez-vous du vendredi:<\/p>\n<ul class=\"list_unordered\">\n<li>BFM Premi\u00e8re: de 4h30 \u00e0 6 heures, \u00e9mission copr\u00e9sent\u00e9e par <strong>Tanguy de Lanlay<\/strong> et <strong>Djena Tsimba<\/strong><\/li>\n<li>BFM Premi\u00e8re: \u00e9mission matinale de 6 heures \u00e0 8h30 co-pr\u00e9sent\u00e9e par <strong>Dominique Tenza et Perrine Storme,<\/strong> accompagn\u00e9s des \u00e9ditorialistes et chroniqueurs Arthur Berdah (politique), Emmanuel Lechypre (\u00e9conomie), Alix Dauge (culture).<\/li>\n<li>Face-\u00e0-Face (8h30) &amp; Apolline de 9 \u00e0 10: \u00e9mission pr\u00e9sent\u00e9e par <strong>Apolline de Malherbe<\/strong><\/li>\n<li>Arnaud Direct: l&rsquo;\u00e9mission de <strong>Julien Arnaud,<\/strong> entre 10 heures et 12 heures, accompagn\u00e9 des \u00e9ditorialistes Fran\u00e7ois Cl\u00e9meanceau (international), Guillaume Daret (politique) et Lucie Robequain (\u00e9conomie)<\/li>\n<li>Midi BFM: l&rsquo;\u00e9mission du d\u00e9jeuner pr\u00e9sent\u00e9e par <strong>Christophe Delay et Roselyne Dubois <\/strong>entre midi et 14 heures<\/li>\n<li>BFM Non Stop: \u00e9mission copr\u00e9sent\u00e9e par <strong>J\u00e9r\u00e9my Brossard et Karine de M\u00e9nonville<\/strong> entre 14 heures et 17 heures<\/li>\n<li>Le Club BFM: rendez-vous du vendredi pr\u00e9sent\u00e9e par <strong>Paola Puerari<\/strong> entre 17 heures et 20 heures<\/li>\n<li>20H BFM: le journal t\u00e9l\u00e9vis\u00e9 du soir, pr\u00e9sent\u00e9 par <strong>Alice Darfeuille<\/strong>, de 20 heures \u00e0 22 heures<\/li>\n<li>BFM Grand Soir: l&rsquo;\u00e9mission de fin de soir\u00e9e pr\u00e9sent\u00e9e par <strong>\u00c9milie Broussouloux<\/strong><\/li>\n<\/ul>\n<p>Les rendez-vous du samedi:<\/p>\n<ul class=\"list_unordered\">\n<li>BFM Premi\u00e8re: l&rsquo;\u00e9mission matinale pr\u00e9sent\u00e9e entre 6 heures et 10 heures par <strong>Damien Gourlet et Lor\u00e8ne de Susbielle<\/strong><\/li>\n<li>BFM Direct: de 10 \u00e0 12 heures, une \u00e9mission pilot\u00e9e par <strong>Fran\u00e7ois Gapihan<\/strong><\/li>\n<li>Midi BFM: le rendez-vous d&rsquo;information du d\u00e9jeuner, entre midi et 15 heures, par <strong>Anne Seften et Mathieu Coache<\/strong><\/li>\n<li>BFM Non stop: un rendez-vous d&rsquo;info entre 15 heures et 18 heures co-pr\u00e9sent\u00e9 par <strong>J\u00e9r\u00e9my Brossard et Karine de M\u00e9nonville<\/strong><\/li>\n<li>Le club BFM: l&rsquo;\u00e9mission pr\u00e9sent\u00e9e par <strong>Paola Puerari<\/strong>, entre 18 heures et 20 heures<\/li>\n<li>20H BFM: le journal t\u00e9l\u00e9vis\u00e9 du soir, pr\u00e9sent\u00e9 par <strong>Alice Darfeuille<\/strong>, de 20 heures \u00e0 22 heures<\/li>\n<li>BFM Grand Soir: l&rsquo;\u00e9mission de fin de soir\u00e9e pr\u00e9sent\u00e9e par<strong> \u00c9milie Broussouloux<\/strong><\/li>\n<\/ul>\n<p>Les rendez-vous du dimanche:<\/p>\n<ul class=\"list_unordered\">\n<li>BFM Premi\u00e8re: l&rsquo;\u00e9mission matinale pr\u00e9sent\u00e9e entre 6 heures et 10 heures par <strong>Damien Gourlet et Lor\u00e8ne de Susbielle<\/strong><\/li>\n<li>BFM Direct: de 10 \u00e0 12 heures, une \u00e9mission pilot\u00e9e par <strong>Fran\u00e7ois Gapihan<\/strong><\/li>\n<li>BFM Politique: le rendez-vous politique hebdomadaire pr\u00e9sent\u00e9 par <strong>Guillaume Daret<\/strong>, de midi \u00e0 13 heures<\/li>\n<li>Affaire suivante: l&rsquo;\u00e9mission hebdomadaire de police-justice co-anim\u00e9e par <strong>Pauline Ravenaz<\/strong> <strong>et<\/strong> <strong>Dominique Rizet<\/strong>, de 13 heures \u00e0 14 heures<\/li>\n<li>BFM Week-end: un rendez-vous d&rsquo;info port\u00e9 par <strong>Anne Seften et Mathieu Coache<\/strong>, de 14 heures \u00e0 16 heures<\/li>\n<li>BFM Non stop: un rendez-vous d&rsquo;info co-pr\u00e9sent\u00e9 par <strong>J\u00e9r\u00e9my Brossard et Karine de M\u00e9nonville<\/strong>, de 16 heures \u00e0 18 heures<\/li>\n<li>BFM Dimanche soir: l&rsquo;\u00e9mission dominicale pr\u00e9sent\u00e9e par <strong>Marc Fauvelle<\/strong><\/li>\n<li>20H BFM: le journal t\u00e9l\u00e9vis\u00e9 du soir, pr\u00e9sent\u00e9 par <strong>Alice Darfeuille<\/strong>, de 20 heures \u00e0 22 heures<\/li>\n<li>BFM Grand Soir: l&rsquo;\u00e9mission de fin de soir\u00e9e pr\u00e9sent\u00e9e par <strong>\u00c9milie Broussouloux<\/strong><\/li>\n<\/ul>\n","protected":false},"excerpt":{"rendered":"BFMTV fait sa rentr\u00e9e ce lundi 25 ao\u00fbt pour une nouvelle saison. De nouveaux visages et de nouveaux&hellip;\n","protected":false},"author":2,"featured_media":343026,"comment_status":"","ping_status":"","sticky":false,"template":"","format":"standard","meta":{"footnotes":""},"categories":[1356],"tags":[58,59,1011,27,252,1364],"class_list":{"0":"post-343025","1":"post","2":"type-post","3":"status-publish","4":"format-standard","5":"has-post-thumbnail","7":"category-television","8":"tag-divertissement","9":"tag-entertainment","10":"tag-fr","11":"tag-france","12":"tag-television","13":"tag-tv"},"share_on_mastodon":{"url":"https:\/\/pubeurope.com\/@fr\/115089931253231146","error":""},"_links":{"self":[{"href":"https:\/\/www.europesays.com\/fr\/wp-json\/wp\/v2\/posts\/343025","targetHints":{"allow":["GET"]}}],"collection":[{"href":"https:\/\/www.europesays.com\/fr\/wp-json\/wp\/v2\/posts"}],"about":[{"href":"https:\/\/www.europesays.com\/fr\/wp-json\/wp\/v2\/types\/post"}],"author":[{"embeddable":true,"href":"https:\/\/www.europesays.com\/fr\/wp-json\/wp\/v2\/users\/2"}],"replies":[{"embeddable":true,"href":"https:\/\/www.europesays.com\/fr\/wp-json\/wp\/v2\/comments?post=343025"}],"version-history":[{"count":0,"href":"https:\/\/www.europesays.com\/fr\/wp-json\/wp\/v2\/posts\/343025\/revisions"}],"wp:featuredmedia":[{"embeddable":true,"href":"https:\/\/www.europesays.com\/fr\/wp-json\/wp\/v2\/media\/343026"}],"wp:attachment":[{"href":"https:\/\/www.europesays.com\/fr\/wp-json\/wp\/v2\/media?parent=343025"}],"wp:term":[{"taxonomy":"category","embeddable":true,"href":"https:\/\/www.europesays.com\/fr\/wp-json\/wp\/v2\/categories?post=343025"},{"taxonomy":"post_tag","embeddable":true,"href":"https:\/\/www.europesays.com\/fr\/wp-json\/wp\/v2\/tags?post=343025"}],"curies":[{"name":"wp","href":"https:\/\/api.w.org\/{rel}","templated":true}]}}