{"id":343029,"date":"2025-08-25T14:43:13","date_gmt":"2025-08-25T14:43:13","guid":{"rendered":"https:\/\/www.europesays.com\/fr\/343029\/"},"modified":"2025-08-25T14:43:13","modified_gmt":"2025-08-25T14:43:13","slug":"le-bide-des-eternels-a-stoppe-des-projets-sur-10-ans-chez-marvel-selon-lacteur-kumail-nanjiani","status":"publish","type":"post","link":"https:\/\/www.europesays.com\/fr\/343029\/","title":{"rendered":"Le bide des Eternels a stopp\u00e9 \u00ab\u00a0des projets sur 10 ans\u00a0\u00bb chez Marvel, selon l&rsquo;acteur Kumail Nanjiani\u00a0"},"content":{"rendered":"<p><strong>Avec un gros budget et des ambitions colossales, <a href=\"https:\/\/www.ecranlarge.com\/films\/1035486-the-eternals\" data-type=\"films\" data-id=\"687319\" rel=\"nofollow noopener\" target=\"_blank\">Les \u00c9ternels<\/a> devait marquer une nouvelle \u00e8re pour le MCU. Mais les projets au long cours pour ces nouveaux h\u00e9ros ont explos\u00e9 en vol<\/strong>.<\/p>\n<p>Les envies cannibales de domination totale du paysage audiovisuel de <a href=\"https:\/\/www.ecranlarge.com\/personnalite\/1354509-marvel\" data-type=\"people\" data-id=\"902428\" rel=\"nofollow noopener\" target=\"_blank\">Marvel<\/a> sont ind\u00e9niables et en 2020, la firme semblait profond\u00e9ment croire en <strong>Les \u00c9ternels<\/strong>. Avec un budget avoisinant les 235 millions de dollars, la r\u00e9alisatrice <a href=\"https:\/\/www.ecranlarge.com\/personnalite\/997981-chloe-zhao\" data-type=\"people\" data-id=\"478217\" rel=\"nofollow noopener\" target=\"_blank\">Chlo\u00e9 Zhao<\/a> (r\u00e9compens\u00e9e par deux Oscars pour <strong>Nomadland<\/strong>), et un casting prestigieux (<a href=\"https:\/\/www.ecranlarge.com\/personnalite\/761576-gemma-chan\" data-type=\"people\" data-id=\"401352\" rel=\"nofollow noopener\" target=\"_blank\">Gemma Chan<\/a>, <a href=\"https:\/\/www.ecranlarge.com\/personnalite\/782289-kit-harington\" data-type=\"people\" data-id=\"420133\" rel=\"nofollow noopener\" target=\"_blank\">Kit Harington<\/a>, <a href=\"https:\/\/www.ecranlarge.com\/personnalite\/815684-richard-madden\" data-type=\"people\" data-id=\"449471\" rel=\"nofollow noopener\" target=\"_blank\">Richard Madden<\/a>,<a href=\"https:\/\/www.ecranlarge.com\/personnalite\/651448-angelina-jolie\" data-type=\"people\" data-id=\"695\" rel=\"nofollow noopener\" target=\"_blank\"> Angelina Jolie<\/a>, <a href=\"https:\/\/www.ecranlarge.com\/personnalite\/654511-salma-hayek\" data-type=\"people\" data-id=\"306467\" rel=\"nofollow noopener\" target=\"_blank\">Salma Hayek<\/a>, <a href=\"https:\/\/www.ecranlarge.com\/personnalite\/826672-kumail-nanjiani\" data-type=\"people\" data-id=\"459335\" rel=\"nofollow noopener\" target=\"_blank\">Kumail Nanjiani<\/a>\u2026), le film avait tout du nouvel <strong>Avengers <\/strong>post<strong>-Endgame<\/strong>. \u00c0 l\u2019\u00e9poque, Kevin Feige allait m\u00eame jusqu\u2019\u00e0 dire que cet <strong>ambitieux projet allait red\u00e9finir le MCU.<\/strong><\/p>\n<p>                    <img decoding=\"async\" alt=\"\" class=\"wp-image-518375\" style=\"object-fit:cover;width:25px;height:25px\" src=\"https:\/\/www.ecranlarge.com\/content\/uploads\/2023\/09\/arrow-right-circle.svg\"\/><\/p>\n<p>Pourtant, malgr\u00e9 cette pr\u00e9paration XXL, <a href=\"https:\/\/www.ecranlarge.com\/films\/news\/1502667-marvel-echec-eternels-critiques-traumatise-acteur-kumail-nanjiani\" data-type=\"link\" data-id=\"https:\/\/www.ecranlarge.com\/films\/news\/1502667-marvel-echec-eternels-critiques-traumatise-acteur-kumail-nanjiani\" rel=\"nofollow noopener\" target=\"_blank\">le film <strong>Les \u00c9ternels<\/strong> a \u00e9t\u00e9 un fiasco<\/a>, m\u00eame si la pand\u00e9mie explique en partie le bilan. Il n\u2019a r\u00e9colt\u00e9 que 402 millions de dollars au box-office mondial, en plus d\u2019un accueil particuli\u00e8rement glacial du c\u00f4t\u00e9 du public et de la presse. Une d\u00e9sillusion autant commerciale que critique, m\u00eame si <a href=\"https:\/\/www.ecranlarge.com\/films\/critique\/1401719-les-eternels-critique-des-nouveaux-avengers-de-marvel\" data-type=\"link\" data-id=\"https:\/\/www.ecranlarge.com\/films\/critique\/1401719-les-eternels-critique-des-nouveaux-avengers-de-marvel\" rel=\"nofollow noopener\" target=\"_blank\">chez Ecran Large, on continue \u00e0 d\u00e9fendre les qualit\u00e9s des <strong>\u00c9ternels<\/strong><\/a>. Et pourtant, \u00e0 l\u2019origine, les plans de Marvel incluaient<strong> plusieurs apparitions des \u00c9ternels sur des ann\u00e9es<\/strong>, \u00e0 en croire l\u2019acteur Kumail Nanjiani\u2026<\/p>\n<\/p>\n<p>Les \u00c9ternels, mais pas immortels<\/p>\n<p>Kumail Nanjiani, qui incarnait le personnage de Kingo, a r\u00e9v\u00e9l\u00e9 que son contrat initial chez Marvel \u00e9tait en r\u00e9alit\u00e9 un engagement<strong> d\u2019une d\u00e9cennie dans le MCU\u2026 qui s\u2019est volatilis\u00e9 en quelques mois<\/strong>. Au micro du podcast Working It Out, il a racont\u00e9 qu\u2019il devait appara\u00eetre dans une demi-douzaine de films, et m\u00eame dans un jeu vid\u00e9o :<\/p>\n<blockquote class=\"wp-block-quote is-layout-flow wp-block-quote-is-layout-flow\">\n<p><strong>\u00ab Je me suis dit : \u201cOh, \u00e7a va \u00eatre mon travail pour les dix prochaines ann\u00e9es.\u201d J\u2019ai sign\u00e9 pour six films. J\u2019ai sign\u00e9 pour un jeu vid\u00e9o. J\u2019ai sign\u00e9 pour une attraction de parc \u00e0 th\u00e8me. Ils te font signer pour tout \u00e7a. Et tu te dis : \u201cVoil\u00e0 les dix prochaines ann\u00e9es de ma vie, je vais tourner des films Marvel chaque ann\u00e9e et, entre deux, je ferai mes petits projets, ce que j\u2019aurai envie de faire.\u201d Et puis rien de tout \u00e7a n\u2019est arriv\u00e9. \u00bb<\/strong><\/p>\n<\/blockquote>\n<p>C\u2019est un <strong>contrat assez classique<\/strong>, qui ne signifie pas que six films \u00e9taient forc\u00e9ment pr\u00e9vus d\u2019embl\u00e9e puisque les studios ont pris l\u2019habitude de se couvrir au maximum (et limiter les ren\u00e9gociations de salaire avec les acteurs et actrices en cours de route). Mais \u00e7a confirme encore une fois que Marvel a vraisemblablement <strong>chang\u00e9 les plans suite \u00e0 la sortie rat\u00e9e du film.<\/strong><\/p>\n<p><a href=\"https:\/\/www.ecranlarge.com\/content\/uploads\/2025\/08\/eternals-kumail-nanjiani-body-jacked-why-copy.jpg.jpg\" rel=\"nofollow noopener\" target=\"_blank\"><\/p>\n<p><img loading=\"lazy\" decoding=\"async\" alt=\"\" src=\"https:\/\/www.europesays.com\/fr\/wp-content\/uploads\/2025\/08\/eternals-kumail-nanjiani-body-jacked-why-copy.jpg-1260x630.jpg\" width=\"1260\" height=\"630\"  \/><\/p>\n<p><\/a>Un petit c\u00f4t\u00e9 Dragon Ball<\/p>\n<p>Ce plan d\u2019origine s\u2019est rapidement envol\u00e9 face \u00e0 la mauvaise r\u00e9ception du film par le public et par la critique. Alors qu\u2019il avait d\u00e9j\u00e0 pr\u00e9vu d\u2019investir dix ann\u00e9es de sa vie dans ce r\u00f4le, l\u2019acteur a d\u00fb faire face \u00e0 une immense d\u00e9ception. <strong>On pourrait m\u00eame parler de traumatisme. <\/strong><\/p>\n<blockquote class=\"wp-block-quote is-layout-flow wp-block-quote-is-layout-flow\">\n<p><strong>\u00ab J\u2019ai parl\u00e9 de mon r\u00f4le dans ce grand film. Il est sorti juste apr\u00e8s la COVID, donc j\u2019ai pass\u00e9 un an et demi chez moi \u00e0 me dire : \u00ab Oh, quand est-ce que ce film va sortir ? \u00bb. Mais ensuite, il est sorti et a re\u00e7u de tr\u00e8s mauvaises critiques, et il n\u2019a pas tr\u00e8s bien march\u00e9. \u00c7a m\u2019a trop boulevers\u00e9. C\u2019est l\u00e0 que je me suis dit : \u00ab Oh, j\u2019ai besoin d\u2019aller en th\u00e9rapie pour comprendre tout \u00e7a. \u00bb<\/strong><\/p>\n<\/blockquote>\n<p><a href=\"https:\/\/www.ecranlarge.com\/content\/uploads\/2025\/08\/3dubytea97x3xzznn8zpfx9c7j7.webp\" rel=\"nofollow noopener\" target=\"_blank\"><img loading=\"lazy\" decoding=\"async\" alt=\"Les eternels\" class=\"wp-image-1332482\" src=\"https:\/\/www.europesays.com\/fr\/wp-content\/uploads\/2025\/08\/3dubytea97x3xzznn8zpfx9c7j7-1260x709.webp.webp\" width=\"1260\" height=\"709\"  \/><\/a>Un passage express et direct vers l\u2019oubliCoup d\u2019effaceur chez Marvel<\/p>\n<p>Depuis le lancement de la Phase 6 du MCU, <a href=\"https:\/\/www.ecranlarge.com\/films\/news\/avengers-5-doomsday-casting-x-men-marvel\" data-type=\"link\" data-id=\"https:\/\/www.ecranlarge.com\/films\/news\/avengers-5-doomsday-casting-x-men-marvel\" rel=\"nofollow noopener\" target=\"_blank\">les annonces de casting pour <strong>Avengers : Doomsday<\/strong><\/a> n\u2019ont r\u00e9v\u00e9l\u00e9 aucune pr\u00e9sence des <strong>\u00c9ternels<\/strong>. Lauren Ridloff (Makkari) avait confirm\u00e9 au micro de The Direct de fa\u00e7on tr\u00e8s d\u00e9tach\u00e9e que leur retour dans <strong>Doomsday <\/strong>est<strong> <\/strong>peu probable :<\/p>\n<blockquote class=\"wp-block-quote is-layout-flow wp-block-quote-is-layout-flow\">\n<p><strong>\u00ab Probablement pas. Je ne sais pas, ma boule magique me dit, \u2018Probablement pas\u2019. Ce casting \u00e9tait incroyable. Nous aurions de la chance si nous pouvions faire revenir l\u2019un d\u2019entre eux \u00e0 un moment donn\u00e9. \u00bb<\/strong><\/p>\n<\/blockquote>\n<p>Ajoutons que les nombreuses \u00e9quipes d\u00e9j\u00e0 rassembl\u00e9es (les <strong>Thunderbolts  New Avengers<\/strong> et les anciens encore l\u00e0,<strong> <\/strong>les <strong>X-Men<\/strong>,<strong> <\/strong>les <strong>4 Fantastiques<\/strong>\u2026) ne semblent laisser que peu d\u2019espace pour une apparition des <strong>\u00c9ternels<\/strong>, ce qui laisse penser que Marvel a bel et bien tir\u00e9 un trait sur eux.<\/p>\n<p><a href=\"https:\/\/www.ecranlarge.com\/content\/uploads\/2025\/08\/emergence.jpg\" rel=\"nofollow noopener\" target=\"_blank\"><\/p>\n<p><img loading=\"lazy\" decoding=\"async\" alt=\"\" src=\"https:\/\/www.europesays.com\/fr\/wp-content\/uploads\/2025\/08\/emergence-1260x518.jpg\" width=\"1260\" height=\"518\"  \/><\/p>\n<p><\/a>Le seul vestige du film<\/p>\n<p>Toutefois, leur effacement ne sera jamais total. Le film <strong>Captain America : Brave New World<\/strong> fait r\u00e9f\u00e9rence aux restes du C\u00e9leste Tiamut, soit un lien direct avec <strong>Les<\/strong> <strong>\u00c9ternels<\/strong>, signe que Marvel n\u2019entend pas compl\u00e8tement oublier ce film \u2013 sauf si c\u2019\u00e9tait juste une facilit\u00e9 sc\u00e9naristique. De plus, m\u00eame si les <strong>\u00c9ternels <\/strong>sont mis en retrait pour l\u2019instant, rien n\u2019emp\u00eache leur r\u00e9apparition dans une future Phase ou dans un crossover\u2026 notamment dans <strong>Secret Wars<\/strong>, qui sait ?<\/p>\n<p>En juillet 2025, Kevin Feige avait bott\u00e9 en touche quand Variety lui avait demand\u00e9 si les \u00c9ternels et les nombreux personnages teas\u00e9s jusque l\u00e0 allaient revenir \u00e9tant donn\u00e9 que Samuel Sterns, incarn\u00e9 par Tim Blake Nelson, \u00e9tait r\u00e9apparu dans <strong>Captain America 4<\/strong>, des ann\u00e9es apr\u00e8s <strong>L\u2019Incroyable Hulk<\/strong> : <\/p>\n<blockquote class=\"wp-block-quote is-layout-flow wp-block-quote-is-layout-flow\">\n<p><strong>\u00ab\u00a0Je trouve \u00e7a amusant. On en reparle dans 12 ans et on verra qui revient\u00a0\u00bb.<\/strong><\/p>\n<\/blockquote>\n<p>Quoi qu\u2019il en soit, m\u00eame si on ne verra sans doute pas les \u00c9ternels dans les prochains blockbusters Marvel, <strong>on retrouvera le reste de la clique du MCU dans Avengers 5 : Doomsday, qui sortira le 16 d\u00e9cembre 2026<\/strong>, puis dans <strong>Avengers 6 : Secret Wars, le 15 d\u00e9cembre 2027<\/strong> en salles.<\/p>\n","protected":false},"excerpt":{"rendered":"Avec un gros budget et des ambitions colossales, Les \u00c9ternels devait marquer une nouvelle \u00e8re pour le MCU.&hellip;\n","protected":false},"author":2,"featured_media":343030,"comment_status":"","ping_status":"","sticky":false,"template":"","format":"standard","meta":{"footnotes":""},"categories":[1354],"tags":[58,59,1346,1011,27,1360],"class_list":{"0":"post-343029","1":"post","2":"type-post","3":"status-publish","4":"format-standard","5":"has-post-thumbnail","7":"category-films","8":"tag-divertissement","9":"tag-entertainment","10":"tag-films","11":"tag-fr","12":"tag-france","13":"tag-movies"},"share_on_mastodon":{"url":"https:\/\/pubeurope.com\/@fr\/115089939582905098","error":""},"_links":{"self":[{"href":"https:\/\/www.europesays.com\/fr\/wp-json\/wp\/v2\/posts\/343029","targetHints":{"allow":["GET"]}}],"collection":[{"href":"https:\/\/www.europesays.com\/fr\/wp-json\/wp\/v2\/posts"}],"about":[{"href":"https:\/\/www.europesays.com\/fr\/wp-json\/wp\/v2\/types\/post"}],"author":[{"embeddable":true,"href":"https:\/\/www.europesays.com\/fr\/wp-json\/wp\/v2\/users\/2"}],"replies":[{"embeddable":true,"href":"https:\/\/www.europesays.com\/fr\/wp-json\/wp\/v2\/comments?post=343029"}],"version-history":[{"count":0,"href":"https:\/\/www.europesays.com\/fr\/wp-json\/wp\/v2\/posts\/343029\/revisions"}],"wp:featuredmedia":[{"embeddable":true,"href":"https:\/\/www.europesays.com\/fr\/wp-json\/wp\/v2\/media\/343030"}],"wp:attachment":[{"href":"https:\/\/www.europesays.com\/fr\/wp-json\/wp\/v2\/media?parent=343029"}],"wp:term":[{"taxonomy":"category","embeddable":true,"href":"https:\/\/www.europesays.com\/fr\/wp-json\/wp\/v2\/categories?post=343029"},{"taxonomy":"post_tag","embeddable":true,"href":"https:\/\/www.europesays.com\/fr\/wp-json\/wp\/v2\/tags?post=343029"}],"curies":[{"name":"wp","href":"https:\/\/api.w.org\/{rel}","templated":true}]}}