{"id":343031,"date":"2025-08-25T14:44:17","date_gmt":"2025-08-25T14:44:17","guid":{"rendered":"https:\/\/www.europesays.com\/fr\/343031\/"},"modified":"2025-08-25T14:44:17","modified_gmt":"2025-08-25T14:44:17","slug":"hepatite-a-pourquoi-le-virus-se-propage-a-lyon","status":"publish","type":"post","link":"https:\/\/www.europesays.com\/fr\/343031\/","title":{"rendered":"H\u00e9patite A : pourquoi le virus se propage \u00e0 Lyon ?"},"content":{"rendered":"<p>             <a href=\"https:\/\/ma-sante.news\/wp-content\/uploads\/2025\/08\/hepatite-A-virus-epidemie-Lyon-france-Ma-Sante-.jpg\" data-caption=\"Depuis 2021, le nombre de cas d\u00e9clar\u00e9s d&#039;h\u00e9patites aigu\u00ebs A augmente progressivement selon Sant\u00e9 Publique France. \" rel=\"nofollow noopener\" target=\"_blank\"><img loading=\"lazy\" decoding=\"async\" width=\"696\" height=\"464\" class=\"entry-thumb td-modal-image\" src=\"data:image\/svg+xml,%3Csvg%20xmlns=\" http:=\"\" data-lazy- data-lazy- alt=\"Un homme se rend en laboratoire pour v\u00e9rifier s\u2019il est porteur de l\u2019h\u00e9patite A.\" title=\"he\u0301patite A virus e\u0301pide\u0301mie Lyon france Ma Sante\u0301\" data-lazy-src=\"https:\/\/www.europesays.com\/fr\/wp-content\/uploads\/2025\/08\/hepatite-A-virus-epidemie-Lyon-france-Ma-Sante--696x464.jpg\"\/><\/a>Depuis 2021, le nombre de cas d\u00e9clar\u00e9s d&rsquo;h\u00e9patites aigu\u00ebs A augmente progressivement selon Sant\u00e9 Publique France.                                     \t\t\t             <a class=\"gofollow\" data-track=\"MjgsMCw2MA==\" href=\"https:\/\/ma-sante.news\/inscrivez-vous-a-notre-newsletter\/\" rel=\"nofollow noopener\" target=\"_blank\"><img loading=\"lazy\" decoding=\"async\" width=\"1068\" height=\"131\" src=\"data:image\/svg+xml,%3Csvg%20xmlns=\" http:=\"\" data-lazy-src=\"https:\/\/www.europesays.com\/fr\/wp-content\/uploads\/2025\/03\/banniere-newsletter.png\"\/><\/a> <\/p>\n<p>Quand l\u2019Agence r\u00e9gionale de sant\u00e9 (ARS) Auvergne-Rh\u00f4ne-Alpes a rendu publics ses chiffres, l\u2019inqui\u00e9tude s\u2019est install\u00e9e. Entre le 1er janvier et le 31 juillet 2025, 73 cas d\u2019<a href=\"https:\/\/ma-sante.news\/hepatite-a-les-autorites-sanitaires-alertent-sur-une-recrudescence-des-cas\/\" rel=\"nofollow noopener\" target=\"_blank\">h\u00e9patite A<\/a> ont \u00e9t\u00e9 recens\u00e9s dans le d\u00e9partement du Rh\u00f4ne, contre seulement 16 cas sur la m\u00eame p\u00e9riode en 2023 et 2024.<\/p>\n<p>C\u2019est une hausse vertigineuse de +356 %. Et plus pr\u00e9occupant encore : la majorit\u00e9 des cas se concentre dans le 7\u1d49 arrondissement de Lyon, selon BFM Lyon. La tendance s\u2019est brutalement acc\u00e9l\u00e9r\u00e9e d\u00e9but juillet, avec 57 nouveaux cas en six semaines. Pour comparaison, le d\u00e9partement en comptait parfois moins d\u2019une dizaine par an auparavant.<\/p>\n<p>        H\u00e9patite A : qui est concern\u00e9 par cette flamb\u00e9e ?    <\/p>\n<p>Cette vague ne touche que des adultes, principalement \u00e2g\u00e9s de moins de 65 ans. \u00c0 ce jour, aucun enfant n\u2019a \u00e9t\u00e9 infect\u00e9.<\/p>\n<p>Cette donn\u00e9e est surprenante, car l\u2019h\u00e9patite A est souvent attrap\u00e9e tr\u00e8s t\u00f4t dans la vie, dans les pays o\u00f9 le virus circule davantage. En France, o\u00f9 les conditions d\u2019hygi\u00e8ne limitent largement la propagation, la maladie survient plus rarement. Lorsqu\u2019elle frappe \u00e0 l\u2019\u00e2ge adulte, les sympt\u00f4mes sont g\u00e9n\u00e9ralement plus marqu\u00e9s et la fatigue peut durer plusieurs semaines.<\/p>\n<p>        H\u00e9patite A : comment reconna\u00eetre le virus ?\u00a0    <strong>Comment se transmet l\u2019h\u00e9patite A ?<\/strong>    <\/p>\n<p>Le virus de l\u2019h\u00e9patite A (VHA) est tenace et extr\u00eamement contagieux. Sa transmission est f\u00e9co-orale, c\u2019est-\u00e0-dire qu\u2019elle passe par l\u2019ingestion d\u2019aliments, d\u2019eau ou par contact avec des mains contamin\u00e9es.<\/p>\n<ul class=\"wp-block-list\">\n<li>Alimentation : fruits de mer crus, coquillages mal cuits, crudit\u00e9s mal lav\u00e9es peuvent \u00eatre des vecteurs.<\/li>\n<li>Hygi\u00e8ne : un lavage de mains insuffisant apr\u00e8s un passage aux toilettes favorise la contamination.<\/li>\n<li>Collectivit\u00e9s : dans des quartiers denses, la propagation peut s\u2019acc\u00e9l\u00e9rer si un premier cas n\u2019est pas identifi\u00e9 rapidement.<\/li>\n<\/ul>\n<p>Le virus est particuli\u00e8rement r\u00e9sistant. Il peut survivre plusieurs semaines dans l\u2019environnement, ce qui explique pourquoi une flamb\u00e9e peut vite s\u2019\u00e9tendre.<\/p>\n<p>        <strong>Quels sont les sympt\u00f4mes \u00e0 surveiller ?<\/strong>    <\/p>\n<p>L\u2019h\u00e9patite A est connue pour ses signes parfois trompeurs, ressemblant \u00e0 une grippe au d\u00e9part. Mais certains sympt\u00f4mes doivent alerter selon l\u2019Inserm :<\/p>\n<ul class=\"wp-block-list\">\n<li>fi\u00e8vre, <a href=\"https:\/\/ma-sante.news\/fatigue-persistante-et-si-la-cause-etait-un-mini-avc\/\" rel=\"nofollow noopener\" target=\"_blank\">grande fatigue<\/a>, perte d\u2019app\u00e9tit,<\/li>\n<li>naus\u00e9es, douleurs abdominales, <a href=\"https:\/\/ma-sante.news\/troubles-digestifs-que-faire-en-cas-de-diarrhee\/\" rel=\"nofollow noopener\" target=\"_blank\">diarrh\u00e9es<\/a>,<\/li>\n<li>jaunisse (jaunissement de la peau et du blanc des yeux),<\/li>\n<li>urines fonc\u00e9es, selles tr\u00e8s claires.<\/li>\n<\/ul>\n<p>La maladie est le plus souvent b\u00e9nigne et se gu\u00e9rit spontan\u00e9ment en quelques semaines. Les formes graves sont exceptionnelles, mais la fatigue peut \u00eatre longue \u00e0 dispara\u00eetre.<\/p>\n<p>        Pourquoi le 7\u1d49 arrondissement de Lyon ?    <\/p>\n<p>C\u2019est l\u2019une des grandes questions qui intriguent les \u00e9pid\u00e9miologistes, pourquoi cette flamb\u00e9e semble concentr\u00e9e dans un seul arrondissement de Lyon ? Pour le moment, aucune source pr\u00e9cise de contamination n\u2019a \u00e9t\u00e9 identifi\u00e9e. Les autorit\u00e9s \u00e9cartent l\u2019hypoth\u00e8se d\u2019un seul foyer alimentaire (comme un restaurant ou un traiteur) et explorent plusieurs pistes :<\/p>\n<ul class=\"wp-block-list\">\n<li>la circulation dans des lieux collectifs,<\/li>\n<li>des habitudes alimentaires locales,<\/li>\n<li>ou encore une introduction du virus par des voyageurs.<\/li>\n<\/ul>\n<p>Les enqu\u00eates se poursuivent pour remonter la cha\u00eene de contamination.<\/p>\n<p>        Quelles recommandations des autorit\u00e9s de sant\u00e9 ?    <strong>1. La vaccination<\/strong>    <\/p>\n<p>L\u2019ARS et les m\u00e9decins rappellent des mesures simples mais efficaces comme la vaccination. C\u2019est l\u2019arme la plus s\u00fbre contre l\u2019h\u00e9patite A. Elle est particuli\u00e8rement recommand\u00e9e pour :<\/p>\n<ul class=\"wp-block-list\">\n<li>les voyageurs vers des zones \u00e0 risque,<\/li>\n<li>les hommes ayant des relations sexuelles avec des hommes (HSH),<\/li>\n<li>les personnes atteintes de maladies chroniques du foie et leur entourage.<\/li>\n<\/ul>\n<p>Le sch\u00e9ma vaccinal se fait en deux doses espac\u00e9es de 6 \u00e0 36 mois. L\u2019immunit\u00e9 est ensuite durable.<\/p>\n<p>        <strong>2. Les gestes d\u2019hygi\u00e8ne<\/strong>    <\/p>\n<ul class=\"wp-block-list\">\n<li>se laver les mains r\u00e9guli\u00e8rement, surtout apr\u00e8s les toilettes et avant les repas,<\/li>\n<li>bien laver et cuire les aliments sensibles (crudit\u00e9s, coquillages, fruits de mer),<\/li>\n<li>\u00e9viter les eaux potentiellement souill\u00e9es.<\/li>\n<\/ul>\n<p>        <strong>3. La vigilance m\u00e9dicale<\/strong>    <\/p>\n<p>L\u2019h\u00e9patite A est une maladie \u00e0 d\u00e9claration obligatoire. Toute suspicion doit \u00eatre confirm\u00e9e par une s\u00e9rologie et signal\u00e9e \u00e0 l\u2019ARS. Cela permet de suivre en temps r\u00e9el l\u2019\u00e9volution de l\u2019\u00e9pid\u00e9mie.<\/p>\n<p>        H\u00e9patite A : faut-il s\u2019inqui\u00e9ter ?    <\/p>\n<p>La flamb\u00e9e actuelle est spectaculaire mais reste ma\u00eetrisable.<\/p>\n<ul class=\"wp-block-list\">\n<li>Les cas sont g\u00e9ographiquement concentr\u00e9s.<\/li>\n<li>La maladie reste rarement grave en France.<\/li>\n<li>Les outils de pr\u00e9vention existent et sont efficaces.<\/li>\n<\/ul>\n<p>La vraie crainte des autorit\u00e9s est que le virus continue de circuler \u00e0 la rentr\u00e9e, p\u00e9riode propice aux rassemblements et \u00e0 la reprise des activit\u00e9s collectives. C\u2019est pourquoi elles appellent \u00e0 la vigilance, sans c\u00e9der \u00e0 la panique.<\/p>\n<blockquote class=\"wp-block-quote is-layout-flow wp-block-quote-is-layout-flow\">\n<p><strong>\u00c0 SAVOIR<\/strong><\/p>\n<p>Ce n\u2019est pas la premi\u00e8re fois qu\u2019une flamb\u00e9e d\u2019h\u00e9patite A surprend les autorit\u00e9s fran\u00e7aises. En 2014, dans l\u2019H\u00e9rault, une \u00e9pid\u00e9mie locale avait \u00e9t\u00e9 retrac\u00e9e jusqu\u2019\u00e0 une boulangerie-p\u00e2tisserie. Un employ\u00e9 infect\u00e9, sans le savoir, avait contamin\u00e9 les produits qu\u2019il manipulait. R\u00e9sultat, 27 personnes malades, dont 17 directement li\u00e9es \u00e0 l\u2019\u00e9tablissement.<\/p>\n<\/blockquote>\n<p>  <a class=\"gofollow\" data-track=\"MTIsMCw2MA==\" href=\"https:\/\/ma-sante.news\/annonceurs\/\" rel=\"nofollow noopener\" target=\"_blank\"><img loading=\"lazy\" decoding=\"async\" width=\"2560\" height=\"2133\" src=\"data:image\/svg+xml,%3Csvg%20xmlns=\" http:=\"\" data-lazy-src=\"https:\/\/www.europesays.com\/fr\/wp-content\/uploads\/2025\/03\/pub-annonceurs-4-scaled.jpg\"\/><\/a>    <img loading=\"lazy\" decoding=\"async\" width=\"755\" height=\"495\" src=\"data:image\/svg+xml,%3Csvg%20xmlns=\" http:=\"\" data-lazy-src=\"https:\/\/www.europesays.com\/fr\/wp-content\/uploads\/2025\/03\/Image1.jpg\"\/>Inscrivez-vous \u00e0 notre newsletter <br \/>Ma Sant\u00e9                      <\/p>\n","protected":false},"excerpt":{"rendered":"Depuis 2021, le nombre de cas d\u00e9clar\u00e9s d&rsquo;h\u00e9patites aigu\u00ebs A augmente progressivement selon Sant\u00e9 Publique France. Quand l\u2019Agence&hellip;\n","protected":false},"author":2,"featured_media":343032,"comment_status":"","ping_status":"","sticky":false,"template":"","format":"standard","meta":{"footnotes":""},"categories":[10],"tags":[1011,27,72,13678,47908,71],"class_list":{"0":"post-343031","1":"post","2":"type-post","3":"status-publish","4":"format-standard","5":"has-post-thumbnail","7":"category-sante","8":"tag-fr","9":"tag-france","10":"tag-health","11":"tag-hu00e9patite-b","12":"tag-hu00e9patites","13":"tag-sante"},"share_on_mastodon":{"url":"https:\/\/pubeurope.com\/@fr\/115089943100785144","error":""},"_links":{"self":[{"href":"https:\/\/www.europesays.com\/fr\/wp-json\/wp\/v2\/posts\/343031","targetHints":{"allow":["GET"]}}],"collection":[{"href":"https:\/\/www.europesays.com\/fr\/wp-json\/wp\/v2\/posts"}],"about":[{"href":"https:\/\/www.europesays.com\/fr\/wp-json\/wp\/v2\/types\/post"}],"author":[{"embeddable":true,"href":"https:\/\/www.europesays.com\/fr\/wp-json\/wp\/v2\/users\/2"}],"replies":[{"embeddable":true,"href":"https:\/\/www.europesays.com\/fr\/wp-json\/wp\/v2\/comments?post=343031"}],"version-history":[{"count":0,"href":"https:\/\/www.europesays.com\/fr\/wp-json\/wp\/v2\/posts\/343031\/revisions"}],"wp:featuredmedia":[{"embeddable":true,"href":"https:\/\/www.europesays.com\/fr\/wp-json\/wp\/v2\/media\/343032"}],"wp:attachment":[{"href":"https:\/\/www.europesays.com\/fr\/wp-json\/wp\/v2\/media?parent=343031"}],"wp:term":[{"taxonomy":"category","embeddable":true,"href":"https:\/\/www.europesays.com\/fr\/wp-json\/wp\/v2\/categories?post=343031"},{"taxonomy":"post_tag","embeddable":true,"href":"https:\/\/www.europesays.com\/fr\/wp-json\/wp\/v2\/tags?post=343031"}],"curies":[{"name":"wp","href":"https:\/\/api.w.org\/{rel}","templated":true}]}}