{"id":343033,"date":"2025-08-25T14:45:17","date_gmt":"2025-08-25T14:45:17","guid":{"rendered":"https:\/\/www.europesays.com\/fr\/343033\/"},"modified":"2025-08-25T14:45:17","modified_gmt":"2025-08-25T14:45:17","slug":"res-sociaux-le-psg-sublime-le-but-de-ruiz-et-les-dribbles-de-doue","status":"publish","type":"post","link":"https:\/\/www.europesays.com\/fr\/343033\/","title":{"rendered":"R\u00e9s. sociaux : Le PSG sublime le but de Ruiz et les dribbles de Dou\u00e9"},"content":{"rendered":"<p>Article\u00a0<\/p>\n<p>Comme la FIFA lors de la Coupe du monde des clubs, le PSG a partag\u00e9 sur ses r\u00e9seaux sociaux plusieurs actions individuelles de ses joueurs face \u00e0 Angers en slow motion, notamment le but de Fabian Ruiz et la s\u00e9rie de dribbles de D\u00e9sir\u00e9 Dou\u00e9. Sublime.<\/p>\n<p><img decoding=\"async\" alt=\"Comme la FIFA lors de la Coupe du monde des clubs, le PSG a partag\u00e9 sur ses r\u00e9seaux sociaux plusieurs actions individuelles de ses joueurs face \u00e0 Angers en slow motion, notamment le but de Fabian Ruiz et la s\u00e9rie de dribbles de D\u00e9sir\u00e9 Dou\u00e9. Sublime.\" class=\"img-responsive news-img\" src=\"https:\/\/www.europesays.com\/fr\/wp-content\/uploads\/2025\/08\/ruiz_doue_psg_angers_22082025.jpg\"\/><\/p>\n<p>Le football est un art que le slow motion sait sublimer. Le PSG l&rsquo;a bien compris et a partag\u00e9 sur Instagram trois ralentis tr\u00e8s esth\u00e9tiques de son dernier match face \u00e0 Angers : le but de Fabian Ruiz, les dribbles c\u00f4t\u00e9 gauche de D\u00e9sir\u00e9 Dou\u00e9 ou encore l&rsquo;incursion dans la surface angevine de Nuno Mendes, conclue par une belle frappe du pied trois. Trois actions encore plus belles en slow motion et \u00e0 savourer ci-dessous, en prenant le temps :<\/p>\n<p>PSG\/Angers (1-0) : le but de Ruiz en slow motion<\/p>\n<blockquote class=\"instagram-media\" data-instgrm-captioned=\"\" data-instgrm-permalink=\"https:\/\/www.instagram.com\/reel\/DNwP4fyWvo_\/?utm_source=ig_embed&amp;utm_campaign=loading\" data-instgrm-version=\"14\" style=\" background:#FFF; border:0; border-radius:3px; box-shadow:0 0 1px 0 rgba(0,0,0,0.5),0 1px 10px 0 rgba(0,0,0,0.15); margin: 1px; max-width:540px; min-width:326px; padding:0; width:99.375%; width:-webkit-calc(100% - 2px); width:calc(100% - 2px);\">\n<\/blockquote>\n<p>PSG\/Angers (1-0) : les dribbles de Dou\u00e9 en slow motion<\/p>\n<blockquote class=\"instagram-media\" data-instgrm-captioned=\"\" data-instgrm-permalink=\"https:\/\/www.instagram.com\/reel\/DNxNG3t2lBq\/?utm_source=ig_embed&amp;utm_campaign=loading\" data-instgrm-version=\"14\" style=\" background:#FFF; border:0; border-radius:3px; box-shadow:0 0 1px 0 rgba(0,0,0,0.5),0 1px 10px 0 rgba(0,0,0,0.15); margin: 1px; max-width:540px; min-width:326px; padding:0; width:99.375%; width:-webkit-calc(100% - 2px); width:calc(100% - 2px);\">\n<\/blockquote>\n<p>PSG\/Angers (1-0) : la perc\u00e9e de Nuno Mendes en slow motion<\/p>\n<blockquote class=\"instagram-media\" data-instgrm-captioned=\"\" data-instgrm-permalink=\"https:\/\/www.instagram.com\/reel\/DNxeQ4K2lEk\/?utm_source=ig_embed&amp;utm_campaign=loading\" data-instgrm-version=\"14\" style=\" background:#FFF; border:0; border-radius:3px; box-shadow:0 0 1px 0 rgba(0,0,0,0.5),0 1px 10px 0 rgba(0,0,0,0.15); margin: 1px; max-width:540px; min-width:326px; padding:0; width:99.375%; width:-webkit-calc(100% - 2px); width:calc(100% - 2px);\">\n<\/blockquote>\n<p>Cet article vous a plu ? Partagez le :<br \/>\n<a title=\"Partager sur Facebook\" data-href=\"https:\/\/www.culturepsg.com\/news\/reseaux-sociaux\/le-psg-sublime-le-but-de-ruiz-et-les-dribbles-de-doue\/56758\" class=\"facebook-share\" href=\"#share-facebook\"><\/a><a title=\"Partager sur Twitter\" data-via=\"culturepsg\" data-url=\"https:\/\/www.culturepsg.com\/news\/reseaux-sociaux\/le-psg-sublime-le-but-de-ruiz-et-les-dribbles-de-doue\/56758\" data-text=\"Le PSG sublime le but de Ruiz et les dribbles de Dou\u00e9\" class=\"twitter-share\" href=\"#share-twitter\"><\/a><\/p>\n<p>Joueur(s) li\u00e9(s)\u00a0<\/p>\n<p>Match li\u00e9\u00a0<\/p>\n<p><a class=\"row valign\" href=\"https:\/\/www.culturepsg.com\/match\/1602\" rel=\"nofollow noopener\" target=\"_blank\"><img decoding=\"async\" class=\"img-responsive\" src=\"https:\/\/www.europesays.com\/fr\/wp-content\/uploads\/2025\/04\/PSG.png\"\/><img decoding=\"async\" class=\"img-responsive\" src=\"https:\/\/www.europesays.com\/fr\/wp-content\/uploads\/2025\/08\/Angers.png\"\/><\/a><script async src=\"\/\/www.instagram.com\/embed.js\"><\/script><\/p>\n","protected":false},"excerpt":{"rendered":"Article\u00a0 Comme la FIFA lors de la Coupe du monde des clubs, le PSG a partag\u00e9 sur ses&hellip;\n","protected":false},"author":2,"featured_media":343034,"comment_status":"","ping_status":"","sticky":false,"template":"","format":"standard","meta":{"footnotes":""},"categories":[9],"tags":[1011,27,60],"class_list":{"0":"post-343033","1":"post","2":"type-post","3":"status-publish","4":"format-standard","5":"has-post-thumbnail","7":"category-sports","8":"tag-fr","9":"tag-france","10":"tag-sports"},"share_on_mastodon":{"url":"https:\/\/pubeurope.com\/@fr\/115089947084259830","error":""},"_links":{"self":[{"href":"https:\/\/www.europesays.com\/fr\/wp-json\/wp\/v2\/posts\/343033","targetHints":{"allow":["GET"]}}],"collection":[{"href":"https:\/\/www.europesays.com\/fr\/wp-json\/wp\/v2\/posts"}],"about":[{"href":"https:\/\/www.europesays.com\/fr\/wp-json\/wp\/v2\/types\/post"}],"author":[{"embeddable":true,"href":"https:\/\/www.europesays.com\/fr\/wp-json\/wp\/v2\/users\/2"}],"replies":[{"embeddable":true,"href":"https:\/\/www.europesays.com\/fr\/wp-json\/wp\/v2\/comments?post=343033"}],"version-history":[{"count":0,"href":"https:\/\/www.europesays.com\/fr\/wp-json\/wp\/v2\/posts\/343033\/revisions"}],"wp:featuredmedia":[{"embeddable":true,"href":"https:\/\/www.europesays.com\/fr\/wp-json\/wp\/v2\/media\/343034"}],"wp:attachment":[{"href":"https:\/\/www.europesays.com\/fr\/wp-json\/wp\/v2\/media?parent=343033"}],"wp:term":[{"taxonomy":"category","embeddable":true,"href":"https:\/\/www.europesays.com\/fr\/wp-json\/wp\/v2\/categories?post=343033"},{"taxonomy":"post_tag","embeddable":true,"href":"https:\/\/www.europesays.com\/fr\/wp-json\/wp\/v2\/tags?post=343033"}],"curies":[{"name":"wp","href":"https:\/\/api.w.org\/{rel}","templated":true}]}}