{"id":343035,"date":"2025-08-25T14:46:13","date_gmt":"2025-08-25T14:46:13","guid":{"rendered":"https:\/\/www.europesays.com\/fr\/343035\/"},"modified":"2025-08-25T14:46:13","modified_gmt":"2025-08-25T14:46:13","slug":"info-rtl-jean-imbert-la-reponse-de-ses-avocates-a-la-plainte-et-aux-temoignages-de-ses-ex-compagnes","status":"publish","type":"post","link":"https:\/\/www.europesays.com\/fr\/343035\/","title":{"rendered":"INFO RTL &#8211; Jean Imbert : la r\u00e9ponse de ses avocates \u00e0 la plainte et aux t\u00e9moignages de ses ex-compagnes"},"content":{"rendered":"<p class=\"article-p mdl\">C&rsquo;est la premi\u00e8re prise de parole des avocates de Jean Imbert, depuis\u00a0<a class=\"link\" href=\"https:\/\/www.elle.fr\/Societe\/Les-enquetes\/Exclusif-quatre-ex-compagnes-de-Jean-Imbert-temoignent-de-violences-conjugales-4342334\" target=\"_blank\" rel=\"noopener\">l&rsquo;enqu\u00eate publi\u00e9e dans le magazine Elle<\/a>, en avril dernier. \u00ab\u00a0<strong>Nous ne pouvons plus d\u00e9sormais laisser prosp\u00e9rer sans r\u00e9agir des r\u00e9cits biais\u00e9s et tronqu\u00e9s, r\u00e9cits contredits par de nombreux \u00e9l\u00e9ments objectifs et par des t\u00e9moignages qui continuent de parvenir \u00e0 notre client<\/strong>\u00ab\u00a0, \u00e9crivent les avocates dans un communiqu\u00e9 transmis \u00e0 RTL ce lundi 25 ao\u00fbt.<\/p>\n<p class=\"article-p mdl\">Au sujet de <strong>la plainte d\u00e9pos\u00e9e ce week-end par l&rsquo;une des ex-compagnes de Jean Imbert ce week-end<\/strong>, qui d\u00e9nonce des gifles r\u00e9currentes ainsi qu&rsquo;un \u00e9pisode de s\u00e9questration dans un h\u00f4tel, des faits qui datent de 2012-2013, les avocates mettent en avant des \u00ab\u00a0\u00e9l\u00e9ments mat\u00e9riels\u00a0\u00bb, notamment des \u00ab\u00a0<strong>correspondances, posts et t\u00e9moignages<\/strong>\u00ab\u00a0, \u00ab\u00a0nombreux et clairs en d\u00e9pit de l\u2019anciennet\u00e9 des faits all\u00e9gu\u00e9s\u00a0\u00bb.\u00a0<\/p>\n<p class=\"article-p mdl\">Par exemple, sur Instagram, la plaignante avait notamment partag\u00e9 des <strong>photos de ce week-end \u00e0 Florence en janvier 2013<\/strong>, comme des photos de vacances classiques alors qu&rsquo;aujourd&rsquo;hui elle dit avoir v\u00e9cu l&rsquo;enfer. \u00ab\u00a0<strong>Cette derni\u00e8re a publi\u00e9 toutes les trois heures sur les r\u00e9seaux sociaux des photos de mus\u00e9es, de restaurants, de commerces, et autres images de ses promenades en ville, qualifiant ce s\u00e9jour avec Jean Imbert de \u00ab\u00a0Dolce Vita\u00a0\u00bb<\/strong>. La chronologie comme le contenu des propres \u00e9crits de L. S. pendant ce week-end contredisent objectivement le r\u00e9cit propos\u00e9 douze ans et demi plus tard par la plaignante\u00a0\u00bb, \u00e9crivent les avocates.<\/p>\n<p>            Une relation d&#8217;emprise \u00e9maill\u00e9e de violences<\/p>\n<p class=\"article-p mdl\">De son c\u00f4t\u00e9, la plaignante, que RTL avait pu rencontrer il y a quelques mois, <strong>d\u00e9nonce un \u00e9pisode de s\u00e9questration de plusieurs heures, dans leur chambre d&rsquo;h\u00f4tel<\/strong>. Une s\u00e9questration intervenue, avait-elle indiqu\u00e9, \u00e0 la suite d&rsquo;une violente dispute cons\u00e9cutive \u00e0 la r\u00e9ception du SMS d&rsquo;un ami, qui l&rsquo;appelait \u00ab\u00a0ma ch\u00e9rie\u00a0\u00bb.\u00a0<\/p>\n<p class=\"article-p mdl\">Plus largement, la jeune femme d\u00e9nonce <strong>une relation d&#8217;emprise \u00e9maill\u00e9e de violences<\/strong>, avec de nombreux exemples \u00e0 l&rsquo;appui de son r\u00e9cit tr\u00e8s d\u00e9taill\u00e9. Elle avait d\u00e9pos\u00e9 une premi\u00e8re plainte d\u00e9but 2013, class\u00e9e sans suites.<\/p>\n<p class=\"article-p mdl\">Concernant la prise de parole d&rsquo;Alexandra Rosenfeld, dans Elle, les avocates de Jean Imbert \u00e9voquent en substance une relation violente des deux c\u00f4t\u00e9s. \u00ab\u00a0Si Jean Imbert a assum\u00e9 sa part de responsabilit\u00e9s et exprim\u00e9 de profonds regrets au regard de cette relation, des t\u00e9moignages et de nombreux messages qu\u2019Alexandra Rosenfeld a adress\u00e9s au cours de cette p\u00e9riode \u00e0 Jean Imbert font \u00e9tat <strong>des violences physiques qu\u2019elle-m\u00eame exer\u00e7ait \u00e0 son encontre<\/strong>\u00ab\u00a0, \u00e9crivent les avocates.\u00a0<\/p>\n<p class=\"article-p mdl\">RTL a pu consulter notamment des messages \u00e9crits, envoy\u00e9s par l&rsquo;ex-Miss France \u00e0 Jean Imbert, des messages comme : \u00ab\u00a0T&rsquo;es juste pas violent parce que tu sais que je suis pire.\u00a0\u00bb\u00a0<\/p>\n<p class=\"article-p mdl\">Dans l&rsquo;enqu\u00eate publi\u00e9e par Elle, on comprend cependant que les femmes qui l&rsquo;accusent d\u00e9noncent un <strong>climat d&#8217;emprise, de contr\u00f4le coercitif et de violences, psychologiques<\/strong>, donc, mais aussi physiques. Maintenant que l&rsquo;enqu\u00eate, m\u00e9diatique d&rsquo;abord, devient judiciaire, la D\u00e9fense montre qu&rsquo;elle ne compte pas se laisser faire et commence \u00e0 avancer ses arguments.<\/p>\n<p>    La r\u00e9daction vous recommande<\/p>\n<p class=\"s-newsletter__title\">\n                L\u2019actualit\u00e9 par la r\u00e9daction de RTL dans votre bo\u00eete mail.\n            <\/p>\n<p class=\"s-newsletter__subtitle\">\n                Gr\u00e2ce \u00e0 votre compte RTL abonnez-vous \u00e0 la newsletter RTL info pour suivre toute l&rsquo;actualit\u00e9 au quotidien\n            <\/p>\n<p>\n                                    Lire la suite\n                                <\/p>\n","protected":false},"excerpt":{"rendered":"C&rsquo;est la premi\u00e8re prise de parole des avocates de Jean Imbert, depuis\u00a0l&rsquo;enqu\u00eate publi\u00e9e dans le magazine Elle, en&hellip;\n","protected":false},"author":2,"featured_media":343036,"comment_status":"","ping_status":"","sticky":false,"template":"","format":"standard","meta":{"footnotes":""},"categories":[8],"tags":[20933,58,1067,59,107,1011,27,11534,303,2949],"class_list":{"0":"post-343035","1":"post","2":"type-post","3":"status-publish","4":"format-standard","5":"has-post-thumbnail","7":"category-divertissement","8":"tag-avocat","9":"tag-divertissement","10":"tag-enquete","11":"tag-entertainment","12":"tag-fil-info","13":"tag-fr","14":"tag-france","15":"tag-info-rtl","16":"tag-justice","17":"tag-violences"},"share_on_mastodon":{"url":"https:\/\/pubeurope.com\/@fr\/115089950941954713","error":""},"_links":{"self":[{"href":"https:\/\/www.europesays.com\/fr\/wp-json\/wp\/v2\/posts\/343035","targetHints":{"allow":["GET"]}}],"collection":[{"href":"https:\/\/www.europesays.com\/fr\/wp-json\/wp\/v2\/posts"}],"about":[{"href":"https:\/\/www.europesays.com\/fr\/wp-json\/wp\/v2\/types\/post"}],"author":[{"embeddable":true,"href":"https:\/\/www.europesays.com\/fr\/wp-json\/wp\/v2\/users\/2"}],"replies":[{"embeddable":true,"href":"https:\/\/www.europesays.com\/fr\/wp-json\/wp\/v2\/comments?post=343035"}],"version-history":[{"count":0,"href":"https:\/\/www.europesays.com\/fr\/wp-json\/wp\/v2\/posts\/343035\/revisions"}],"wp:featuredmedia":[{"embeddable":true,"href":"https:\/\/www.europesays.com\/fr\/wp-json\/wp\/v2\/media\/343036"}],"wp:attachment":[{"href":"https:\/\/www.europesays.com\/fr\/wp-json\/wp\/v2\/media?parent=343035"}],"wp:term":[{"taxonomy":"category","embeddable":true,"href":"https:\/\/www.europesays.com\/fr\/wp-json\/wp\/v2\/categories?post=343035"},{"taxonomy":"post_tag","embeddable":true,"href":"https:\/\/www.europesays.com\/fr\/wp-json\/wp\/v2\/tags?post=343035"}],"curies":[{"name":"wp","href":"https:\/\/api.w.org\/{rel}","templated":true}]}}