{"id":343039,"date":"2025-08-25T14:48:16","date_gmt":"2025-08-25T14:48:16","guid":{"rendered":"https:\/\/www.europesays.com\/fr\/343039\/"},"modified":"2025-08-25T14:48:16","modified_gmt":"2025-08-25T14:48:16","slug":"lastuce-sur-votre-compteur-pour-annuler-laugmentation-de-votre-facture-delectricite","status":"publish","type":"post","link":"https:\/\/www.europesays.com\/fr\/343039\/","title":{"rendered":"l&rsquo;astuce sur votre compteur pour annuler l&rsquo;augmentation de votre facture d&rsquo;\u00e9lectricit\u00e9"},"content":{"rendered":"<p>              <img decoding=\"async\" class=\"article-author__picture webp\" src=\"https:\/\/www.europesays.com\/fr\/wp-content\/uploads\/2025\/04\/matias-perea-85px.jpg.webp\" alt=\"Matias Perea\"\/><\/p>\n<p class=\"article-author__info--name\"> Par<br \/>\n                      <a href=\"https:\/\/selectra.info\/equipe\/matias\" target=\"_blank\" rel=\"noopener author nofollow\"> Matias Perea <\/a><\/p>\n<p class=\"article-author__info--description\"> Analyste \u00c9nergie <\/p>\n<p>        Publi\u00e9 le<\/p>\n<p>                                25\/08\/2025<\/p>\n<p>            min de lecture\n        <\/p>\n<p>  <img decoding=\"async\" class=\"new-ads__card-logo\" src=\"https:\/\/www.europesays.com\/fr\/wp-content\/uploads\/2025\/08\/puissance.png\" alt=\"logo\" loading=\"lazy\"\/><\/p>\n<p class=\"new-ads__card-title\">Comment choisir sa puissance de compteur ?<\/p>\n<p class=\"new-ads__card-description\">Laissez-vous aider par les conseillers Selectra et \u00e9conomisez !<\/p>\n<p>       <img decoding=\"async\" class=\"new-ads__card-logo\" src=\"https:\/\/www.europesays.com\/fr\/wp-content\/uploads\/2025\/08\/selectra-xs.png\" alt=\"logo\" loading=\"lazy\"\/><\/p>\n<p class=\"new-ads__card-title\">La m\u00eame \u00e9lectricit\u00e9, moins ch\u00e8re !<br \/>\n\u00c9conomisez en changeant d&rsquo;offre avec Selectra<\/p>\n<p class=\"new-ads__card-description\">Comparez les offres gratuitement avec un conseiller<\/p>\n<p class=\"intro\">C&rsquo;est officiel : depuis le 1er ao\u00fbt 2025, une hausse de la TVA a fait grimper le prix de tous les abonnements \u00e9lectriques. Une augmentation in\u00e9vitable que vous d\u00e9couvrirez sur votre prochaine facture&#8230; sauf si vous agissez maintenant. Il existe en effet une astuce pour contrer cette hausse et m\u00eame faire des \u00e9conomies : ajuster la puissance de votre compteur. Selectra vous explique comment.<\/p>\n<p>Pourquoi la part fixe de votre facture a-t-elle bondi ?<\/p>\n<p>Annonc\u00e9e dans le cadre de la Loi de Finances, <a href=\"https:\/\/selectra.info\/energie\/actualites\/marche\/alerte-facture-tva-abonnement-electricite-gaz-quadrupler-1er-aout-2025\" rel=\"nofollow noopener\" target=\"_blank\">la hausse de la TVA sur les abonnements d&rsquo;\u00e9lectricit\u00e9 et de gaz<\/a> est effective depuis le 1\u1d49\u02b3 ao\u00fbt 2025. L&rsquo;objectif est d&rsquo;harmoniser la fiscalit\u00e9 au sein de la facture \u00e9nerg\u00e9tique, en appliquant le m\u00eame taux de 20% \u00e0 la consommation (la part variable) et \u00e0 l&rsquo;abonnement (la part fixe).<\/p>\n<p>Cette mesure, visant \u00e0 se conformer au droit europ\u00e9en, se traduit par une augmentation m\u00e9canique du montant de l&rsquo;abonnement pour tous les foyers fran\u00e7ais. Pour un compteur de 6 kVA, cela repr\u00e9sente <strong>une hausse d&rsquo;environ 18 \u20ac par an<\/strong>, et plus de 24 \u20ac pour un compteur de 9 kVA.<\/p>\n<p>L&rsquo;astuce m\u00e9connue : optimiser la puissance de son compteur<\/p>\n<p>Si vous ne pouvez pas agir sur la TVA, vous pouvez en revanche agir sur la base sur laquelle elle s&rsquo;applique : le prix de votre abonnement. Or, celui-ci d\u00e9pend directement de la puissance de votre compteur. <strong>Plus elle est \u00e9lev\u00e9e, plus l\u2019abonnement est cher<\/strong>.<\/p>\n<p>Le probl\u00e8me ? D&rsquo;apr\u00e8s les donn\u00e9es de notre outil de suivi de consommation MySelectra, <strong>11,5% des compteurs en France ont une puissance trop \u00e9lev\u00e9e<\/strong> par rapport aux besoins r\u00e9els du foyer. Cela signifie que pr\u00e8s de 4,4 millions de m\u00e9nages pourraient passer au palier de puissance inf\u00e9rieur, r\u00e9duire leur abonnement, et donc payer moins de TVA, sans aucun impact sur leur confort.<\/p>\n<p>Le changement le plus courant est le passage de 9 kVA \u00e0 6 kVA. Au <a href=\"https:\/\/selectra.info\/energie\/fournisseurs\/edf\/tarifs-reglementes\" rel=\"nofollow noopener\" target=\"_blank\">Tarif Bleu d&rsquo;EDF<\/a> en option Base, cette simple modification permet de r\u00e9aliser <strong>47,04 \u20ac d&rsquo;\u00e9conomies par an<\/strong> sur l&rsquo;abonnement.<\/p>\n<p>  <img decoding=\"async\" class=\"new-ads__card-logo\" src=\"https:\/\/www.europesays.com\/fr\/wp-content\/uploads\/2025\/08\/puissance.png\" alt=\"logo\" loading=\"lazy\"\/><\/p>\n<p class=\"new-ads__card-title\">Comment choisir sa puissance de compteur ?<\/p>\n<p class=\"new-ads__card-description\">Laissez-vous aider par les conseillers Selectra et \u00e9conomisez !<\/p>\n<p>       <img decoding=\"async\" class=\"new-ads__card-logo\" src=\"https:\/\/www.europesays.com\/fr\/wp-content\/uploads\/2025\/08\/selectra-xs.png\" alt=\"logo\" loading=\"lazy\"\/><\/p>\n<p class=\"new-ads__card-title\">La m\u00eame \u00e9lectricit\u00e9, moins ch\u00e8re !<br \/>\n\u00c9conomisez en changeant d&rsquo;offre avec Selectra<\/p>\n<p class=\"new-ads__card-description\">Comparez les offres gratuitement avec un conseiller<\/p>\n<p>Pour savoir si vous faites partie des 4,4 millions de foyers qui peuvent \u00e9conomiser, il suffit de v\u00e9rifier la puissance maximale que vous avez r\u00e9ellement utilis\u00e9e au cours des derniers mois.<\/p>\n<ul class=\"list--check\">\n<li><strong>La m\u00e9thode simple avec un outil de suivi :<\/strong> des outils gratuits comme <a href=\"https:\/\/selectra.info\/energie\/suivi-conso\" rel=\"nofollow noopener\" target=\"_blank\">MySelectra<\/a> se connectent \u00e0 votre compteur Linky et analysent vos donn\u00e9es. En quelques clics, l&rsquo;outil vous indique votre puissance maximale atteinte et vous recommande ou non de changer de palier.<\/li>\n<li><strong>La m\u00e9thode manuelle avec votre compteur Linky :<\/strong> vous pouvez consulter cette information directement sur l&rsquo;\u00e9cran de votre compteur. Appuyez plusieurs fois sur le bouton \u00ab\u00a0+\u00a0\u00bb jusqu&rsquo;\u00e0 voir appara\u00eetre l&rsquo;\u00e9cran \u00ab\u00a0<strong>PUISS MAX<\/strong>\u00ab\u00a0. Si la valeur affich\u00e9e est bien inf\u00e9rieure \u00e0 la puissance de votre contrat (par exemple, 5500 VA affich\u00e9s pour un contrat de 9 kVA), vous \u00eates tr\u00e8s probablement sur-dimensionn\u00e9.<\/li>\n<\/ul>\n<p>Si vous constatez que votre puissance est trop \u00e9lev\u00e9e, la d\u00e9marche est tr\u00e8s simple : il vous suffit de <strong>contacter votre fournisseur d&rsquo;\u00e9lectricit\u00e9<\/strong> par t\u00e9l\u00e9phone ou via votre espace client et de demander une r\u00e9duction de puissance.<\/p>\n<p>Avec un <a href=\"https:\/\/selectra.info\/energie\/guides\/compteurs\/linky\" rel=\"nofollow noopener\" target=\"_blank\">compteur Linky<\/a>, l&rsquo;op\u00e9ration est r\u00e9alis\u00e9e \u00e0 distance par Enedis sous 24 heures et ne n\u00e9cessite l&rsquo;intervention d&rsquo;aucun technicien \u00e0 votre domicile. L&rsquo;intervention est factur\u00e9e 4,28 \u20ac par Enedis, mais les 47 \u20ac d&rsquo;\u00e9conomies annuelles (dans le cas d&rsquo;un passage de 9 \u00e0 6 kVA) rentabilisent tr\u00e8s rapidement ce co\u00fbt.<\/p>\n<p>  <img decoding=\"async\" class=\"new-ads__card-logo\" src=\"https:\/\/www.europesays.com\/fr\/wp-content\/uploads\/2025\/08\/puissance.png\" alt=\"logo\" loading=\"lazy\"\/><\/p>\n<p class=\"new-ads__card-title\">Comment choisir sa puissance de compteur ?<\/p>\n<p class=\"new-ads__card-description\">Laissez-vous aider par les conseillers Selectra et \u00e9conomisez !<\/p>\n<p>       <img decoding=\"async\" class=\"new-ads__card-logo\" src=\"https:\/\/www.europesays.com\/fr\/wp-content\/uploads\/2025\/08\/selectra-xs.png\" alt=\"logo\" loading=\"lazy\"\/><\/p>\n<p class=\"new-ads__card-title\">La m\u00eame \u00e9lectricit\u00e9, moins ch\u00e8re !<br \/>\n\u00c9conomisez en changeant d&rsquo;offre avec Selectra<\/p>\n<p class=\"new-ads__card-description\">Comparez les offres gratuitement avec un conseiller<\/p>\n<p>Quelle puissance de compteur choisir pour son logement ?<\/p>\n<p>Contrairement \u00e0 une id\u00e9e re\u00e7ue, la puissance du compteur ne d\u00e9pend pas seulement de la surface de votre logement. Le crit\u00e8re principal est en r\u00e9alit\u00e9 la <strong>puissance cumul\u00e9e des appareils \u00e9lectriques<\/strong> que vous \u00eates susceptible d&rsquo;utiliser en m\u00eame temps.<\/p>\n<p>Pour faire simple, la puissance de votre compteur, exprim\u00e9e en kilovoltamp\u00e8res (kVA), doit \u00eatre l\u00e9g\u00e8rement sup\u00e9rieure \u00e0 la puissance maximale de tous vos appareils allum\u00e9s simultan\u00e9ment, exprim\u00e9e en kilowatts (kW). Le bon r\u00e9glage est crucial :<\/p>\n<ul class=\"list--check\">\n<li>Si la puissance souscrite est trop faible, <strong>le compteur risque de disjoncter<\/strong> fr\u00e9quemment.<\/li>\n<li>Si la puissance souscrite est trop \u00e9lev\u00e9e, <strong>votre abonnement est plus cher que n\u00e9cessaire<\/strong>.<\/li>\n<\/ul>\n<p>Le crit\u00e8re qui change tout : le type de chauffage<\/p>\n<p>Dans ce calcul, le mode de chauffage est le facteur le plus d\u00e9terminant, car il repr\u00e9sente en moyenne <strong>60 % de la consommation d&rsquo;\u00e9nergie des m\u00e9nages<\/strong> selon l&rsquo;ADEME. Ainsi, \u00e0 surface \u00e9quivalente, un logement chauff\u00e9 au gaz ou au bois n\u00e9cessitera une puissance de compteur bien plus faible qu&rsquo;un logement tout-\u00e9lectrique.<\/p>\n<p>\u00c0 chaque logement sa puissance : les cas concrets<\/p>\n<p>En combinant ces deux crit\u00e8res (appareils et chauffage), il est possible de dessiner un portrait-robot de la puissance id\u00e9ale pour chaque type de foyer. Le tableau ci-dessous, r\u00e9alis\u00e9 par Selectra, vous donne un aper\u00e7u des puissances les plus couramment adapt\u00e9es.<\/p>\n<p><img decoding=\"async\" class=\"u-img--fluid\" alt=\"Puissance souscrite id\u00e9ale par type de logement\" src=\"https:\/\/www.europesays.com\/fr\/wp-content\/uploads\/2025\/08\/puissance-souscrite-type-logement.png\" loading=\"lazy\"\/>Puissance de compteur indicative selon la surface et le mode de chauffage.<\/p>\n<p>En g\u00e9n\u00e9ral, les petites puissances sont destin\u00e9es aux logements chauff\u00e9s au gaz ou aux petits studios \u00e9lectriques. Une puissance de <a href=\"https:\/\/selectra.info\/energie\/guides\/compteurs\/puissance\/3-kva\" rel=\"nofollow noopener\" target=\"_blank\"><strong>3 kVA<\/strong><\/a> est souvent suffisante pour une personne seule dans un petit logement. La puissance de <a href=\"https:\/\/selectra.info\/energie\/guides\/compteurs\/puissance\/6-kva\" rel=\"nofollow noopener\" target=\"_blank\"><strong>6 kVA<\/strong><\/a>, la plus r\u00e9pandue en France, convient parfaitement \u00e0 un appartement de moins de 80 m\u00b2 chauff\u00e9 au gaz, m\u00eame pour une famille.<\/p>\n<p>La puissance de <a href=\"https:\/\/selectra.info\/energie\/guides\/compteurs\/puissance\/9-kva\" rel=\"nofollow noopener\" target=\"_blank\"><strong>9 kVA<\/strong><\/a> devient la norme pour les appartements de plus de 80 m\u00b2 chauff\u00e9s \u00e0 l&rsquo;\u00e9lectricit\u00e9. Enfin, les puissances de <strong>12 kVA et plus<\/strong> sont g\u00e9n\u00e9ralement r\u00e9serv\u00e9es <a href=\"https:\/\/selectra.info\/energie\/guides\/conso\/consommation-moyenne-electricite\/maison\" rel=\"nofollow noopener\" target=\"_blank\">aux grandes maisons<\/a> \u00e9quip\u00e9es d&rsquo;appareils \u00e9nergivores comme une pompe \u00e0 chaleur, <a href=\"https:\/\/selectra.info\/energie\/guides\/conso\/voiture-electrique\/borne\" rel=\"nofollow noopener\" target=\"_blank\">une borne de recharge pour v\u00e9hicule \u00e9lectrique<\/a> ou une <a href=\"https:\/\/selectra.info\/energie\/guides\/conso\/piscine\" rel=\"nofollow noopener\" target=\"_blank\">piscine chauff\u00e9e<\/a>.<\/p>\n<p>En profiter pour baisser le prix de l&rsquo;\u00e9lectricit\u00e9<\/p>\n<p>R\u00e9duire la puissance de son compteur est une excellente premi\u00e8re \u00e9tape pour all\u00e9ger la part fixe de votre facture. Mais pourquoi s&rsquo;arr\u00eater l\u00e0 ? La d\u00e9marche la plus rentable, qui a un impact direct sur la part variable de votre facture, reste de <strong>payer chaque kilowattheure (kWh) le moins cher possible<\/strong>.<\/p>\n<p>Depuis l&rsquo;ouverture du march\u00e9 de l&rsquo;\u00e9nergie en 2007, <a href=\"https:\/\/selectra.info\/energie\/guides\/comprendre\/fournisseurs-alternatifs\" rel=\"nofollow noopener\" target=\"_blank\">de nombreux fournisseurs alternatifs<\/a> proposent <a href=\"https:\/\/selectra.info\/energie\/electricite\/moins-cher\" rel=\"nofollow noopener\" target=\"_blank\"><strong>des tarifs bien plus comp\u00e9titifs que le Tarif Bleu d&rsquo;EDF<\/strong><\/a>. Pourtant, des millions de foyers n&rsquo;ont jamais compar\u00e9 les offres et paient leur \u00e9lectricit\u00e9 plus cher que n\u00e9cessaire.<\/p>\n<p>Le geste le plus simple : mettre les fournisseurs en concurrence<\/p>\n<p>Le changement de fournisseur est une d\u00e9marche <strong>enti\u00e8rement gratuite, sans engagement et garantie sans coupure d&rsquo;\u00e9lectricit\u00e9<\/strong>. C&rsquo;est votre nouveau fournisseur qui s&rsquo;occupe de toutes les d\u00e9marches administratives, y compris la r\u00e9siliation de votre ancien contrat.<\/p>\n<p>Pour trouver l&rsquo;offre la plus avantageuse, le r\u00e9flexe est simple :<\/p>\n<ul class=\"list--check\">\n<li>Utiliser un <a href=\"https:\/\/selectra.info\/energie\" rel=\"nofollow noopener\" target=\"_blank\"><strong>comparateur d&rsquo;offres en ligne<\/strong><\/a> pour visualiser en quelques clics les \u00e9conomies potentielles.<\/li>\n<li>Se munir d&rsquo;une ancienne facture pour retrouver son num\u00e9ro de Point de Livraison (PDL) et estimer sa consommation annuelle.<\/li>\n<li>Souscrire \u00e0 l&rsquo;offre la plus int\u00e9ressante, une d\u00e9marche qui ne prend que quelques minutes.<\/li>\n<\/ul>\n<p>Voici actuellement les fournisseurs d&rsquo;\u00e9lectricit\u00e9 les moins chers pour un logement moyen :<\/p>\n<p class=\"table__legend\">Tarifs \u20ac TTC.<br \/>\n            Simulations effectu\u00e9es pour une consommation domestique de 6000  kWh par an et une puissance de 6 kVA \u00e0 Lyon.<br \/>\n            En savoir plus sur notre <a href=\"https:\/\/selectra.info\/energie\/score\" rel=\"nofollow noopener\" target=\"_blank\">Selectra Score<\/a>.\n      \t  <\/p>\n<p>  <img decoding=\"async\" class=\"new-ads__card-logo\" src=\"https:\/\/www.europesays.com\/fr\/wp-content\/uploads\/2025\/08\/electricite.png\" alt=\"logo\" loading=\"lazy\"\/><\/p>\n<p class=\"new-ads__card-title\">La m\u00eame \u00e9lectricit\u00e9, moins ch\u00e8re !<\/p>\n<p class=\"new-ads__card-description\">\u00c9conomisez en changeant d&rsquo;offre avec Selectra<\/p>\n<p>       <img decoding=\"async\" class=\"new-ads__card-logo\" src=\"https:\/\/www.europesays.com\/fr\/wp-content\/uploads\/2025\/08\/selectra-xs.png\" alt=\"logo\" loading=\"lazy\"\/><\/p>\n<p class=\"new-ads__card-title\">La m\u00eame \u00e9lectricit\u00e9, moins ch\u00e8re !<br \/>\n\u00c9conomisez en changeant d&rsquo;offre avec Selectra<\/p>\n<p class=\"new-ads__card-description\">Comparez les offres gratuitement avec un conseiller<\/p>\n<p>      Avez-vous trouv\u00e9 cet article utile ?<\/p>\n<p>100% des 3 votes trouvent l&rsquo;information utile.<\/p>\n","protected":false},"excerpt":{"rendered":"Par Matias Perea Analyste \u00c9nergie Publi\u00e9 le 25\/08\/2025 min de lecture Comment choisir sa puissance de compteur ?&hellip;\n","protected":false},"author":2,"featured_media":343040,"comment_status":"","ping_status":"","sticky":false,"template":"","format":"standard","meta":{"footnotes":""},"categories":[6],"tags":[35,33,34,1011,27],"class_list":{"0":"post-343039","1":"post","2":"type-post","3":"status-publish","4":"format-standard","5":"has-post-thumbnail","7":"category-economie","8":"tag-business","9":"tag-economie","10":"tag-economy","11":"tag-fr","12":"tag-france"},"share_on_mastodon":{"url":"https:\/\/pubeurope.com\/@fr\/115089959028458707","error":""},"_links":{"self":[{"href":"https:\/\/www.europesays.com\/fr\/wp-json\/wp\/v2\/posts\/343039","targetHints":{"allow":["GET"]}}],"collection":[{"href":"https:\/\/www.europesays.com\/fr\/wp-json\/wp\/v2\/posts"}],"about":[{"href":"https:\/\/www.europesays.com\/fr\/wp-json\/wp\/v2\/types\/post"}],"author":[{"embeddable":true,"href":"https:\/\/www.europesays.com\/fr\/wp-json\/wp\/v2\/users\/2"}],"replies":[{"embeddable":true,"href":"https:\/\/www.europesays.com\/fr\/wp-json\/wp\/v2\/comments?post=343039"}],"version-history":[{"count":0,"href":"https:\/\/www.europesays.com\/fr\/wp-json\/wp\/v2\/posts\/343039\/revisions"}],"wp:featuredmedia":[{"embeddable":true,"href":"https:\/\/www.europesays.com\/fr\/wp-json\/wp\/v2\/media\/343040"}],"wp:attachment":[{"href":"https:\/\/www.europesays.com\/fr\/wp-json\/wp\/v2\/media?parent=343039"}],"wp:term":[{"taxonomy":"category","embeddable":true,"href":"https:\/\/www.europesays.com\/fr\/wp-json\/wp\/v2\/categories?post=343039"},{"taxonomy":"post_tag","embeddable":true,"href":"https:\/\/www.europesays.com\/fr\/wp-json\/wp\/v2\/tags?post=343039"}],"curies":[{"name":"wp","href":"https:\/\/api.w.org\/{rel}","templated":true}]}}