{"id":34305,"date":"2025-04-18T14:50:08","date_gmt":"2025-04-18T14:50:08","guid":{"rendered":"https:\/\/www.europesays.com\/fr\/34305\/"},"modified":"2025-04-18T14:50:08","modified_gmt":"2025-04-18T14:50:08","slug":"un-cas-danemie-infectieuse-equine-detecte-dans-le-var","status":"publish","type":"post","link":"https:\/\/www.europesays.com\/fr\/34305\/","title":{"rendered":"Un cas d\u2019an\u00e9mie infectieuse \u00e9quine d\u00e9tect\u00e9 dans le Var"},"content":{"rendered":"<p>Un cas d\u2019an\u00e9mie infectieuse \u00e9quine (AIE) a \u00e9t\u00e9 confirm\u00e9 le 10 avril dans le nord-est du d\u00e9partement du Var sur un cheval de 12 ans, par le laboratoire national de r\u00e9f\u00e9rence de l\u2019Agence nationale de s\u00e9curit\u00e9 sanitaire de l\u2019alimentation de l\u2019environnement et du travail (ANSES), fait savoir la pr\u00e9fecture.<\/p>\n<p>\u00ab\u00a0L\u2019animal ne pr\u00e9sentait pas de signe clinique de la maladie. Elle a \u00e9t\u00e9 identifi\u00e9e lors d\u2019un d\u00e9pistage pr\u00e9ventif effectu\u00e9 dans le cadre de la mise \u00e0 la reproduction de cet \u00e9talon (monte naturelle). L\u2019enqu\u00eate \u00e9pid\u00e9miologique est en cours pour d\u00e9terminer l\u2019origine de l\u2019infection et les liens \u00e9pid\u00e9miologiques possibles entre ce cheval et d\u2019autres \u00e9quid\u00e9s\u00a0\u00bb, explique la pr\u00e9fecture dans un communiqu\u00e9 publi\u00e9 ce jeudi.<\/p>\n<p>Maladie virale<\/p>\n<p>Le cheval infect\u00e9 sera donc euthanasi\u00e9 pour \u00e9viter la contamination de ses cong\u00e9n\u00e8res.<\/p>\n<p>\u00ab\u00a0L\u2019an\u00e9mie infectieuse \u00e9quine est une maladie virale qui touche exclusivement les \u00e9quid\u00e9s (\u00e2nes, chevaux), rappelle la pr\u00e9fecture. Il n\u2019existe pas de mesure pr\u00e9ventive telle que la vaccination. Cette maladie est transmise principalement par des taons, par piq\u00fbres d\u2019aiguilles souill\u00e9es par du sang d\u2019un \u00e9quid\u00e9 infect\u00e9 ou par son sperme. Hormis cette derni\u00e8re voie de contamination, il n\u2019y a donc pas de transmission directe d\u2019un \u00e9quid\u00e9 \u00e0 un autre. L\u2019animal, une fois contamin\u00e9, peut pr\u00e9senter des sympt\u00f4mes cliniques plus ou moins importants (fi\u00e8vre, abattement).Toutefois , il reste porteur \u00e0 vie du virus qu\u2019il peut excr\u00e9ter de mani\u00e8re intermittente et r\u00e9currente, sans toutefois pr\u00e9senter de sympt\u00f4mes cliniques. Il devient donc r\u00e9servoir du virus, et source de contamination potentielle car il n\u2019existe pas de m\u00e9dicament permettant d\u2019\u00e9liminer le virus de l\u2019organisme d\u2019un animal contamin\u00e9.\u00a0\u00bb<\/p>\n<p>\u00a0<\/p>\n","protected":false},"excerpt":{"rendered":"Un cas d\u2019an\u00e9mie infectieuse \u00e9quine (AIE) a \u00e9t\u00e9 confirm\u00e9 le 10 avril dans le nord-est du d\u00e9partement du&hellip;\n","protected":false},"author":2,"featured_media":34306,"comment_status":"","ping_status":"","sticky":false,"template":"","format":"standard","meta":{"footnotes":""},"categories":[10],"tags":[327,33,1011,27,72,71],"class_list":{"0":"post-34305","1":"post","2":"type-post","3":"status-publish","4":"format-standard","5":"has-post-thumbnail","7":"category-sante","8":"tag-agriculture","9":"tag-economie","10":"tag-fr","11":"tag-france","12":"tag-health","13":"tag-sante"},"share_on_mastodon":{"url":"https:\/\/pubeurope.com\/@fr\/114359528575598021","error":""},"_links":{"self":[{"href":"https:\/\/www.europesays.com\/fr\/wp-json\/wp\/v2\/posts\/34305","targetHints":{"allow":["GET"]}}],"collection":[{"href":"https:\/\/www.europesays.com\/fr\/wp-json\/wp\/v2\/posts"}],"about":[{"href":"https:\/\/www.europesays.com\/fr\/wp-json\/wp\/v2\/types\/post"}],"author":[{"embeddable":true,"href":"https:\/\/www.europesays.com\/fr\/wp-json\/wp\/v2\/users\/2"}],"replies":[{"embeddable":true,"href":"https:\/\/www.europesays.com\/fr\/wp-json\/wp\/v2\/comments?post=34305"}],"version-history":[{"count":0,"href":"https:\/\/www.europesays.com\/fr\/wp-json\/wp\/v2\/posts\/34305\/revisions"}],"wp:featuredmedia":[{"embeddable":true,"href":"https:\/\/www.europesays.com\/fr\/wp-json\/wp\/v2\/media\/34306"}],"wp:attachment":[{"href":"https:\/\/www.europesays.com\/fr\/wp-json\/wp\/v2\/media?parent=34305"}],"wp:term":[{"taxonomy":"category","embeddable":true,"href":"https:\/\/www.europesays.com\/fr\/wp-json\/wp\/v2\/categories?post=34305"},{"taxonomy":"post_tag","embeddable":true,"href":"https:\/\/www.europesays.com\/fr\/wp-json\/wp\/v2\/tags?post=34305"}],"curies":[{"name":"wp","href":"https:\/\/api.w.org\/{rel}","templated":true}]}}