{"id":343050,"date":"2025-08-25T14:54:12","date_gmt":"2025-08-25T14:54:12","guid":{"rendered":"https:\/\/www.europesays.com\/fr\/343050\/"},"modified":"2025-08-25T14:54:12","modified_gmt":"2025-08-25T14:54:12","slug":"le-stationnement-et-la-circulation-perturbes","status":"publish","type":"post","link":"https:\/\/www.europesays.com\/fr\/343050\/","title":{"rendered":"le stationnement et la circulation perturb\u00e9s"},"content":{"rendered":"<p>Ce contenu est bloqu\u00e9 car vous n&rsquo;avez pas accept\u00e9 les cookies et autres traceurs.<\/p>\n<p>En cliquant sur \u00ab J\u2019accepte \u00bb, les cookies et autres traceurs seront d\u00e9pos\u00e9s et vous pourrez visualiser les contenus  (<a href=\"\" class=\"consentModule_policy\" target=\"_blank\" title=\"Consulter la politique de protection des donn\u00e9es du fournisseur\">plus d&rsquo;informations<\/a>).<\/p>\n<p>En cliquant sur \u00ab J\u2019accepte tous les cookies \u00bb, vous autorisez des d\u00e9p\u00f4ts de cookies et autres traceurs pour le stockage de vos donn\u00e9es sur nos sites et applications \u00e0 des fins de personnalisation et de ciblage publicitaire.<\/p>\n<p class=\"consentModule_secondaryText\">Vous gardez la possibilit\u00e9 de retirer votre consentement \u00e0 tout moment en consultant notre <a href=\"https:\/\/www.estrepublicain.fr\/protection-des-donnees\" target=\"_blank\" title=\"Consulter notre politique de protection des donn\u00e9es\" rel=\"noopener\">politique de protection des donn\u00e9es<\/a>. <br \/>&#13;<br \/>\n            <a href=\"https:\/\/www.estrepublicain.fr\/economie\/2025\/08\/25\/javascript:Didomi.notice.show()\" class=\"consentModule_cmp\" target=\"_blank\" rel=\"noopener\">G\u00e9rer mes choix<\/a>&#13;\n        <\/p>\n<p>&#13;<br \/>\n                        J&rsquo;accepte&#13;<br \/>\n            J&rsquo;accepte tous les cookies&#13;\n        <\/p>\n<p>Dans le cadre du renouvellement de la canalisation d\u2019eau potable et la r\u00e9novation du r\u00e9seau d\u2019assainissement, des travaux vont \u00eatre men\u00e9s jusqu\u2019au 19\u00a0d\u00e9cembre sur cette art\u00e8re de plus de 600 m\u00e8tres menant \u00e0 Laxou. Avec, on s\u2019en doute, son lot de perturbations pour les usagers et riverains.<\/p>\n<p>  Le stationnement et la circulation perturb\u00e9s<\/p>\n<p>Dans le mot placard\u00e9 sur les portes d\u2019entr\u00e9e, la Ville de Nancy informe que le stationnement sera interdit, au fur et \u00e0 mesure de l\u2019avancement des travaux, dans une partie de l\u2019avenue Anatole-France, des deux c\u00f4t\u00e9s de la chauss\u00e9e\u00a0: en partant de la rue du Sergent Bobillot jusqu\u2019\u00e0 la limite de commune avec la ville de Laxou. Ainsi que rue de Cronstadt, des deux c\u00f4t\u00e9s de la chauss\u00e9e\u00a0: en partant de l\u2019avenue Anatole France, jusqu\u2019au num\u00e9ro\u00a026 de la rue.<\/p>\n<p>La circulation sera \u00e9galement mise ponctuellement en voie \u00ab\u00a0sans issue\u00a0\u00bb pendant la travers\u00e9e des carrefours \u00e0 hauteur de l\u2019avenue Anatole-France et sera \u00e0 double sens rue de Cronstadt, rue de M\u00e9dreville et rue du Sergent-Bobillot et ce, entre l\u2019avenue Anatole-France et la rue de Santifontaine.<\/p>\n<p>\u00c0 noter que l\u2019entr\u00e9e et la sortie des riverains et des secours se feront par la rue de Santifontaine.<\/p>\n<p>Un mode d\u2019emploi qui sera valable pendant environ 4 mois, la dur\u00e9e pr\u00e9vue des travaux.<\/p>\n","protected":false},"excerpt":{"rendered":"Ce contenu est bloqu\u00e9 car vous n&rsquo;avez pas accept\u00e9 les cookies et autres traceurs. En cliquant sur \u00ab&hellip;\n","protected":false},"author":2,"featured_media":343051,"comment_status":"","ping_status":"","sticky":false,"template":"","format":"standard","meta":{"footnotes":""},"categories":[9635],"tags":[1111,11,4749,33,1704,1777,674,1011,27,775,1702,1703,12,25,104],"class_list":{"0":"post-343050","1":"post","2":"type-post","3":"status-publish","4":"format-standard","5":"has-post-thumbnail","7":"category-nancy","8":"tag-actu","9":"tag-actualites","10":"tag-btp-et-chantiers","11":"tag-economie","12":"tag-edition-nancy-et-agglomeration","13":"tag-eu","14":"tag-europe","15":"tag-fr","16":"tag-france","17":"tag-grand-est","18":"tag-nancy","19":"tag-nancy-ville-54b","20":"tag-news","21":"tag-republique-francaise","22":"tag-societe"},"share_on_mastodon":{"url":"https:\/\/pubeurope.com\/@fr\/115089982370306910","error":""},"_links":{"self":[{"href":"https:\/\/www.europesays.com\/fr\/wp-json\/wp\/v2\/posts\/343050","targetHints":{"allow":["GET"]}}],"collection":[{"href":"https:\/\/www.europesays.com\/fr\/wp-json\/wp\/v2\/posts"}],"about":[{"href":"https:\/\/www.europesays.com\/fr\/wp-json\/wp\/v2\/types\/post"}],"author":[{"embeddable":true,"href":"https:\/\/www.europesays.com\/fr\/wp-json\/wp\/v2\/users\/2"}],"replies":[{"embeddable":true,"href":"https:\/\/www.europesays.com\/fr\/wp-json\/wp\/v2\/comments?post=343050"}],"version-history":[{"count":0,"href":"https:\/\/www.europesays.com\/fr\/wp-json\/wp\/v2\/posts\/343050\/revisions"}],"wp:featuredmedia":[{"embeddable":true,"href":"https:\/\/www.europesays.com\/fr\/wp-json\/wp\/v2\/media\/343051"}],"wp:attachment":[{"href":"https:\/\/www.europesays.com\/fr\/wp-json\/wp\/v2\/media?parent=343050"}],"wp:term":[{"taxonomy":"category","embeddable":true,"href":"https:\/\/www.europesays.com\/fr\/wp-json\/wp\/v2\/categories?post=343050"},{"taxonomy":"post_tag","embeddable":true,"href":"https:\/\/www.europesays.com\/fr\/wp-json\/wp\/v2\/tags?post=343050"}],"curies":[{"name":"wp","href":"https:\/\/api.w.org\/{rel}","templated":true}]}}