{"id":343052,"date":"2025-08-25T14:55:24","date_gmt":"2025-08-25T14:55:24","guid":{"rendered":"https:\/\/www.europesays.com\/fr\/343052\/"},"modified":"2025-08-25T14:55:24","modified_gmt":"2025-08-25T14:55:24","slug":"cascades-voltiges-un-spectacle-equestre-gratuit-a-voir-en-famille-ce-week-end-pres-de-nancy","status":"publish","type":"post","link":"https:\/\/www.europesays.com\/fr\/343052\/","title":{"rendered":"Cascades, voltiges\u2026 Un spectacle \u00e9questre gratuit \u00e0 voir en famille ce week-end pr\u00e8s de Nancy"},"content":{"rendered":"<p>            Par<br \/>\n        <strong><br \/>\n            <a href=\"https:\/\/actu.fr\/auteur\/amandine-mehl\" title=\"Consulter tous les articles de Amandine Mehl\" rel=\"nofollow noopener\" target=\"_blank\">Amandine Mehl<\/a><br \/>\n        <\/strong><\/p>\n<p>        Publi\u00e9 le<\/p>\n<p>            25 ao\u00fbt 2025 \u00e0 14h53        <\/p>\n<p>L\u2019\u00e9v\u00e9nement <a href=\"https:\/\/actu.fr\/loisirs-culture\/metro-folies-voici-trois-evenements-sur-le-theme-des-annees-folles-a-ne-pas-manquer-dans-le-grand-nancy_62547875.html\" rel=\"nofollow noopener\" target=\"_blank\">M\u00e9tro\u2019Folies<\/a>, qui c\u00e9l\u00e8bre le <strong>centenaire<\/strong> de l\u2019Exposition internationale des arts d\u00e9coratifs et industriels modernes de la ville de Paris, continue de rythmer l\u2019<strong>ann\u00e9e 2025<\/strong> dans le Grand Nancy.<\/p>\n<p class=\" wall-content\">Dimanche 31\u00a0ao\u00fbt, \u00e0 18h, le rendez-vous est donn\u00e9 au <strong>Domaine de Montaigu<\/strong>, \u00e0 <strong>Laneuveville-devant-Nancy<\/strong>, afin d\u2019admirer le <strong>spectacle \u00e9questre du M\u00e9nil Saint-Michel<\/strong>.<\/p>\n<p>Un spectacle \u00e9questre qui s\u2019inspire du parcours de Louis Majorelle<\/p>\n<p class=\" wall-content\">Sp\u00e9cialement cr\u00e9\u00e9 pour l\u2019occasion, le spectacle rendra hommage \u00ab\u2009\u00e0 la fi\u00e8vre cr\u00e9atrice qui a embras\u00e9 l\u2019\u00e9poque en s\u2019appuyant sur le<strong> parcours de Louis Majorelle<\/strong>, cet artiste qui a vu et accompagn\u00e9 l\u2019\u00e9volution artistique de l\u2019art nouveau vers l\u2019art d\u00e9co\u2009\u00bb, indique la M\u00e9tropole dans un communiqu\u00e9.<\/p>\n<p class=\" wall-content\">Au fil d\u2019une<strong> s\u00e9rie de tableaux<\/strong>, la troupe du M\u00e9nil Saint-Michel racontera ce passage et reviendra sur l\u2019effervescence artistique, culturelle, \u00e9conomique, mais aussi industrielle de ces ann\u00e9es-l\u00e0.<\/p>\n<p>Cascades, voltiges et moments comiques<\/p>\n<p class=\" wall-content\">\u00ab\u2009Le spectacle durera un peu plus d\u2019une heure et mobilisera <strong>20 com\u00e9diens ainsi que 12 chevaux<\/strong>\u2009\u00bb, pr\u00e9cise Lo\u00efc Godec, \u00e0 la t\u00eate du M\u00e9nil Saint-Michel, contact\u00e9 par Lorraine Actu.<\/p>\n<p class=\" wall-content\">Incarn\u00e9 par un artiste, Louis Majorelle racontera son histoire au fil des ans, mais aussi celle de l\u2019art d\u00e9co. Un show qui m\u00ealera <strong>cascades<\/strong>, <strong>voltiges<\/strong>, mais aussi <strong>moments comiques<\/strong>.<\/p>\n<p>Dimanche 31\u00a0ao\u00fbt 2025 \u00e0 18h.<br \/>Domaine de Montaigu \u00e0 Laneuveville-devant-Nancy, devant le ch\u00e2teau.<br \/>Entr\u00e9e libre et gratuite.<br \/>Tout public.<\/p>\n<p class=\" wall-content\">Personnalisez votre actualit\u00e9 en ajoutant vos villes et m\u00e9dias en favori avec <a href=\"https:\/\/moncompte.actu.fr\" title=\"D\u00e9couvez Mon Actu\" rel=\"nofollow noopener\" data-trk=\"{&quot;cta&quot;:{&quot;action&quot;:&quot;https:\\\/\\\/moncompte.actu.fr&quot;,&quot;category&quot;:&quot;mon compte&quot;,&quot;from&quot;:&quot;article footer&quot;,&quot;name&quot;:&quot;Mon actu&quot;,&quot;type&quot;:&quot;cta&quot;}}\" target=\"_blank\">Mon Actu<\/a>.<\/p>\n","protected":false},"excerpt":{"rendered":"Par Amandine Mehl Publi\u00e9 le 25 ao\u00fbt 2025 \u00e0 14h53 L\u2019\u00e9v\u00e9nement M\u00e9tro\u2019Folies, qui c\u00e9l\u00e8bre le centenaire de l\u2019Exposition&hellip;\n","protected":false},"author":2,"featured_media":343053,"comment_status":"","ping_status":"","sticky":false,"template":"","format":"standard","meta":{"footnotes":""},"categories":[9635],"tags":[1111,11,1777,674,1011,27,775,1652,1702,12,25,853],"class_list":{"0":"post-343052","1":"post","2":"type-post","3":"status-publish","4":"format-standard","5":"has-post-thumbnail","7":"category-nancy","8":"tag-actu","9":"tag-actualites","10":"tag-eu","11":"tag-europe","12":"tag-fr","13":"tag-france","14":"tag-grand-est","15":"tag-loisirs-culture","16":"tag-nancy","17":"tag-news","18":"tag-republique-francaise","19":"tag-spectacles"},"share_on_mastodon":{"url":"https:\/\/pubeurope.com\/@fr\/115089986269332857","error":""},"_links":{"self":[{"href":"https:\/\/www.europesays.com\/fr\/wp-json\/wp\/v2\/posts\/343052","targetHints":{"allow":["GET"]}}],"collection":[{"href":"https:\/\/www.europesays.com\/fr\/wp-json\/wp\/v2\/posts"}],"about":[{"href":"https:\/\/www.europesays.com\/fr\/wp-json\/wp\/v2\/types\/post"}],"author":[{"embeddable":true,"href":"https:\/\/www.europesays.com\/fr\/wp-json\/wp\/v2\/users\/2"}],"replies":[{"embeddable":true,"href":"https:\/\/www.europesays.com\/fr\/wp-json\/wp\/v2\/comments?post=343052"}],"version-history":[{"count":0,"href":"https:\/\/www.europesays.com\/fr\/wp-json\/wp\/v2\/posts\/343052\/revisions"}],"wp:featuredmedia":[{"embeddable":true,"href":"https:\/\/www.europesays.com\/fr\/wp-json\/wp\/v2\/media\/343053"}],"wp:attachment":[{"href":"https:\/\/www.europesays.com\/fr\/wp-json\/wp\/v2\/media?parent=343052"}],"wp:term":[{"taxonomy":"category","embeddable":true,"href":"https:\/\/www.europesays.com\/fr\/wp-json\/wp\/v2\/categories?post=343052"},{"taxonomy":"post_tag","embeddable":true,"href":"https:\/\/www.europesays.com\/fr\/wp-json\/wp\/v2\/tags?post=343052"}],"curies":[{"name":"wp","href":"https:\/\/api.w.org\/{rel}","templated":true}]}}