{"id":343054,"date":"2025-08-25T14:56:10","date_gmt":"2025-08-25T14:56:10","guid":{"rendered":"https:\/\/www.europesays.com\/fr\/343054\/"},"modified":"2025-08-25T14:56:10","modified_gmt":"2025-08-25T14:56:10","slug":"refuse-dun-restaurant-a-toulon-car-son-chien-guide-laccompagne-ce-retraite-deficient-visuel-porte-plainte","status":"publish","type":"post","link":"https:\/\/www.europesays.com\/fr\/343054\/","title":{"rendered":"Refus\u00e9 d&rsquo;un restaurant \u00e0 Toulon car son chien guide l&rsquo;accompagne, ce retrait\u00e9 d\u00e9ficient visuel porte plainte"},"content":{"rendered":"<p>\u00ab\u00a0Je ne baisserai pas les bras et je ne retirerai pas ma plainte pour discrimination envers une personne en situation de handicap!\u00a0\u00bb Georges, un Toulonnais d\u00e9ficient visuel, retrait\u00e9 du minist\u00e8re de la D\u00e9fense, ne peut faire deux pas dans la rue sans sa chienne labrador, Noum\u00e9a. \u00ab\u00a0Sans elle, je suis perdu\u00a0\u00bb, explique-t-il. \u00ab\u00a0Elle est bien plus utile que ma canne. Indispensable.\u00a0\u00bb<\/p>\n<p>\u00ab\u00a0On ne peut pas accepter le chien!\u00a0\u00bb<\/p>\n<p>G\u00e9n\u00e9ralement, les gens le comprennent et s\u2019adaptent. Mais pas tout le temps. \u00ab\u00a0Vendredi midi dernier, on voulait aller manger avec deux amis <strong>Chez le Palestinien<\/strong>, un restaurant de la rue Jean-Jaur\u00e8s. Une serveuse nous a accueillis et s\u2019est tourn\u00e9e vers son patron qui nous a imm\u00e9diatement dit: On ne peut pas accepter le chien. On a donc d\u00fb quitter les lieux mais la col\u00e8re ne retombe pas. C\u2019est insupportable! J\u2019ai donc d\u00e9pos\u00e9 plainte au commissariat central pour discrimination en raison d\u2019un handicap et refus d\u2019un service dans un lieu accueillant du public.\u00a0\u00bb<\/p>\n<p>Que dit la loi en la mati\u00e8re? \u00ab\u00a0Les chiens guides d\u2019aveugle ou d\u2019assistance sont admis dans tous les lieux ouverts au public. Ils sont admis aussi dans les transports et dans les locaux d\u2019activit\u00e9 professionnelle. Interdire l\u2019acc\u00e8s des lieux ouverts au public aux chiens guides d\u2019aveugles et d\u2019assistance est puni d\u2019une amende pouvant aller jusqu\u2019\u00e0 450 euros\u00a0\u00bb, stipule la loi du 11 f\u00e9vrier 2005 qui visait \u00e0 prot\u00e9ger davantage les personnes handicap\u00e9es dans la ville.<\/p>\n<p>\u00ab\u00a0Nous avons propos\u00e9 la terrasse\u00a0\u00bb<\/p>\n<p>\u00ab\u00a0Ce monsieur est arriv\u00e9 avec son chien. Comme dans tous les restaurants, <strong>nous refusons les animaux de compagnie \u00e0 l\u2019int\u00e9rieur<\/strong> <strong>pour une question d\u2019hygi\u00e8ne<\/strong>\u00ab\u00a0, r\u00e9pond la direction du restaurant Chez le Palestinien. \u00ab\u00a0Nous lui avons donc propos\u00e9 de d\u00e9jeuner en terrasse, ce qu\u2019il a fermement refus\u00e9. Et il est parti.\u00a0\u00bb Ayman, l\u2019un des g\u00e9rants de l\u2019\u00e9tablissement, ajoute: \u00ab\u00a0Qu\u2019on soit clair: nous n\u2019avons rien contre les chiens! Moi-m\u00eame, j\u2019en ai mais je ne les emm\u00e8ne jamais au restaurant. De plus, nous n\u2019avons pas de place dedans pour les chiens imposants. D\u00e9sol\u00e9!\u00a0\u00bb<\/p>\n<p>Georges, lui, ne d\u00e9col\u00e8re toujours pas: \u00ab\u00a0Ce n\u2019est pas la premi\u00e8re fois que cela m\u2019arrive d\u2019\u00eatre \u00e9ject\u00e9 d\u2019un lieu comme \u00e7a. Au march\u00e9 du Pont-du-Las, je n\u2019avais pas \u00e9t\u00e9 admis dans un commerce parce que j\u2019avais mon chien avec moi. Dans un autre commerce de La Seyne, un vigile nous avait bloqu\u00e9s sans raison valable. Alors, <strong>stop! Je ne me laisse plus faire. La loi, c\u2019est la loi et tout le monde doit l\u2019appliquer<\/strong><strong>\u00ab\u00a0<\/strong><\/p>\n<p>Un pr\u00e9c\u00e9dent \u00e0 Hy\u00e8res<\/p>\n<p>La semaine derni\u00e8re d\u00e9j\u00e0, <a href=\"https:\/\/www.varmatin.com\/animaux\/refoules-du-restaurant-a-cause-de-leur-chien-guide-ils-portent-plainte-997853\" target=\"_blank\" rel=\"noopener\">\u00e0 Hy\u00e8res, un restaurant avait refus\u00e9 l\u2019acc\u00e8s de l\u2019\u00e9tablissement \u00e0 une famille de malentendants qui \u00e9tait accompagn\u00e9e d\u2019un chien guide de personnes en situation de handicap<\/a>.<\/p>\n<p>Malgr\u00e9 les explications et justificatifs fournis, le restaurateur n\u2019a pas c\u00e9d\u00e9. Cette fois, la direction du restaurant toulonnais est pr\u00eate \u00e0 faire un pas: \u00ab\u00a0Nous ne sommes pas anti-chiens ni anti-quiconque&#8230; On reste pr\u00eats \u00e0 accueillir ce monsieur avec le sourire et avec son chien sur notre terrasse o\u00f9 il y a la place\u00a0\u00bb<\/p>\n","protected":false},"excerpt":{"rendered":"\u00ab\u00a0Je ne baisserai pas les bras et je ne retirerai pas ma plainte pour discrimination envers une personne&hellip;\n","protected":false},"author":2,"featured_media":343055,"comment_status":"","ping_status":"","sticky":false,"template":"","format":"standard","meta":{"footnotes":""},"categories":[9619],"tags":[1111,11,1867,1777,674,1011,27,303,12,882,25,2310,3366],"class_list":{"0":"post-343054","1":"post","2":"type-post","3":"status-publish","4":"format-standard","5":"has-post-thumbnail","7":"category-toulon","8":"tag-actu","9":"tag-actualites","10":"tag-animaux","11":"tag-eu","12":"tag-europe","13":"tag-fr","14":"tag-france","15":"tag-justice","16":"tag-news","17":"tag-provence-alpes-cote-dazur","18":"tag-republique-francaise","19":"tag-toulon","20":"tag-vie-locale"},"share_on_mastodon":{"url":"https:\/\/pubeurope.com\/@fr\/115089990171328542","error":""},"_links":{"self":[{"href":"https:\/\/www.europesays.com\/fr\/wp-json\/wp\/v2\/posts\/343054","targetHints":{"allow":["GET"]}}],"collection":[{"href":"https:\/\/www.europesays.com\/fr\/wp-json\/wp\/v2\/posts"}],"about":[{"href":"https:\/\/www.europesays.com\/fr\/wp-json\/wp\/v2\/types\/post"}],"author":[{"embeddable":true,"href":"https:\/\/www.europesays.com\/fr\/wp-json\/wp\/v2\/users\/2"}],"replies":[{"embeddable":true,"href":"https:\/\/www.europesays.com\/fr\/wp-json\/wp\/v2\/comments?post=343054"}],"version-history":[{"count":0,"href":"https:\/\/www.europesays.com\/fr\/wp-json\/wp\/v2\/posts\/343054\/revisions"}],"wp:featuredmedia":[{"embeddable":true,"href":"https:\/\/www.europesays.com\/fr\/wp-json\/wp\/v2\/media\/343055"}],"wp:attachment":[{"href":"https:\/\/www.europesays.com\/fr\/wp-json\/wp\/v2\/media?parent=343054"}],"wp:term":[{"taxonomy":"category","embeddable":true,"href":"https:\/\/www.europesays.com\/fr\/wp-json\/wp\/v2\/categories?post=343054"},{"taxonomy":"post_tag","embeddable":true,"href":"https:\/\/www.europesays.com\/fr\/wp-json\/wp\/v2\/tags?post=343054"}],"curies":[{"name":"wp","href":"https:\/\/api.w.org\/{rel}","templated":true}]}}