{"id":343056,"date":"2025-08-25T14:57:12","date_gmt":"2025-08-25T14:57:12","guid":{"rendered":"https:\/\/www.europesays.com\/fr\/343056\/"},"modified":"2025-08-25T14:57:12","modified_gmt":"2025-08-25T14:57:12","slug":"leader-de-sevre-simpose-dans-le-prix-de-toulon-ce-lundi-a-vincennes","status":"publish","type":"post","link":"https:\/\/www.europesays.com\/fr\/343056\/","title":{"rendered":"Leader de S\u00e8vre s&rsquo;impose dans le Prix de Toulon ce lundi \u00e0 Vincennes"},"content":{"rendered":"<p><strong>Leader de S\u00e8vre<\/strong> a parfaitement assum\u00e9 son statut de favori en s&rsquo;imposant nettement, avec Alexandre Abrivard, dans le Prix de Toulon, ce lundi \u00e0 Vincennes. Le pensionnaire de 4 ans d&rsquo;Alexis Grimault confirme son bon succ\u00e8s du mois dernier au Mans en remportant sa deuxi\u00e8me victoire de suite. Pistant <strong>Lucky du Boufard<\/strong> dans la premi\u00e8re partie du parcours, le fils de <strong>Rockfeller Center<\/strong> s&rsquo;est d\u00e9cal\u00e9 dans la mont\u00e9e, avant de placer un uppercut \u00e0 ses adversaires dans le dernier tournant. Seul <strong>L&rsquo;Expert<\/strong> a pu suivre son acc\u00e9l\u00e9ration, terminant tout de m\u00eame \u00e0 trois longueurs du laur\u00e9at. \u201cJ&rsquo;ai eu relativement une bonne course, analyse le jockey laur\u00e9at. J&rsquo;ai pu trouver un intervalle dans la partie o\u00f9 il peinait le plus, et j&rsquo;ai pu aller doucement jusque sur le plat. On a eu la course qu&rsquo;on voulait. Dans mon dos, j&rsquo;avais un cheval avec une certaine classe d&rsquo;attelage, donc j&rsquo;avais peur de me faire devancer au sprint, mais il n&rsquo;a fait que de reprendre de la vitesse.\u201d Il devance donc <strong>L&rsquo;Expert<\/strong>, qui r\u00e9alise de bons d\u00e9buts sous la selle. <strong>L&rsquo;Oncle Sam<\/strong> compl\u00e8te le podium, en net retrait des deux premiers.<\/p>\n","protected":false},"excerpt":{"rendered":"Leader de S\u00e8vre a parfaitement assum\u00e9 son statut de favori en s&rsquo;imposant nettement, avec Alexandre Abrivard, dans le&hellip;\n","protected":false},"author":2,"featured_media":343057,"comment_status":"","ping_status":"","sticky":false,"template":"","format":"standard","meta":{"footnotes":""},"categories":[9619],"tags":[1111,11,1777,674,1011,27,12,882,25,2310],"class_list":{"0":"post-343056","1":"post","2":"type-post","3":"status-publish","4":"format-standard","5":"has-post-thumbnail","7":"category-toulon","8":"tag-actu","9":"tag-actualites","10":"tag-eu","11":"tag-europe","12":"tag-fr","13":"tag-france","14":"tag-news","15":"tag-provence-alpes-cote-dazur","16":"tag-republique-francaise","17":"tag-toulon"},"share_on_mastodon":{"url":"https:\/\/pubeurope.com\/@fr\/115089994098055388","error":""},"_links":{"self":[{"href":"https:\/\/www.europesays.com\/fr\/wp-json\/wp\/v2\/posts\/343056","targetHints":{"allow":["GET"]}}],"collection":[{"href":"https:\/\/www.europesays.com\/fr\/wp-json\/wp\/v2\/posts"}],"about":[{"href":"https:\/\/www.europesays.com\/fr\/wp-json\/wp\/v2\/types\/post"}],"author":[{"embeddable":true,"href":"https:\/\/www.europesays.com\/fr\/wp-json\/wp\/v2\/users\/2"}],"replies":[{"embeddable":true,"href":"https:\/\/www.europesays.com\/fr\/wp-json\/wp\/v2\/comments?post=343056"}],"version-history":[{"count":0,"href":"https:\/\/www.europesays.com\/fr\/wp-json\/wp\/v2\/posts\/343056\/revisions"}],"wp:featuredmedia":[{"embeddable":true,"href":"https:\/\/www.europesays.com\/fr\/wp-json\/wp\/v2\/media\/343057"}],"wp:attachment":[{"href":"https:\/\/www.europesays.com\/fr\/wp-json\/wp\/v2\/media?parent=343056"}],"wp:term":[{"taxonomy":"category","embeddable":true,"href":"https:\/\/www.europesays.com\/fr\/wp-json\/wp\/v2\/categories?post=343056"},{"taxonomy":"post_tag","embeddable":true,"href":"https:\/\/www.europesays.com\/fr\/wp-json\/wp\/v2\/tags?post=343056"}],"curies":[{"name":"wp","href":"https:\/\/api.w.org\/{rel}","templated":true}]}}