{"id":343060,"date":"2025-08-25T14:59:12","date_gmt":"2025-08-25T14:59:12","guid":{"rendered":"https:\/\/www.europesays.com\/fr\/343060\/"},"modified":"2025-08-25T14:59:12","modified_gmt":"2025-08-25T14:59:12","slug":"trouver-mon-premier-appart-le-forum-pour-aider-les-jeunes-a-se-loger","status":"publish","type":"post","link":"https:\/\/www.europesays.com\/fr\/343060\/","title":{"rendered":"\u00ab\u00a0trouver mon premier appart'\u00a0\u00bb, le forum pour aider les jeunes \u00e0 se loger"},"content":{"rendered":"<p>\nLe D\u00e9partement de l&rsquo;H\u00e9rault organise la 13e \u00e9dition de la Journ\u00e9e Logement \u00ab\u00a0trouver mon premier appart'\u00a0\u00bb, le 3 septembre prochain \u00e0 l\u2019Espace Jeunes Citoyens de Pierresvives \u00e0 Montpellier.<\/p>\n<p>\n\u00a9 Illustration \/ Le forum a pour but de guider les jeunes dans leur recherche de logement..<\/p>\n<p>Trouver son premier appartement est parfois synonyme de stress et de difficult\u00e9s pour les \u00e9tudiants. Le <strong>D\u00e9partement de <a href=\"https:\/\/infoccitanie.fr\/tag\/herault\/\" rel=\"nofollow noopener\" target=\"_blank\">l\u2019H\u00e9rault<\/a><\/strong>, en partenariat avec <strong>l\u2019association<a href=\"https:\/\/www.crij.org\/herault\/fr\/\" target=\"_blank\" rel=\"nofollow noopener\"> CRIJ\/Info Jeunes H\u00e9rault<\/a><\/strong>, organise une nouvelle journ\u00e9e <strong>\u00ab\u00a0trouver mon premier appart&rsquo;\u00a0\u00bb.<\/strong><\/p>\n<p>D\u00e9marches, aides et rencontres<\/p>\n<p>L\u2019initiative s\u2019adresse aux personnes de <strong>17 \u00e0 30 ans<\/strong>, quel que soit leur statut (\u00e9tudiants, alternants, en formation, en recherche d\u2019emploi ou jeunes salari\u00e9s). Durant l\u2019\u00e9v\u00e9nement, les participants sont aiguill\u00e9s, aid\u00e9s et se voient pr\u00e9senter toutes\u00a0les possibilit\u00e9s de logements et les aides \u00e0 la location disponibles sur l\u2019agglom\u00e9ration montpelli\u00e9raine. Des experts du logement seront \u00e9galement sur place afin de guider les participants. De plus, sur place les jeunes vont pouvoir faire directement leurs d\u00e9marches sur les sites de la<strong> CAF, d\u2019Action Logement, d\u2019Info Jeunes <a class=\"wpil_keyword_link\" href=\"https:\/\/infoccitanie.fr\/occitanie\/herault\/\" title=\"H\u00e9rault\" data-wpil-keyword-link=\"linked\" data-wpil-monitor-id=\"1004\" rel=\"nofollow noopener\" target=\"_blank\">H\u00e9rault<\/a> ou encore la Boussole des jeunes Montpellier M\u00e9tropole<\/strong>. Le forum est \u00e9galement ouvert aux propri\u00e9taires qui peuvent venir rencontrer les jeunes directement sur place.<\/p>\n<p><a data-no-instant=\"1\" href=\"https:\/\/www.lio-occitanie.fr\/titres-et-tarifs\/\" rel=\"noopener nofollow\" class=\"a2t-link\" aria-label=\"2915-lio-sncf-2025\" target=\"_blank\"><img decoding=\"async\" src=\"https:\/\/www.europesays.com\/fr\/wp-content\/uploads\/2025\/08\/2915-lio-sncf-2025.png\" alt=\"\"  \/><\/a><\/p>\n","protected":false},"excerpt":{"rendered":"Le D\u00e9partement de l&rsquo;H\u00e9rault organise la 13e \u00e9dition de la Journ\u00e9e Logement \u00ab\u00a0trouver mon premier appart&rsquo;\u00a0\u00bb, le 3&hellip;\n","protected":false},"author":2,"featured_media":343061,"comment_status":"","ping_status":"","sticky":false,"template":"","format":"standard","meta":{"footnotes":""},"categories":[9599],"tags":[1111,11,1777,674,1011,27,2208,12,2680,25],"class_list":{"0":"post-343060","1":"post","2":"type-post","3":"status-publish","4":"format-standard","5":"has-post-thumbnail","7":"category-montpellier","8":"tag-actu","9":"tag-actualites","10":"tag-eu","11":"tag-europe","12":"tag-fr","13":"tag-france","14":"tag-montpellier","15":"tag-news","16":"tag-occitanie","17":"tag-republique-francaise"},"share_on_mastodon":{"url":"https:\/\/pubeurope.com\/@fr\/115090001943901947","error":""},"_links":{"self":[{"href":"https:\/\/www.europesays.com\/fr\/wp-json\/wp\/v2\/posts\/343060","targetHints":{"allow":["GET"]}}],"collection":[{"href":"https:\/\/www.europesays.com\/fr\/wp-json\/wp\/v2\/posts"}],"about":[{"href":"https:\/\/www.europesays.com\/fr\/wp-json\/wp\/v2\/types\/post"}],"author":[{"embeddable":true,"href":"https:\/\/www.europesays.com\/fr\/wp-json\/wp\/v2\/users\/2"}],"replies":[{"embeddable":true,"href":"https:\/\/www.europesays.com\/fr\/wp-json\/wp\/v2\/comments?post=343060"}],"version-history":[{"count":0,"href":"https:\/\/www.europesays.com\/fr\/wp-json\/wp\/v2\/posts\/343060\/revisions"}],"wp:featuredmedia":[{"embeddable":true,"href":"https:\/\/www.europesays.com\/fr\/wp-json\/wp\/v2\/media\/343061"}],"wp:attachment":[{"href":"https:\/\/www.europesays.com\/fr\/wp-json\/wp\/v2\/media?parent=343060"}],"wp:term":[{"taxonomy":"category","embeddable":true,"href":"https:\/\/www.europesays.com\/fr\/wp-json\/wp\/v2\/categories?post=343060"},{"taxonomy":"post_tag","embeddable":true,"href":"https:\/\/www.europesays.com\/fr\/wp-json\/wp\/v2\/tags?post=343060"}],"curies":[{"name":"wp","href":"https:\/\/api.w.org\/{rel}","templated":true}]}}