{"id":343062,"date":"2025-08-25T15:01:20","date_gmt":"2025-08-25T15:01:20","guid":{"rendered":"https:\/\/www.europesays.com\/fr\/343062\/"},"modified":"2025-08-25T15:01:20","modified_gmt":"2025-08-25T15:01:20","slug":"sweet-fm-rouen-un-quizz-musical-avec-sweet-fm-reseau-astuce-et-la-metropole-rouen-normandie","status":"publish","type":"post","link":"https:\/\/www.europesays.com\/fr\/343062\/","title":{"rendered":"SWEET FM &#8211; Rouen : un quizz musical avec Sweet FM, R\u00e9seau Astuce et la M\u00e9tropole Rouen Normandie !"},"content":{"rendered":"\n<p>La M\u00e9tropole met en place la gratuit\u00e9 des transports sur le R\u00e9seau Astuce pour tous les jeunes de moins de 18 ans, d\u00e8s la rentr\u00e9e de septembre 2025 !<br \/>Cette gratuit\u00e9 permettra d&rsquo;all\u00e9ger le poids financier des transports publics pour les familles et de favoriser les alternatives \u00e0 la voiture individuelle en incitant les jeunes g\u00e9n\u00e9rations \u00e0 adopter l&rsquo;usage des transports en commun.<br \/>Pr\u00e8s de 24 000 abonn\u00e9s, majoritairement r\u00e9sidents de la M\u00e9tropole, profiteront de cette initiative qui reste accessible \u00e0 tous les voyageurs mineurs, ind\u00e9pendamment de leur lieu de r\u00e9sidence.<\/p>\n<p>\u00a0<\/p>\n<p>Retrouvez-nous pour un grand quiz musical, de l\u2019ambiance\u2026 et plein de cadeaux \u00e0 gagner !<\/p>\n<p>Alors\u2026 vous venez jouer avec nous ?<\/p>\n<p>\u00a0<\/p>\n<p><strong>Rendez-vous mercredi 27 ao\u00fbt, entre 15h et 18h, arr\u00eat T\u00e9or du Th\u00e9\u00e2tre des arts \u00e0 Rouen !<\/strong><\/p>\n","protected":false},"excerpt":{"rendered":"La M\u00e9tropole met en place la gratuit\u00e9 des transports sur le R\u00e9seau Astuce pour tous les jeunes de&hellip;\n","protected":false},"author":2,"featured_media":343063,"comment_status":"","ping_status":"","sticky":false,"template":"","format":"standard","meta":{"footnotes":""},"categories":[9587],"tags":[1111,11,6874,1777,674,1011,27,47911,47909,873,12,5161,7767,1825,5486,25,36173,9590,47910,800],"class_list":{"0":"post-343062","1":"post","2":"type-post","3":"status-publish","4":"format-standard","5":"has-post-thumbnail","7":"category-rouen","8":"tag-actu","9":"tag-actualites","10":"tag-cadeau","11":"tag-eu","12":"tag-europe","13":"tag-fr","14":"tag-france","15":"tag-goodies","16":"tag-metropole-rouen-normandie","17":"tag-musique","18":"tag-news","19":"tag-normandie","20":"tag-quiz","21":"tag-radio","22":"tag-rencontre","23":"tag-republique-francaise","24":"tag-reseau-astuce","25":"tag-rouen","26":"tag-sweet-fm","27":"tag-transports"},"share_on_mastodon":{"url":"https:\/\/pubeurope.com\/@fr\/115090010008903984","error":""},"_links":{"self":[{"href":"https:\/\/www.europesays.com\/fr\/wp-json\/wp\/v2\/posts\/343062","targetHints":{"allow":["GET"]}}],"collection":[{"href":"https:\/\/www.europesays.com\/fr\/wp-json\/wp\/v2\/posts"}],"about":[{"href":"https:\/\/www.europesays.com\/fr\/wp-json\/wp\/v2\/types\/post"}],"author":[{"embeddable":true,"href":"https:\/\/www.europesays.com\/fr\/wp-json\/wp\/v2\/users\/2"}],"replies":[{"embeddable":true,"href":"https:\/\/www.europesays.com\/fr\/wp-json\/wp\/v2\/comments?post=343062"}],"version-history":[{"count":0,"href":"https:\/\/www.europesays.com\/fr\/wp-json\/wp\/v2\/posts\/343062\/revisions"}],"wp:featuredmedia":[{"embeddable":true,"href":"https:\/\/www.europesays.com\/fr\/wp-json\/wp\/v2\/media\/343063"}],"wp:attachment":[{"href":"https:\/\/www.europesays.com\/fr\/wp-json\/wp\/v2\/media?parent=343062"}],"wp:term":[{"taxonomy":"category","embeddable":true,"href":"https:\/\/www.europesays.com\/fr\/wp-json\/wp\/v2\/categories?post=343062"},{"taxonomy":"post_tag","embeddable":true,"href":"https:\/\/www.europesays.com\/fr\/wp-json\/wp\/v2\/tags?post=343062"}],"curies":[{"name":"wp","href":"https:\/\/api.w.org\/{rel}","templated":true}]}}