{"id":343064,"date":"2025-08-25T15:02:10","date_gmt":"2025-08-25T15:02:10","guid":{"rendered":"https:\/\/www.europesays.com\/fr\/343064\/"},"modified":"2025-08-25T15:02:10","modified_gmt":"2025-08-25T15:02:10","slug":"ils-lont-tabasse-pendant-un-quart-dheure","status":"publish","type":"post","link":"https:\/\/www.europesays.com\/fr\/343064\/","title":{"rendered":"\u00ab\u00a0Ils l&rsquo;ont tabass\u00e9 pendant un quart d&rsquo;heure ! \u00bb"},"content":{"rendered":"<p>            Par<br \/>\n        <strong><br \/>\n            <a href=\"https:\/\/actu.fr\/auteur\/julien-bouteiller\" title=\"Consulter tous les articles de Julien Bouteiller\" target=\"_blank\" rel=\"noopener\">Julien Bouteiller<\/a><br \/>\n        <\/strong><\/p>\n<p>        Publi\u00e9 le<\/p>\n<p>            25 ao\u00fbt 2025 \u00e0 16h52        <\/p>\n<p><strong>\u00ab\u2009C\u2019\u00e9tait d\u2019une violence inou\u00efe\u2009\u00bb<\/strong>, relate un t\u00e9moin de la sc\u00e8ne \u00e0\u00a076actu. T\u00f4t dans la matin\u00e9e du dimanche 24\u00a0ao\u00fbt 2025, un homme a \u00e9t\u00e9<strong> pass\u00e9 \u00e0 tabac en plein centre-ville<\/strong> de <a href=\"https:\/\/actu.fr\/normandie\/rouen_76540\" target=\"_blank\" rel=\"noopener\">Rouen (Seine-Maritime)<\/a>, ce que nous confirme une source polici\u00e8re.<\/p>\n<p>Dix contre un en plein centre de Rouen<\/p>\n<p class=\" wall-content\">L\u2019agression s\u2019est produite peu avant 7h du matin. Selon notre t\u00e9moin, \u00ab\u2009il y a toute une bande qui est arriv\u00e9e <strong>rue de Buffon<\/strong>, et on ne sait pas trop pourquoi, \u00e7a s\u2019est \u00e9chauff\u00e9\u2009\u00bb. L\u00e0, \u00ab\u2009une dizaine d\u2019individus ont tabass\u00e9 un gars tout seul\u2009\u00bb.<\/p>\n<p class=\" wall-content\"><strong>Une sc\u00e8ne d\u2019une grande violence<\/strong>, avec une pluie de coups de poing, coups de pied. \u00ab\u2009Il y en a un qui lui a saut\u00e9 dessus \u00e0 pieds joints. Un autre qui a lui mis des coups de ceinture.\u2009\u00bb<\/p>\n<p>Tabass\u00e9 pendant un quart d\u2019heure<\/p>\n<p class=\" wall-content\">D\u2019apr\u00e8s nos informations, la vid\u00e9osurveillance du secteur r\u00e9v\u00e8le que le lynchage a \u00e9t\u00e9 long, tr\u00e8s long. <strong>\u00ab\u2009Ils l\u2019ont tabass\u00e9 durant un quart d\u2019heure\u2009!\u2009\u00bb<\/strong>, selon notre t\u00e9moin.<\/p>\n<blockquote class=\"ac-article-quote wall-content\">\n<p>Il y avait du sang partout par terre.<\/p>\n<p>    <strong>T\u00e9moin de la sc\u00e8ne<\/strong>\n            <\/p><\/blockquote>\n<p class=\" wall-content\">La police, d\u00e9j\u00e0 dans le secteur, est arriv\u00e9e assez vite sur les lieux. Certains des agresseurs ont pu s\u2019enfuir, mais<strong>\u00a0trois ont tout de m\u00eame \u00e9t\u00e9 rattrap\u00e9s et interpell\u00e9s<\/strong>, nous confirme une source polici\u00e8re. Ils sont \u00e2g\u00e9s de 33, 35 et 36\u00a0ans, tous alcoolis\u00e9s.<\/p>\n<p class=\" wall-content\">La victime, un homme de 23\u00a0ans, a pour sa part \u00e9t\u00e9 <strong>transport\u00e9e \u00e0 l\u2019h\u00f4pital par les pompiers<\/strong>. L\u2019enqu\u00eate en cours devra faire la lumi\u00e8re sur les raisons de ce passage \u00e0 tabac, et en identifier les auteurs.<\/p>\n<p>Votre r\u00e9gion, votre actu !<\/p>\n<p>Recevez chaque jour les infos qui comptent pour vous.<\/p>\n<p>\t<a href=\"https:\/\/actu.fr\/newsletter\" class=\"ac-btn ac-btn--corner ac-btn--medium ac-btn--blue800\" target=\"_blank\" rel=\"noopener\">S&rsquo;incrire<\/a><br \/>\nSuivez l\u2019actualit\u00e9 de Rouen <a href=\"https:\/\/www.whatsapp.com\/channel\/0029VaKfnf99hXF2ddApFB1D\" target=\"_blank\" rel=\"noopener\">sur notre cha\u00eene WhatsApp<\/a> et <a href=\"https:\/\/www.tiktok.com\/@76actu.fr?lang=fr\" target=\"_blank\" rel=\"noopener\">sur notre compte TikTok<\/a><\/p>\n<p class=\" wall-content\">Personnalisez votre actualit\u00e9 en ajoutant vos villes et m\u00e9dias en favori avec <a href=\"https:\/\/moncompte.actu.fr\" title=\"D\u00e9couvez Mon Actu\" rel=\"nofollow noopener\" data-trk=\"{&quot;cta&quot;:{&quot;action&quot;:&quot;https:\\\/\\\/moncompte.actu.fr&quot;,&quot;category&quot;:&quot;mon compte&quot;,&quot;from&quot;:&quot;article footer&quot;,&quot;name&quot;:&quot;Mon actu&quot;,&quot;type&quot;:&quot;cta&quot;}}\" target=\"_blank\">Mon Actu<\/a>.<\/p>\n<p>                    <script async src=\"\/\/www.tiktok.com\/embed.js\"><\/script><\/p>\n","protected":false},"excerpt":{"rendered":"Par Julien Bouteiller Publi\u00e9 le 25 ao\u00fbt 2025 \u00e0 16h52 \u00ab\u2009C\u2019\u00e9tait d\u2019une violence inou\u00efe\u2009\u00bb, relate un t\u00e9moin de&hellip;\n","protected":false},"author":2,"featured_media":343065,"comment_status":"","ping_status":"","sticky":false,"template":"","format":"standard","meta":{"footnotes":""},"categories":[9587],"tags":[1111,11,1777,674,118,1011,27,12,5161,1072,25,9590,7501],"class_list":{"0":"post-343064","1":"post","2":"type-post","3":"status-publish","4":"format-standard","5":"has-post-thumbnail","7":"category-rouen","8":"tag-actu","9":"tag-actualites","10":"tag-eu","11":"tag-europe","12":"tag-faits-divers","13":"tag-fr","14":"tag-france","15":"tag-news","16":"tag-normandie","17":"tag-police","18":"tag-republique-francaise","19":"tag-rouen","20":"tag-violences-urbaines"},"share_on_mastodon":{"url":"https:\/\/pubeurope.com\/@fr\/115090013745950767","error":""},"_links":{"self":[{"href":"https:\/\/www.europesays.com\/fr\/wp-json\/wp\/v2\/posts\/343064","targetHints":{"allow":["GET"]}}],"collection":[{"href":"https:\/\/www.europesays.com\/fr\/wp-json\/wp\/v2\/posts"}],"about":[{"href":"https:\/\/www.europesays.com\/fr\/wp-json\/wp\/v2\/types\/post"}],"author":[{"embeddable":true,"href":"https:\/\/www.europesays.com\/fr\/wp-json\/wp\/v2\/users\/2"}],"replies":[{"embeddable":true,"href":"https:\/\/www.europesays.com\/fr\/wp-json\/wp\/v2\/comments?post=343064"}],"version-history":[{"count":0,"href":"https:\/\/www.europesays.com\/fr\/wp-json\/wp\/v2\/posts\/343064\/revisions"}],"wp:featuredmedia":[{"embeddable":true,"href":"https:\/\/www.europesays.com\/fr\/wp-json\/wp\/v2\/media\/343065"}],"wp:attachment":[{"href":"https:\/\/www.europesays.com\/fr\/wp-json\/wp\/v2\/media?parent=343064"}],"wp:term":[{"taxonomy":"category","embeddable":true,"href":"https:\/\/www.europesays.com\/fr\/wp-json\/wp\/v2\/categories?post=343064"},{"taxonomy":"post_tag","embeddable":true,"href":"https:\/\/www.europesays.com\/fr\/wp-json\/wp\/v2\/tags?post=343064"}],"curies":[{"name":"wp","href":"https:\/\/api.w.org\/{rel}","templated":true}]}}