{"id":343070,"date":"2025-08-25T15:05:12","date_gmt":"2025-08-25T15:05:12","guid":{"rendered":"https:\/\/www.europesays.com\/fr\/343070\/"},"modified":"2025-08-25T15:05:12","modified_gmt":"2025-08-25T15:05:12","slug":"le-specialiste-de-lamenagement-dinterieur-archea-ouvre-un-second-point-de-vente-a-rennes","status":"publish","type":"post","link":"https:\/\/www.europesays.com\/fr\/343070\/","title":{"rendered":"Le sp\u00e9cialiste de l\u2019am\u00e9nagement d\u2019int\u00e9rieur , Archea, ouvre un second point de vente \u00e0 Rennes"},"content":{"rendered":"<p>  Archea, r\u00e9seau national de magasins sp\u00e9cialistes de l&rsquo;am\u00e9nagement d\u2019int\u00e9rieur, poursuit son d\u00e9veloppement en Bretagne avec l\u2019ouverture, ce 1er septembre d\u2019un sixi\u00e8me point de vente. Situ\u00e9 au sud de Rennes, ce dernier est g\u00e9r\u00e9 par Sophie Merlin et Antoine Crinon, \u00e0 la t\u00eate de la franchise Archea Rennes Nord depuis 4 ans.<\/p>\n<p>Avec plus de 40 ans d\u2019existence, et plus de soixante magasins r\u00e9partis sur l\u2019ensemble du territoire Fran\u00e7ais, mais aussi en Suisse, Archea se positionne comme le plus ancien r\u00e9seau sp\u00e9cialiste de l\u2019am\u00e9nagement int\u00e9rieur sur mesure (dressings, biblioth\u00e8ques, rangements, livongs\u2026). D\u00e9tenue par 10 adh\u00e9rents, tous propri\u00e9taires de magasins, la soci\u00e9t\u00e9 SEA constitue la t\u00eate de ce r\u00e9seau de 200 collaborateurs <strong>dont six points de ventes ont ouvert en Bretagne ( Brest, Vannes, Saint-Brieuc, Saint-Malo et 2 \u00e0 Rennes)<\/strong>. Avec un chiffre d\u2019affaires en progression de 4 %, \u00e0 plus de 38 M\u20ac, la franchise table sur une croissance \u00e9quivalente en 2025.<\/p>\n<p>\u00a0<\/p>\n<p>100 m\u00b2de surface et 150 000 euros de travaux<\/p>\n<p>Sophie Merlin et Antoine Crinon, les g\u00e9rants de ce nouveau magasin cumulent plus de 30 ans d\u2019exp\u00e9rience dans l\u2019am\u00e9nagement int\u00e9rieur. C\u2019est en 2020, pendant le confinement, qu\u2019ils d\u00e9cident de concr\u00e9tiser leur projet et rejoindre le r\u00e9seau Archea. <strong>D\u00e8s 2021, ils ouvrent ainsi leur premier magasin au nord de Rennes.<\/strong> Situ\u00e9 dans le sud de la capitale bretonne, ce second point de vente, d\u2019une surface de 100 m2, centralise \u00e9galement la logistique des deux points de vente, gr\u00e2ce \u00e0 un d\u00e9p\u00f4t attenant. \u00ab <strong>Nos clients recherchent de plus en plus des meubles multifonctions, souvent li\u00e9s \u00e0 la g\u00e9n\u00e9ralisation du t\u00e9l\u00e9travail, et nous confient des projets de r\u00e9novation d\u2019ampleur, parfois de l\u2019ensemble de la maison <\/strong>\u00bb, explique Antoine Crinon, co-g\u00e9rant du magasin qui a n\u00e9cessit\u00e9 plus de 150 000 euros de travaux et la cr\u00e9ation de deux emplois.<\/p>\n<p>L\u2019argument phare de la franchise, c\u2019est la fabrication fran\u00e7aise. Une fois dessin\u00e9, le meuble est cr\u00e9\u00e9 dans l\u2019une des deux usines du groupe situ\u00e9es \u00e0 Toulouse. Celles-ci ainsi qu\u2019un atelier de menuiserie, servent \u00e0 approvisionner l\u2019ensemble des magasins en France. <strong>Environ 80 % des mat\u00e9riaux sont d\u2019origine fran\u00e7aise.<\/strong> A la fin de l\u2019ann\u00e9e, Sophie Merlin et Antoine Crinon proposeront \u00e0 leur client\u00e8le une exp\u00e9rience de r\u00e9alit\u00e9 virtuelle, afin de leur permettre de mieux se projeter dans leurs futurs am\u00e9nagements.<\/p>\n","protected":false},"excerpt":{"rendered":"Archea, r\u00e9seau national de magasins sp\u00e9cialistes de l&rsquo;am\u00e9nagement d\u2019int\u00e9rieur, poursuit son d\u00e9veloppement en Bretagne avec l\u2019ouverture, ce 1er&hellip;\n","protected":false},"author":2,"featured_media":343071,"comment_status":"","ping_status":"","sticky":false,"template":"","format":"standard","meta":{"footnotes":""},"categories":[2821],"tags":[1111,11,829,1777,674,1011,27,12,584,25],"class_list":{"0":"post-343070","1":"post","2":"type-post","3":"status-publish","4":"format-standard","5":"has-post-thumbnail","7":"category-rennes","8":"tag-actu","9":"tag-actualites","10":"tag-bretagne","11":"tag-eu","12":"tag-europe","13":"tag-fr","14":"tag-france","15":"tag-news","16":"tag-rennes","17":"tag-republique-francaise"},"share_on_mastodon":{"url":"https:\/\/pubeurope.com\/@fr\/115090025739817229","error":""},"_links":{"self":[{"href":"https:\/\/www.europesays.com\/fr\/wp-json\/wp\/v2\/posts\/343070","targetHints":{"allow":["GET"]}}],"collection":[{"href":"https:\/\/www.europesays.com\/fr\/wp-json\/wp\/v2\/posts"}],"about":[{"href":"https:\/\/www.europesays.com\/fr\/wp-json\/wp\/v2\/types\/post"}],"author":[{"embeddable":true,"href":"https:\/\/www.europesays.com\/fr\/wp-json\/wp\/v2\/users\/2"}],"replies":[{"embeddable":true,"href":"https:\/\/www.europesays.com\/fr\/wp-json\/wp\/v2\/comments?post=343070"}],"version-history":[{"count":0,"href":"https:\/\/www.europesays.com\/fr\/wp-json\/wp\/v2\/posts\/343070\/revisions"}],"wp:featuredmedia":[{"embeddable":true,"href":"https:\/\/www.europesays.com\/fr\/wp-json\/wp\/v2\/media\/343071"}],"wp:attachment":[{"href":"https:\/\/www.europesays.com\/fr\/wp-json\/wp\/v2\/media?parent=343070"}],"wp:term":[{"taxonomy":"category","embeddable":true,"href":"https:\/\/www.europesays.com\/fr\/wp-json\/wp\/v2\/categories?post=343070"},{"taxonomy":"post_tag","embeddable":true,"href":"https:\/\/www.europesays.com\/fr\/wp-json\/wp\/v2\/tags?post=343070"}],"curies":[{"name":"wp","href":"https:\/\/api.w.org\/{rel}","templated":true}]}}