{"id":343072,"date":"2025-08-25T15:06:13","date_gmt":"2025-08-25T15:06:13","guid":{"rendered":"https:\/\/www.europesays.com\/fr\/343072\/"},"modified":"2025-08-25T15:06:13","modified_gmt":"2025-08-25T15:06:13","slug":"une-vente-a-35-me-qui-ne-se-refuse-pas","status":"publish","type":"post","link":"https:\/\/www.europesays.com\/fr\/343072\/","title":{"rendered":"une vente \u00e0 35 M\u20ac qui ne se refuse pas ?"},"content":{"rendered":"<p>Apr\u00e8s la f\u00eate, la d\u00e9faite. Une semaine plus t\u00f4t, le Stade Rennais pouvait se f\u00e9liciter de son entr\u00e9e en lice r\u00e9ussie dans cette <a href=\"https:\/\/www.dailymercato.com\/ligue-1\" rel=\"nofollow noopener\" target=\"_blank\">Ligue 1<\/a> version 2025\/2026, avec une victoire contre l&rsquo;OM. Le week-end dernier, les Rouge et Noir ont litt\u00e9ralement vol\u00e9 en \u00e9clats sur la pelouse de Lorient (4-0).\u00a0<\/p>\n<p>A 9 contre 11 durant quasiment toute la partie, difficile pour les hommes d&rsquo;Habib Beye de rivaliser avec le champion de Ligue 2 en titre. Devant, l&rsquo;absence d&rsquo;Arnaud Kalimuendo a forc\u00e9ment pes\u00e9. <a href=\"https:\/\/www.dailymercato.com\/news\/mercato-rennes-harder-lepaul-imbroglio-chez-les-rouge-et-noir\" rel=\"nofollow noopener\" target=\"_blank\">Les Rouge et Noir lui cherchent toujours activement un successeur<\/a>. M\u00eame constat derri\u00e8re dans quelques jours ?\u00a0<\/p>\n<blockquote class=\"twitter-tweet\"><p>&#13;<\/p>\n<p dir=\"ltr\" lang=\"en\">\ud83d\udea8 Al Hilal are reported to outbid Arsenal and Real Madrid for Rennes defender J\u00e9r\u00e9my Jacquet with a substantial offer.<a href=\"https:\/\/t.co\/faT34KDk8c\" rel=\"nofollow\">https:\/\/t.co\/faT34KDk8c<\/a><a href=\"https:\/\/twitter.com\/hashtag\/Ligue1?src=hash&amp;ref_src=twsrc%5Etfw\" rel=\"nofollow noopener\" target=\"_blank\">#Ligue1<\/a> <a href=\"https:\/\/twitter.com\/hashtag\/%D8%AF%D9%88%D8%B1%D9%8A_%D8%B1%D9%88%D8%B4%D9%86_%D8%A7%D9%84%D8%B3%D8%B9%D9%88%D8%AF%D9%8A?src=hash&amp;ref_src=twsrc%5Etfw\" rel=\"nofollow noopener\" target=\"_blank\">#\u062f\u0648\u0631\u064a_\u0631\u0648\u0634\u0646_\u0627\u0644\u0633\u0639\u0648\u062f\u064a<\/a><\/p>\n<p>&#13;<br \/>\n\u2014 TransferFeed (@transferfeedcom) <a href=\"https:\/\/twitter.com\/transferfeedcom\/status\/1959758878905655523?ref_src=twsrc%5Etfw\" rel=\"nofollow noopener\" target=\"_blank\">August 24, 2025<\/a><\/p><\/blockquote>\n<p>35 M\u20ac pour J\u00e9r\u00e9my Jacquet, Rennes dans l&#8217;embarras<\/p>\n<p>Au mois de mars dernier, d\u00e9j\u00e0, <a href=\"https:\/\/www.dailymercato.com\/news\/mercato-rennes-un-coup-de-poker-pourrait-rapporter-30meur\" rel=\"nofollow noopener\" target=\"_blank\">J\u00e9r\u00e9my Jacquet \u00e9tait dans le viseur des plus grands clubs europ\u00e9ens<\/a>. Quelques semaines plus tard, le nom du d\u00e9fenseur central du Stade Rennais a \u00e9t\u00e9 \u00e9voqu\u00e9 chez les Anglais d&rsquo;Arsenal.\u00a0<\/p>\n<p>Selon Transferfeed, Al-Hilal, formation de Saudi Pro League, envisagerait de doubler tout le monde en offrant 35 millions d&rsquo;euros aux Rouge et Noir. Une offre qui ne se refuse pas ? En tout cas, il s&rsquo;agirait d&rsquo;une tr\u00e8s lourde perte pour le club de Ligue 1.<\/p>\n<p>Nordiste pure souche, qui pr\u00e9f\u00e8re un bon match de National avec l&rsquo;USBCO \u00e0 la rivalit\u00e9 entre le RC Lens et le LOSC. Fan des grosses ambiances avant tout, de l&rsquo;ASSE \u00e0 l&rsquo;OM en passant par Strasbourg. Aux armes !<\/p>\n<p>            <script async src=\"https:\/\/platform.twitter.com\/widgets.js\" charset=\"utf-8\"><\/script><\/p>\n","protected":false},"excerpt":{"rendered":"Apr\u00e8s la f\u00eate, la d\u00e9faite. Une semaine plus t\u00f4t, le Stade Rennais pouvait se f\u00e9liciter de son entr\u00e9e&hellip;\n","protected":false},"author":2,"featured_media":328022,"comment_status":"","ping_status":"","sticky":false,"template":"","format":"standard","meta":{"footnotes":""},"categories":[2821],"tags":[1111,11,829,1777,674,1011,27,12,584,25],"class_list":{"0":"post-343072","1":"post","2":"type-post","3":"status-publish","4":"format-standard","5":"has-post-thumbnail","7":"category-rennes","8":"tag-actu","9":"tag-actualites","10":"tag-bretagne","11":"tag-eu","12":"tag-europe","13":"tag-fr","14":"tag-france","15":"tag-news","16":"tag-rennes","17":"tag-republique-francaise"},"share_on_mastodon":{"url":"https:\/\/pubeurope.com\/@fr\/115090029509947255","error":""},"_links":{"self":[{"href":"https:\/\/www.europesays.com\/fr\/wp-json\/wp\/v2\/posts\/343072","targetHints":{"allow":["GET"]}}],"collection":[{"href":"https:\/\/www.europesays.com\/fr\/wp-json\/wp\/v2\/posts"}],"about":[{"href":"https:\/\/www.europesays.com\/fr\/wp-json\/wp\/v2\/types\/post"}],"author":[{"embeddable":true,"href":"https:\/\/www.europesays.com\/fr\/wp-json\/wp\/v2\/users\/2"}],"replies":[{"embeddable":true,"href":"https:\/\/www.europesays.com\/fr\/wp-json\/wp\/v2\/comments?post=343072"}],"version-history":[{"count":0,"href":"https:\/\/www.europesays.com\/fr\/wp-json\/wp\/v2\/posts\/343072\/revisions"}],"wp:featuredmedia":[{"embeddable":true,"href":"https:\/\/www.europesays.com\/fr\/wp-json\/wp\/v2\/media\/328022"}],"wp:attachment":[{"href":"https:\/\/www.europesays.com\/fr\/wp-json\/wp\/v2\/media?parent=343072"}],"wp:term":[{"taxonomy":"category","embeddable":true,"href":"https:\/\/www.europesays.com\/fr\/wp-json\/wp\/v2\/categories?post=343072"},{"taxonomy":"post_tag","embeddable":true,"href":"https:\/\/www.europesays.com\/fr\/wp-json\/wp\/v2\/tags?post=343072"}],"curies":[{"name":"wp","href":"https:\/\/api.w.org\/{rel}","templated":true}]}}