{"id":343075,"date":"2025-08-25T15:08:13","date_gmt":"2025-08-25T15:08:13","guid":{"rendered":"https:\/\/www.europesays.com\/fr\/343075\/"},"modified":"2025-08-25T15:08:13","modified_gmt":"2025-08-25T15:08:13","slug":"le-planning-des-rouge-et-blanc-avant-la-reception-de-strasbourg","status":"publish","type":"post","link":"https:\/\/www.europesays.com\/fr\/343075\/","title":{"rendered":"Le planning des Rouge et Blanc avant la r\u00e9ception de Strasbourg"},"content":{"rendered":"<p>\n                D\u00e9couvre le programme d\u2019entra\u00eenement des joueurs de l\u2019AS Monaco cette semaine, avant la r\u00e9ception du RCSA dimanche prochain au Stade Louis-II (17h15), pour le compte de la 3e journ\u00e9e de Ligue 1 McDonald\u2019s.\n            <\/p>\n<p>Repartir au travail. Avant la premi\u00e8re fen\u00eatre internationale du mois de septembre, et apr\u00e8s avoir perdu des points en route <a href=\"https:\/\/www.asmonaco.com\/offensif-mais-sans-reussite-las-monaco-cede-sur-le-fil-face-au-losc\/\" target=\"_blank\" rel=\"noopener nofollow\">\u00e0 Lille sans pour autant d\u00e9m\u00e9riter<\/a> (1-0), les Rouge et Blanc veulent rebondir d\u00e8s ce week-end. Et cela tombe bien, puisque le club du Rocher a rendez-vous <a href=\"https:\/\/www.asmonaco.com\/tarifs-abonnement-trains-les-infos-billetterie-pour-strasbourg\/\" target=\"_blank\" rel=\"noopener nofollow\">ce dimanche avec le RC Strasbourg<\/a> (17h15), co-leader de Ligue 1 McDonald\u2019s (6 points), pour le compte de la 3e journ\u00e9e.<\/p>\n<\/p>\n<p>Un duel \u00e0 l\u2019accent europ\u00e9en \ud83c\uddea\ud83c\uddfa<\/p>\n<p>Un duel de haut de tableau donc, face \u00e0 un concurrent direct pour les places europ\u00e9ennes, et qui jouera d\u2019ailleurs son avenir sur le Vieux Continent ce jeudi, en barrage retour de la Ligue Europa Conf\u00e9rence face \u00e0 Br\u00f8ndby (0-0 \u00e0 l\u2019aller en Alsace, ndlr). C\u2019est donc avec l\u2019ambition de marquer le coup et de retrouver directement le succ\u00e8s, que les hommes d\u2019<a href=\"https:\/\/www.asmonaco.com\/joueurs\/fiche-technique-adi-hutter-entraineur-principal\/\" target=\"_blank\" rel=\"noopener nofollow\">Adi H\u00fctter<\/a> vont aborder cette nouvelle semaine.<\/p>\n<p><a href=\"https:\/\/www.asmonaco.com\/galeries\/stade-louis-ii-ligue-1-1ere-journee-2025-2026-as-monaco-3-1-le-havre\/2025_08_16_asm-le_havre-00780\/\" rel=\"attachment wp-att-721398 nofollow noopener\" target=\"_blank\"><img fetchpriority=\"high\" decoding=\"async\" class=\"alignnone size-full wp-image-721398\" src=\"https:\/\/www.europesays.com\/fr\/wp-content\/uploads\/2025\/08\/2025-08-16-asm-le-havre-00780.jpg\" alt=\"\" width=\"1160\" height=\"650\"  \/><\/a><\/p>\n<p>Alors en attendant cette affiche qui sera diffus\u00e9e dans le cadre du Multiplex de la J3 <strong><a href=\"https:\/\/ligue1plus.fr\/?utm_campaign=PROMOTION_L1+&amp;utm_source=MONACO&amp;utm_medium=CLUB\" target=\"_blank\" rel=\"noopener nofollow\">sur la plateforme Ligue 1+<\/a><\/strong>, voici le planning d\u2019entra\u00eenement de nos Mon\u00e9gasques.<\/p>\n<p><strong>*T\u00e9l\u00e9charge l\u2019AS Monaco App pour ne rien rater ! (disponible sur\u00a0<a href=\"https:\/\/asmonaco.bfsp.app\/p?type=home\" target=\"_blank\" rel=\"noopener nofollow\">Google Play<\/a>\u00a0et l\u2019<a href=\"https:\/\/asmonaco.bfsp.app\/p?type=home\" target=\"_blank\" rel=\"noopener nofollow\">Apple Store<\/a>)<\/strong><\/p>\n<p>\ud83d\udcc6 Le planning des pros\u2019 avant Strasbourg :<\/p>\n<p><strong>Lundi 25 ao\u00fbt<\/strong><br \/>\ud83c\udfcb\ufe0f (Centre de Performance) : Entra\u00eenement \u00e0 huis-clos<\/p>\n<p><strong>Mardi 26 ao\u00fbt<br \/><\/strong>\ud83d\ude34 Repos<\/p>\n<p><strong>Mercredi 27 ao\u00fbt<\/strong><br \/>\ud83c\udfcb\ufe0f (Centre de Performance) : Entra\u00eenement \u00e0 huis-clos<\/p>\n<p><strong>Jeudi 28 ao\u00fbt<\/strong><br \/>\ud83c\udfcb\ufe0f (Centre de Performance) : Entra\u00eenement \u00e0 huis-clos<\/p>\n<p><strong>Vendredi 29 ao\u00fbt<\/strong><br \/>\ud83c\udfcb\ufe0f (Centre de Performance) : Entra\u00eenement ouvert 15 minutes \u00e0 la presse<br \/>\ud83c\udf99 (Centre de Performance) : Conf\u00e9rence de presse avant AS Monaco \u2013 RC Strasbourg<\/p>\n<p><strong>Samedi 30 ao\u00fbt<\/strong><br \/>\ud83c\udfcb\ufe0f (Centre de Performance) : Entra\u00eenement \u00e0 huis-clos<\/p>\n<p><strong>Dimanche 31 ao\u00fbt<br \/><\/strong>\ud83c\udfdf\ufe0f <strong>17h15 (Stade Louis-II) : AS Monaco \u2013 RC Strasbourg (Ligue 1 McDonald\u2019s, 3e journ\u00e9e)<\/strong><\/p>\n<blockquote class=\"twitter-tweet\" data-width=\"550\" data-dnt=\"true\">\n<p lang=\"fr\" dir=\"ltr\">Le programme de votre troisi\u00e8me \u00e9pisode <a href=\"https:\/\/twitter.com\/ligue1plus?ref_src=twsrc%5Etfw\" rel=\"nofollow noopener\" target=\"_blank\">@ligue1plus<\/a> le week-end prochain \ud83d\udccc <\/p>\n<p>LE CHOC <a href=\"https:\/\/twitter.com\/OL?ref_src=twsrc%5Etfw\" rel=\"nofollow noopener\" target=\"_blank\">@OL<\/a> \u2013 <a href=\"https:\/\/twitter.com\/OM_Officiel?ref_src=twsrc%5Etfw\" rel=\"nofollow noopener\" target=\"_blank\">@OM_Officiel<\/a> en cl\u00f4ture et en exclusivit\u00e9 \ud83e\udd29 <a href=\"https:\/\/t.co\/OPigyp2o1e\" rel=\"nofollow\">pic.twitter.com\/OPigyp2o1e<\/a><\/p>\n<p>\u2014 L1+ (@ligue1plus) <a href=\"https:\/\/twitter.com\/ligue1plus\/status\/1959979073926570226?ref_src=twsrc%5Etfw\" rel=\"nofollow noopener\" target=\"_blank\">August 25, 2025<\/a><\/p>\n<\/blockquote>\n<p>            <script async src=\"https:\/\/platform.twitter.com\/widgets.js\" charset=\"utf-8\"><\/script><\/p>\n","protected":false},"excerpt":{"rendered":"D\u00e9couvre le programme d\u2019entra\u00eenement des joueurs de l\u2019AS Monaco cette semaine, avant la r\u00e9ception du RCSA dimanche prochain&hellip;\n","protected":false},"author":2,"featured_media":343076,"comment_status":"","ping_status":"","sticky":false,"template":"","format":"standard","meta":{"footnotes":""},"categories":[2820],"tags":[1111,11,1777,674,1011,27,775,12,25,640],"class_list":{"0":"post-343075","1":"post","2":"type-post","3":"status-publish","4":"format-standard","5":"has-post-thumbnail","7":"category-strasbourg","8":"tag-actu","9":"tag-actualites","10":"tag-eu","11":"tag-europe","12":"tag-fr","13":"tag-france","14":"tag-grand-est","15":"tag-news","16":"tag-republique-francaise","17":"tag-strasbourg"},"share_on_mastodon":{"url":"https:\/\/pubeurope.com\/@fr\/115090037620845226","error":""},"_links":{"self":[{"href":"https:\/\/www.europesays.com\/fr\/wp-json\/wp\/v2\/posts\/343075","targetHints":{"allow":["GET"]}}],"collection":[{"href":"https:\/\/www.europesays.com\/fr\/wp-json\/wp\/v2\/posts"}],"about":[{"href":"https:\/\/www.europesays.com\/fr\/wp-json\/wp\/v2\/types\/post"}],"author":[{"embeddable":true,"href":"https:\/\/www.europesays.com\/fr\/wp-json\/wp\/v2\/users\/2"}],"replies":[{"embeddable":true,"href":"https:\/\/www.europesays.com\/fr\/wp-json\/wp\/v2\/comments?post=343075"}],"version-history":[{"count":0,"href":"https:\/\/www.europesays.com\/fr\/wp-json\/wp\/v2\/posts\/343075\/revisions"}],"wp:featuredmedia":[{"embeddable":true,"href":"https:\/\/www.europesays.com\/fr\/wp-json\/wp\/v2\/media\/343076"}],"wp:attachment":[{"href":"https:\/\/www.europesays.com\/fr\/wp-json\/wp\/v2\/media?parent=343075"}],"wp:term":[{"taxonomy":"category","embeddable":true,"href":"https:\/\/www.europesays.com\/fr\/wp-json\/wp\/v2\/categories?post=343075"},{"taxonomy":"post_tag","embeddable":true,"href":"https:\/\/www.europesays.com\/fr\/wp-json\/wp\/v2\/tags?post=343075"}],"curies":[{"name":"wp","href":"https:\/\/api.w.org\/{rel}","templated":true}]}}