{"id":343079,"date":"2025-08-25T15:10:12","date_gmt":"2025-08-25T15:10:12","guid":{"rendered":"https:\/\/www.europesays.com\/fr\/343079\/"},"modified":"2025-08-25T15:10:12","modified_gmt":"2025-08-25T15:10:12","slug":"100-aiglons-le-debrief-ogc-nice-3-1-aj-auxerre","status":"publish","type":"post","link":"https:\/\/www.europesays.com\/fr\/343079\/","title":{"rendered":"100% Aiglons, le debrief\u00a0: OGC Nice 3-1 AJ Auxerre"},"content":{"rendered":"<p>L&rsquo;OGC Nice tient son premier succ\u00e8s de la saison, 3-1 face \u00e0 Auxerre, gr\u00e2ce \u00e0 des buts de Boga et Moffi. Le Gym lance sa saison&#8230; et Ici Azur lance son nouveau podcast 100% Aiglons. Nouvelle formule, mais toujours autant de passion, et + de Gym\u00a0!<\/p>\n<p>C&rsquo;est peut-\u00eatre pour lancer la <strong>nouvelle formule de 100% Aiglons<\/strong> (saison 18, d\u00e9j\u00e0\u00a0!) que les joueurs de l&rsquo;OGC Nice ont d\u00e9cid\u00e9 de <strong>passer la seconde, ce samedi, face \u00e0 l&rsquo;AJ Auxerre, en l&#8217;emportant (3-1) !<\/strong>\u00a0Gr\u00e2ce \u00e0 des buts de Boga et Moffi, le Gym prend ses premiers points de la saison, apr\u00e8s un \u00e9t\u00e9 compliqu\u00e9.<\/p>\n<p>Cette ann\u00e9e, pour <strong>la 18e de 100% Aiglons<\/strong>, votre \u00e9mission favorite <strong>arrive en podcast<\/strong>. Plus de publicit\u00e9s, plus de trafics, plus de musique pendant l&rsquo;\u00e9mission&#8230; <strong>mais une heure \u00e0 une heure et demi \u00e0 d\u00e9battre sur l&rsquo;actualit\u00e9 de l&rsquo;OGC Nice\u00a0!<\/strong><\/p>\n<p>Vous retrouvez <strong>vos rubriques habituelles<\/strong>\u00a0: le d\u00e9brief du match, les tops\/flops, ou encore la question d&rsquo;actualit\u00e9. Mais cette ann\u00e9e, on lance <strong>des nouveaux formats<\/strong>\u00a0: le <strong>\u00ab\u00a0A la une\u00a0\u00bb<\/strong> en d\u00e9but d&rsquo;\u00e9mission pour \u00e9voquer le temps fort du lundi\u00a0; le <strong>\u00ab\u00a0Nice \u00e0 part \u00e7a\u00a0\u00bb<\/strong> o\u00f9 on prend des nouvelles des jeunes Aiglons, des anciens encore en activit\u00e9, ou des retrait\u00e9s\u00a0; et <strong>le quizz<\/strong> en fin d&rsquo;\u00e9mission.<\/p>\n<p>Plus de football, plus d&rsquo;OGC Nice, et encore <strong>plus de bonheur d&rsquo;\u00eatre avec vous chaque lundi.<\/strong><\/p>\n<p>Ce lundi, autour de la table\u00a0: <strong>Maxime Bacqui\u00e9<\/strong> (journaliste Ici Azur), <strong>Benjamin Pierson<\/strong> (animateur), <strong>Romain Genevois<\/strong> (ancien aiglon) et <strong>Solange Claude<\/strong> (Pr\u00e9sidente du Club des Supporters).<\/p>\n<p><strong>Retrouvez nous en podcast (en cliquant sur le lecteur en haut de l&rsquo;\u00e9cran) ou en vid\u00e9o (lien ci-dessous).<\/strong><\/p>\n","protected":false},"excerpt":{"rendered":"L&rsquo;OGC Nice tient son premier succ\u00e8s de la saison, 3-1 face \u00e0 Auxerre, gr\u00e2ce \u00e0 des buts de&hellip;\n","protected":false},"author":2,"featured_media":343080,"comment_status":"","ping_status":"","sticky":false,"template":"","format":"standard","meta":{"footnotes":""},"categories":[2819],"tags":[1111,11,1777,674,1011,27,12,2401,882,25],"class_list":{"0":"post-343079","1":"post","2":"type-post","3":"status-publish","4":"format-standard","5":"has-post-thumbnail","7":"category-nice","8":"tag-actu","9":"tag-actualites","10":"tag-eu","11":"tag-europe","12":"tag-fr","13":"tag-france","14":"tag-news","15":"tag-nice","16":"tag-provence-alpes-cote-dazur","17":"tag-republique-francaise"},"share_on_mastodon":{"url":"https:\/\/pubeurope.com\/@fr\/115090045316889789","error":""},"_links":{"self":[{"href":"https:\/\/www.europesays.com\/fr\/wp-json\/wp\/v2\/posts\/343079","targetHints":{"allow":["GET"]}}],"collection":[{"href":"https:\/\/www.europesays.com\/fr\/wp-json\/wp\/v2\/posts"}],"about":[{"href":"https:\/\/www.europesays.com\/fr\/wp-json\/wp\/v2\/types\/post"}],"author":[{"embeddable":true,"href":"https:\/\/www.europesays.com\/fr\/wp-json\/wp\/v2\/users\/2"}],"replies":[{"embeddable":true,"href":"https:\/\/www.europesays.com\/fr\/wp-json\/wp\/v2\/comments?post=343079"}],"version-history":[{"count":0,"href":"https:\/\/www.europesays.com\/fr\/wp-json\/wp\/v2\/posts\/343079\/revisions"}],"wp:featuredmedia":[{"embeddable":true,"href":"https:\/\/www.europesays.com\/fr\/wp-json\/wp\/v2\/media\/343080"}],"wp:attachment":[{"href":"https:\/\/www.europesays.com\/fr\/wp-json\/wp\/v2\/media?parent=343079"}],"wp:term":[{"taxonomy":"category","embeddable":true,"href":"https:\/\/www.europesays.com\/fr\/wp-json\/wp\/v2\/categories?post=343079"},{"taxonomy":"post_tag","embeddable":true,"href":"https:\/\/www.europesays.com\/fr\/wp-json\/wp\/v2\/tags?post=343079"}],"curies":[{"name":"wp","href":"https:\/\/api.w.org\/{rel}","templated":true}]}}