{"id":343081,"date":"2025-08-25T15:11:14","date_gmt":"2025-08-25T15:11:14","guid":{"rendered":"https:\/\/www.europesays.com\/fr\/343081\/"},"modified":"2025-08-25T15:11:14","modified_gmt":"2025-08-25T15:11:14","slug":"le-kangourou-a-bretelles-salle-paul-fort-nantes-25-avril-2026","status":"publish","type":"post","link":"https:\/\/www.europesays.com\/fr\/343081\/","title":{"rendered":"Le kangourou \u00e0 bretelles Salle Paul Fort Nantes 25 avril 2026"},"content":{"rendered":"\n<p>\t<img loading=\"lazy\" width=\"700\" height=\"500\" src=\"https:\/\/www.europesays.com\/fr\/wp-content\/uploads\/2025\/08\/salle-paul-fort-nantes-2026-04-25.jpg\" class=\"attachment-full size-full wp-post-image lazy\" alt=\"Le kangourou \u00e0 bretelles Salle Paul Fort\" decoding=\"async\"  data-\/><br \/>\n\t\t<strong>Le kangourou \u00e0 bretelles Salle Paul Fort Nantes samedi 25 avril 2026.<\/strong> <\/p>\n<p>Date et horaire de d\u00e9but et de fin : 2026-04-25 20:30 \u2013 22:00<br \/>Gratuit : non 35 \u20ac  35 \u20ac  Billetterie : samedisnantais.fr\/billetterie\u00a0Tout public\u00a0<\/p>\n<p>Pi\u00e8ce de Luc Chaumar  \u00ab\u00a0Le kangourou \u00e0 bretelles\u00a0\u00bb est une com\u00e9die enlev\u00e9e et pleine de surprises qui explore l\u2019amiti\u00e9 sous toutes ses coutures.  Lorsque Clara et Bertrand, mari\u00e9s depuis 25 ans, annoncent leur divorce \u00e0 leurs amis \u00c9tienne et Sandrine, tout bascule.Ce qui commence par une simple question \u2013 \u00ab\u00a0Avec lequel des deux allez-vous rester amis ?\u00a0\u00bb \u2013 se transforme en un v\u00e9ritable tourbillon d\u2019\u00e9motions, de quiproquos et de r\u00e9v\u00e9lations.Entre mensonges, r\u00e8glements de comptes et \u00e9clats de rire, les liens d\u2019amiti\u00e9 et d\u2019amour sont mis \u00e0 rude \u00e9preuve, jusqu\u2019\u00e0 la surprenante conclusion. Et au c\u0153ur de tout cela, un myst\u00e9rieux \u00ab\u00a0kangourou \u00e0 bretelles\u00a0\u00bb joue un r\u00f4le inattendu\u2026 mais qui est-il vraiment ?Cette pi\u00e8ce, dr\u00f4le et touchante, nous rappelle que parfois, les plus grandes turbulences naissent des plus petites questions  Avec Linda Hardy, Didier Gustin, Patrick Puidebat, Juliette Poissonnier  Mise en sc\u00e8ne : Olivier Mac\u00e9<\/p>\n<p>Salle Paul Fort  Hauts-Pav\u00e9s \u2013 Saint-F\u00e9lix Nantes\u00a044000<br \/>06 83 61 24 88 https:\/\/www.samedisnantais.fr\/<\/p>\n","protected":false},"excerpt":{"rendered":"Le kangourou \u00e0 bretelles Salle Paul Fort Nantes samedi 25 avril 2026. Date et horaire de d\u00e9but et&hellip;\n","protected":false},"author":2,"featured_media":343082,"comment_status":"","ping_status":"","sticky":false,"template":"","format":"standard","meta":{"footnotes":""},"categories":[2818],"tags":[1111,11,1777,674,1011,27,766,12,2636,25],"class_list":{"0":"post-343081","1":"post","2":"type-post","3":"status-publish","4":"format-standard","5":"has-post-thumbnail","7":"category-nantes","8":"tag-actu","9":"tag-actualites","10":"tag-eu","11":"tag-europe","12":"tag-fr","13":"tag-france","14":"tag-nantes","15":"tag-news","16":"tag-pays-de-la-loire","17":"tag-republique-francaise"},"share_on_mastodon":{"url":"https:\/\/pubeurope.com\/@fr\/115090049253148398","error":""},"_links":{"self":[{"href":"https:\/\/www.europesays.com\/fr\/wp-json\/wp\/v2\/posts\/343081","targetHints":{"allow":["GET"]}}],"collection":[{"href":"https:\/\/www.europesays.com\/fr\/wp-json\/wp\/v2\/posts"}],"about":[{"href":"https:\/\/www.europesays.com\/fr\/wp-json\/wp\/v2\/types\/post"}],"author":[{"embeddable":true,"href":"https:\/\/www.europesays.com\/fr\/wp-json\/wp\/v2\/users\/2"}],"replies":[{"embeddable":true,"href":"https:\/\/www.europesays.com\/fr\/wp-json\/wp\/v2\/comments?post=343081"}],"version-history":[{"count":0,"href":"https:\/\/www.europesays.com\/fr\/wp-json\/wp\/v2\/posts\/343081\/revisions"}],"wp:featuredmedia":[{"embeddable":true,"href":"https:\/\/www.europesays.com\/fr\/wp-json\/wp\/v2\/media\/343082"}],"wp:attachment":[{"href":"https:\/\/www.europesays.com\/fr\/wp-json\/wp\/v2\/media?parent=343081"}],"wp:term":[{"taxonomy":"category","embeddable":true,"href":"https:\/\/www.europesays.com\/fr\/wp-json\/wp\/v2\/categories?post=343081"},{"taxonomy":"post_tag","embeddable":true,"href":"https:\/\/www.europesays.com\/fr\/wp-json\/wp\/v2\/tags?post=343081"}],"curies":[{"name":"wp","href":"https:\/\/api.w.org\/{rel}","templated":true}]}}