{"id":343091,"date":"2025-08-25T15:16:11","date_gmt":"2025-08-25T15:16:11","guid":{"rendered":"https:\/\/www.europesays.com\/fr\/343091\/"},"modified":"2025-08-25T15:16:11","modified_gmt":"2025-08-25T15:16:11","slug":"promenade-dans-le-toulouse-des-affaires-politico%e2%80%90judiciaires","status":"publish","type":"post","link":"https:\/\/www.europesays.com\/fr\/343091\/","title":{"rendered":"Promenade dans le Toulouse des affaires politico\u2010judiciaires"},"content":{"rendered":"<p>Balade architecturale ou patrimoniale, d\u00e9couverte des secrets enfouis de la ville rose, de ses graffiti ou de son histoire criminelle, les visites th\u00e9matiques ne manquent pas pour explorer Toulouse de mani\u00e8re inattendue.<\/p>\n<p>Le sujet est sans doute un peu trop sensible pour que l\u2019office de tourisme ne le propose dans son offre, mais il est \u00e9galement possible de se promener dans la ville au gr\u00e9 des affaires politico\u2010judiciaires qui ont \u00e9corn\u00e9 plusieurs de ses \u00e9lus ces derni\u00e8res ann\u00e9es.<\/p>\n<p>Une telle promenade pourrait logiquement commencer par <a href=\"https:\/\/www.mediacites.fr\/reportage\/toulouse\/2022\/04\/04\/presidentielle-2022-a-toulouse-les-pudeurs-droitieres-de-la-cote-pavee\/\" target=\"_blank\" rel=\"noopener nofollow\">le quartier cossu<\/a> de la C\u00f4te\u00a0Pav\u00e9e.\u00a0<br \/>La machination politique de Laurence Arribag\u00e9<br \/>C\u2019est dans ce bastion de droite de la commune, que Laurence Arribag\u00e9 est \u00e9lue d\u00e9put\u00e9e en juin 2014 lors d\u2019une l\u00e9gislative partielle. Suppl\u00e9ante de Jean\u2010Luc Moudenc, cette figure montante de l\u2019UMP remplace alors le nouveau maire de Toulouse sur les bancs de l\u2019Assembl\u00e9e nationale.<\/p>\n<p>Son cursus honorum national prend fin en 2017 lorsqu\u2019elle est battue par la macroniste <a href=\"https:\/\/www.mediacites.fr\/decryptage\/toulouse\/2024\/07\/03\/legislatives-2024-corinne-vignon-un-maillon-faible-face-au-rn-pour-la-gauche\/\" target=\"_blank\" rel=\"noopener nofollow\">Corinne Vignon <\/a>lors des \u00e9lections l\u00e9gislatives. L\u2019adjointe au maire de Toulouse a pourtant tout fait pour sauver son mandat\u2026 jusqu\u2019\u00e0 fomenter une machination politique pour d\u00e9stabiliser son adversaire en instrumentalisant le syst\u00e8me judiciaire juste avant le scrutin.\u00a0<\/p>\n<blockquote class=\"wp-embedded-content\" data-secret=\"tyftvl0xhC\"><p><a href=\"https:\/\/www.mediacites.fr\/enquete\/toulouse\/2022\/09\/26\/laurence-arribage-et-les-bisounours-ce-que-la-justice-revele-de-lincroyable-complot-politique-toulousain\/\" rel=\"nofollow noopener\" target=\"_blank\">Laurence Arribag\u00e9 et \u00ab\u202fles Bisounours\u202f\u00bb&nbsp;: ce que la justice r\u00e9v\u00e8le de l\u2019incroyable complot politique toulousain<\/a><\/p><\/blockquote>\n<p><iframe loading=\"lazy\" class=\"wp-embedded-content\" sandbox=\"allow-scripts\" security=\"restricted\" style=\"position: absolute; visibility: hidden;\" title=\"\u00ab\u00a0Laurence Arribag\u00e9 et \u00ab\u202fles Bisounours\u202f\u00bb&nbsp;: ce que la justice r\u00e9v\u00e8le de l\u2019incroyable complot politique toulousain\u00a0\u00bb &#8212; Mediacit\u00e9s\" src=\"https:\/\/www.mediacites.fr\/enquete\/toulouse\/2022\/09\/26\/laurence-arribage-et-les-bisounours-ce-que-la-justice-revele-de-lincroyable-complot-politique-toulousain\/embed\/#?secret=JOMI0oUgQL#?secret=tyftvl0xhC\" data-secret=\"tyftvl0xhC\" width=\"600\" height=\"338\" frameborder=\"0\" marginwidth=\"0\" marginheight=\"0\" scrolling=\"no\"><\/iframe><\/p>\n<p>R\u00e9\u00e9lue sur la liste de son protecteur en 2020, l\u2019adjointe au sport de Jean\u2010Luc Moudenc est <a href=\"https:\/\/www.mediacites.fr\/reportage\/toulouse\/2023\/12\/14\/arribage-versus-vignon-le-proces-dune-cabale-politique-a-la-sauce-toulousaine\/\" target=\"_blank\" rel=\"noopener nofollow\">jug\u00e9e en d\u00e9cembre 2023<\/a> au tribunal de Toulouse. Le verdict tombe en janvier suivant\u00a0: <a href=\"https:\/\/www.mediacites.fr\/reportage\/toulouse\/2024\/01\/29\/machination-politique-a-toulouse-condamnee-a-trois-de-prison-avec-sursis-laurence-arribage-va-devoir-demissionner\/\" target=\"_blank\" rel=\"noopener nofollow\">Reconnue coupable<\/a> de recel de d\u00e9nonciation calomnieuse, violation du secret professionnel et prise ill\u00e9gale d\u2019int\u00e9r\u00eat, Laurence Arribag\u00e9 est condamn\u00e9e \u00e0\u00a0<a\/><\/p>\n<p>Nous vous offrons l\u2019acc\u00e8s \u00e0 cet article<\/p>\n<p>Et \u00e0 toutes nos enqu\u00eates pendant deux jours\u00a0\u00a0! <br \/>Oui, on est g\u00e9n\u00e9reux \ud83d\ude09 Mais pensez aussi \u00e0 <a href=\"https:\/\/www.mediacites.fr\/sabonner\/\" target=\"_blank\" style=\"color:#fff\" rel=\"nofollow noopener\">vous abonner<\/a>\u00a0\u00a0!<\/p>\n<p>\t\tEn renseignant votre adresse, vous acceptez nos <a href=\"https:\/\/www.mediacites.fr\/conditions-generales-d-utilisation\/\" target=\"_blank\" rel=\"nofollow noopener\">conditions g\u00e9n\u00e9rales d\u2019utilisation<\/a>. <br \/>Mediacit\u00e9s s\u2019engage \u00e0 ne pas c\u00e9der votre adresse \u00e0 des tiers. En cas d\u2019\u00e9chec, \u00e9crivez \u00e0 <a href=\"https:\/\/www.mediacites.fr\/enquete\/toulouse\/2025\/08\/25\/promenade-dans-le-toulouse-des-affaires-politico-judiciaires\/mailto:contact@mediacites.fr\" rel=\"nofollow noopener\" target=\"_blank\">contact@mediacites.fr<\/a><\/p>\n<ul>\n<li>J\u2019acc\u00e8de aux 4 \u00e9ditions de Mediacit\u00e9s (Lille, Lyon, Nantes et Toulouse)<\/li>\n<li>Je d\u00e9couvre un m\u00e9dia 100 % ind\u00e9pendant, avec 0 % de publicit\u00e9<\/li>\n<\/ul>\n<p>Envie de lire la\u00a0suite\u202f?<\/p>\n<p class=\"price\">1\u20ac le premier mois<\/p>\n<p class=\"description\">Puis 7,90\u20ac par\u00a0mois<\/p>\n<p><a class=\"button button--green\" href=\"https:\/\/www.mediacites.fr\/sabonner\/?sub=55\" style=\"margin-top:22px;font-size:13px;\" rel=\"nofollow noopener\" target=\"_blank\">Je teste\u202f! <\/a><\/p>\n<ul>\n<li>Acc\u00e8s aux 4 \u00e9ditions de Mediacit\u00e9s (Lille, Lyon, Nantes et Toulouse)<\/li>\n<li>100 % ind\u00e9pendant, avec 0 % de publicit\u00e9<\/li>\n<li>R\u00e9siliation facile \u00e0 tout moment<\/li>\n<\/ul>\n<p>Mediacit\u00e9s offre l\u2019acc\u00e8s \u00e0 cet article aux lecteurs de News2Com<\/p>\n<p>Et \u00e0 toutes nos enqu\u00eates pendant deux jours\u00a0\u00a0! <br \/>Oui, on est g\u00e9n\u00e9reux \ud83d\ude09 Mais pensez aussi \u00e0 <a href=\"https:\/\/www.mediacites.fr\/sabonner\/\" target=\"_blank\" style=\"color:#fff\" rel=\"nofollow noopener\">vous abonner<\/a>\u00a0\u00a0!<\/p>\n<p>\t\tEn renseignant votre adresse, vous acceptez nos <a href=\"https:\/\/www.mediacites.fr\/conditions-generales-d-utilisation\/\" target=\"_blank\" rel=\"nofollow noopener\">conditions g\u00e9n\u00e9rales d\u2019utilisation<\/a>. <br \/>Mediacit\u00e9s s\u2019engage \u00e0 ne pas c\u00e9der votre adresse \u00e0 des tiers. En cas d\u2019\u00e9chec, \u00e9crivez \u00e0 <a href=\"https:\/\/www.mediacites.fr\/enquete\/toulouse\/2025\/08\/25\/promenade-dans-le-toulouse-des-affaires-politico-judiciaires\/mailto:contact@mediacites.fr\" rel=\"nofollow noopener\" target=\"_blank\">contact@mediacites.fr<\/a><\/p>\n<ul>\n<li>J\u2019acc\u00e8de aux 4 \u00e9ditions de Mediacit\u00e9s (Lille, Lyon, Nantes et Toulouse)<\/li>\n<li>Je d\u00e9couvre un m\u00e9dia 100 % ind\u00e9pendant, avec 0 % de publicit\u00e9<\/li>\n<\/ul>\n","protected":false},"excerpt":{"rendered":"Balade architecturale ou patrimoniale, d\u00e9couverte des secrets enfouis de la ville rose, de ses graffiti ou de son&hellip;\n","protected":false},"author":2,"featured_media":343092,"comment_status":"","ping_status":"","sticky":false,"template":"","format":"standard","meta":{"footnotes":""},"categories":[2816],"tags":[1111,11,1777,674,1011,27,12,2680,25,2312],"class_list":{"0":"post-343091","1":"post","2":"type-post","3":"status-publish","4":"format-standard","5":"has-post-thumbnail","7":"category-toulouse","8":"tag-actu","9":"tag-actualites","10":"tag-eu","11":"tag-europe","12":"tag-fr","13":"tag-france","14":"tag-news","15":"tag-occitanie","16":"tag-republique-francaise","17":"tag-toulouse"},"share_on_mastodon":{"url":"https:\/\/pubeurope.com\/@fr\/115090068980230729","error":""},"_links":{"self":[{"href":"https:\/\/www.europesays.com\/fr\/wp-json\/wp\/v2\/posts\/343091","targetHints":{"allow":["GET"]}}],"collection":[{"href":"https:\/\/www.europesays.com\/fr\/wp-json\/wp\/v2\/posts"}],"about":[{"href":"https:\/\/www.europesays.com\/fr\/wp-json\/wp\/v2\/types\/post"}],"author":[{"embeddable":true,"href":"https:\/\/www.europesays.com\/fr\/wp-json\/wp\/v2\/users\/2"}],"replies":[{"embeddable":true,"href":"https:\/\/www.europesays.com\/fr\/wp-json\/wp\/v2\/comments?post=343091"}],"version-history":[{"count":0,"href":"https:\/\/www.europesays.com\/fr\/wp-json\/wp\/v2\/posts\/343091\/revisions"}],"wp:featuredmedia":[{"embeddable":true,"href":"https:\/\/www.europesays.com\/fr\/wp-json\/wp\/v2\/media\/343092"}],"wp:attachment":[{"href":"https:\/\/www.europesays.com\/fr\/wp-json\/wp\/v2\/media?parent=343091"}],"wp:term":[{"taxonomy":"category","embeddable":true,"href":"https:\/\/www.europesays.com\/fr\/wp-json\/wp\/v2\/categories?post=343091"},{"taxonomy":"post_tag","embeddable":true,"href":"https:\/\/www.europesays.com\/fr\/wp-json\/wp\/v2\/tags?post=343091"}],"curies":[{"name":"wp","href":"https:\/\/api.w.org\/{rel}","templated":true}]}}