{"id":343093,"date":"2025-08-25T15:17:10","date_gmt":"2025-08-25T15:17:10","guid":{"rendered":"https:\/\/www.europesays.com\/fr\/343093\/"},"modified":"2025-08-25T15:17:10","modified_gmt":"2025-08-25T15:17:10","slug":"roubaix-jouets-batons-des-coups-portes-avec-des-objets-lors-dun-differend-entre-voisins","status":"publish","type":"post","link":"https:\/\/www.europesays.com\/fr\/343093\/","title":{"rendered":"Roubaix. Jouets, b\u00e2tons&#8230; des coups port\u00e9s avec des objets lors d&rsquo;un diff\u00e9rend entre voisins"},"content":{"rendered":"<p>            Par<br \/>\n        <strong><br \/>\n            <a href=\"https:\/\/actu.fr\/auteur\/margot-nicodeme\" title=\"Consulter tous les articles de Margot Nicod\u00e8me\" rel=\"nofollow noopener\" target=\"_blank\">Margot Nicod\u00e8me<\/a><br \/>\n        <\/strong><\/p>\n<p>        Publi\u00e9 le<\/p>\n<p>            25 ao\u00fbt 2025 \u00e0 16h46        <\/p>\n<p>Un <b>diff\u00e9rend de taille<\/b> entre habitants de <a href=\"https:\/\/actu.fr\/hauts-de-france\/roubaix_59512\" rel=\"nofollow noopener\" target=\"_blank\">Roubaix<\/a> (Nord) a n\u00e9cessit\u00e9 l\u2019intervention de la police, dans la soir\u00e9e du samedi 23 ao\u00fbt 2025. Les fonctionnaires ont mis fin \u00e0 une violente dispute, qui a d\u00e9g\u00e9n\u00e9r\u00e9 en violences r\u00e9ciproques, peu avant 19h. R\u00e9cit.<\/p>\n<p>Des coups port\u00e9s de part et d\u2019autre, avec des jouets et des b\u00e2tons de bois<\/p>\n<p class=\" wall-content\">D\u2019un c\u00f4t\u00e9, un homme de 19 ans, que les agents retrouvent bless\u00e9 \u00e0 leur arriv\u00e9e : il pr\u00e9sente<b> une plaie saignante<\/b> \u00e0 l\u2019arcade. De l\u2019autre c\u00f4t\u00e9, deux femmes et un homme, \u00e2g\u00e9s de 21 \u00e0 23 ans. Ceux-l\u00e0 ont frapp\u00e9 le jeune homme avec des b\u00e2tons en bois et\u2026 des jouets pour enfants. Pour se d\u00e9fendre, ont-ils dit.<\/p>\n<p class=\" wall-content\">Car l\u2019homme de 19 ans a d\u2019abord port\u00e9 des coups \u00e0 l\u2019une des femmes du groupe, ce qui l\u2019a incit\u00e9e, elle et ses deux amis, \u00e0 saisir ce qu\u2019ils avaient sous la main pour r\u00e9pliquer. D\u2019o\u00f9 les jouets. <b>Des insultes ont \u00e9galement fus\u00e9<\/b> de part et d\u2019autre. Trois personnes sur les quatre impliqu\u00e9es ont \u00e9t\u00e9 interpell\u00e9es.<\/p>\n<p class=\" wall-content\">Personnalisez votre actualit\u00e9 en ajoutant vos villes et m\u00e9dias en favori avec <a href=\"https:\/\/moncompte.actu.fr\" title=\"D\u00e9couvez Mon Actu\" rel=\"nofollow noopener\" data-trk=\"{&quot;cta&quot;:{&quot;action&quot;:&quot;https:\\\/\\\/moncompte.actu.fr&quot;,&quot;category&quot;:&quot;mon compte&quot;,&quot;from&quot;:&quot;article footer&quot;,&quot;name&quot;:&quot;Mon actu&quot;,&quot;type&quot;:&quot;cta&quot;}}\" target=\"_blank\">Mon Actu<\/a>.<\/p>\n","protected":false},"excerpt":{"rendered":"Par Margot Nicod\u00e8me Publi\u00e9 le 25 ao\u00fbt 2025 \u00e0 16h46 Un diff\u00e9rend de taille entre habitants de Roubaix&hellip;\n","protected":false},"author":2,"featured_media":343094,"comment_status":"","ping_status":"","sticky":false,"template":"","format":"standard","meta":{"footnotes":""},"categories":[2815],"tags":[1111,11,1777,674,118,1011,27,811,1307,12,1072,25],"class_list":{"0":"post-343093","1":"post","2":"type-post","3":"status-publish","4":"format-standard","5":"has-post-thumbnail","7":"category-lille","8":"tag-actu","9":"tag-actualites","10":"tag-eu","11":"tag-europe","12":"tag-faits-divers","13":"tag-fr","14":"tag-france","15":"tag-hauts-de-france","16":"tag-lille","17":"tag-news","18":"tag-police","19":"tag-republique-francaise"},"share_on_mastodon":{"url":"https:\/\/pubeurope.com\/@fr\/115090072762129391","error":""},"_links":{"self":[{"href":"https:\/\/www.europesays.com\/fr\/wp-json\/wp\/v2\/posts\/343093","targetHints":{"allow":["GET"]}}],"collection":[{"href":"https:\/\/www.europesays.com\/fr\/wp-json\/wp\/v2\/posts"}],"about":[{"href":"https:\/\/www.europesays.com\/fr\/wp-json\/wp\/v2\/types\/post"}],"author":[{"embeddable":true,"href":"https:\/\/www.europesays.com\/fr\/wp-json\/wp\/v2\/users\/2"}],"replies":[{"embeddable":true,"href":"https:\/\/www.europesays.com\/fr\/wp-json\/wp\/v2\/comments?post=343093"}],"version-history":[{"count":0,"href":"https:\/\/www.europesays.com\/fr\/wp-json\/wp\/v2\/posts\/343093\/revisions"}],"wp:featuredmedia":[{"embeddable":true,"href":"https:\/\/www.europesays.com\/fr\/wp-json\/wp\/v2\/media\/343094"}],"wp:attachment":[{"href":"https:\/\/www.europesays.com\/fr\/wp-json\/wp\/v2\/media?parent=343093"}],"wp:term":[{"taxonomy":"category","embeddable":true,"href":"https:\/\/www.europesays.com\/fr\/wp-json\/wp\/v2\/categories?post=343093"},{"taxonomy":"post_tag","embeddable":true,"href":"https:\/\/www.europesays.com\/fr\/wp-json\/wp\/v2\/tags?post=343093"}],"curies":[{"name":"wp","href":"https:\/\/api.w.org\/{rel}","templated":true}]}}