{"id":343096,"date":"2025-08-25T15:18:14","date_gmt":"2025-08-25T15:18:14","guid":{"rendered":"https:\/\/www.europesays.com\/fr\/343096\/"},"modified":"2025-08-25T15:18:14","modified_gmt":"2025-08-25T15:18:14","slug":"aventures-grandeur-nature-actualites","status":"publish","type":"post","link":"https:\/\/www.europesays.com\/fr\/343096\/","title":{"rendered":"Aventures grandeur nature \/ Actualit\u00e9s"},"content":{"rendered":"<p>Zoom sur l&rsquo;accueil de transition de la Ville \u00e0 l&rsquo;Ecole de la For\u00eat, du 27 au 29 ao\u00fbt 2025.<\/p>\n<p>            <img loading=\"lazy\" decoding=\"async\" src=\"\/var\/www\/storage\/images\/mediatheque\/mairie-de-lille\/actualites\/images\/2025\/aout\/accueil-loisirs-ecole-foret-phalempin\/3837171-1-fre-FR\/Accueil-loisirs-ecole-Foret-Phalempin_news_image_top.jpg\" width=\"779\" height=\"518\" alt=\"\"\/><br \/>\n    \tDes enfants profitent des installations de l&rsquo;Ecole de la For\u00eat, \u00e0 Phalempin.<\/p>\n<p>Implant\u00e9s, durant tout l\u2019\u00e9t\u00e9, dans les \u00e9coles publiques lilloises, les accueils de loisirs sont ferm\u00e9s les 27, 28 et 29 ao\u00fbt 2025. Aussi, afin de palier la situation des parents qui n\u2019auraient pas de solution de garde, la Ville\u00a0de Lille a mis en place\u00a0\u00ab\u00a0<strong>Aventures Grandeur Nature<\/strong>\u00a0\u00bb,\u00a0un <strong>accueil de transition<\/strong>,<strong>\u00a0\u00e0 la journ\u00e9e, \u00e0 l\u2019Ecole de la For\u00eat, \u00e9quipement municipal<\/strong> qui vise \u00e0 sensibiliser les enfants au respect de la nature \u00e0 travers des activit\u00e9s en plein air favorisant la coop\u00e9ration, la solidarit\u00e9 et la d\u00e9couverte du milieu forestier.<\/p>\n<p>Inscrits sur les trois derni\u00e8res journ\u00e9es des vacances scolaires d\u2019\u00e9t\u00e9, 57 enfants seront plong\u00e9s au c\u0153ur de grands espaces forestiers et profiteront, au grand air, d\u2019aventures sportives, d\u2019activit\u00e9s cr\u00e9atives et de d\u00e9couvertes nature avec, au programme, des parcours d\u2019embuches, des grands jeux sensoriels, ateliers de fabrication en bois, du tir \u00e0 l\u2019arc ou encore des courses d\u2019orientation.<\/p>\n<p>Pr\u00e9sentation de l&rsquo;Ecole de la For\u00eat<\/p>\n<p>            <img src-full=\"\/var\/www\/storage\/images\/mediatheque\/mairie-de-lille\/actualites\/images\/2025\/aout\/ecole-de-la-foret-phalempin2\/3837185-1-fre-FR\/Ecole-de-la-Foret-Phalempin.jpg\" data-caption-full=\"Ecole de la For\u00eat, \u00e0 Phalempin.\" width=\"320\" height=\"213\" alt=\"Ecole de la For\u00eat Phalempin\" title=\"Ecole de la For\u00eat Phalempin\" class=\"align-\"\/>\n    <\/p>\n<p>Le site de l&rsquo;Ecole de la For\u00eat se trouve au c\u0153ur de la for\u00eat domaniale de Phalempin \u00e0 15 km de Lille.\u00a0\u00c9tendu sur 4 hectares, il permet, sur le temps scolaire, aux \u00e9l\u00e8ves lillois, hellemmois et lommois de d\u00e9couvrir, comprendre et respecter le milieu forestier par le biais d\u2019animation nature.<\/p>\n<p>Sur les temps p\u00e9ri et extra scolaires,\u00a0 permet aux enfants de s\u2019amuser dans un environnement forestier \u00e0 travers des valeurs li\u00e9es au d\u00e9veloppement durable.\u00a0L\u2019\u00e9tablissement int\u00e8gre le Plan nature environnement et d\u00e9veloppement durable. Quant \u00e0 l\u2019encadrement des activit\u00e9s, celui-ci est assur\u00e9 par un personnel qualifi\u00e9.<\/p>\n<p>            <img src-full=\"\/var\/www\/storage\/images\/mediatheque\/mairie-de-lille\/actualites\/images\/2025\/aout\/ecole-de-la-foret-phalempin\/3837181-1-fre-FR\/Ecole-de-la-Foret-Phalempin.jpg\" data-caption-full=\"Ecole de la For\u00eat, \u00e0 Phalempin.\" width=\"320\" height=\"213\" alt=\"Ecole de la For\u00eat Phalempin\" title=\"Ecole de la For\u00eat Phalempin\" class=\"align-\"\/>\n    <\/p>\n","protected":false},"excerpt":{"rendered":"Zoom sur l&rsquo;accueil de transition de la Ville \u00e0 l&rsquo;Ecole de la For\u00eat, du 27 au 29 ao\u00fbt&hellip;\n","protected":false},"author":2,"featured_media":343097,"comment_status":"","ping_status":"","sticky":false,"template":"","format":"standard","meta":{"footnotes":""},"categories":[2815],"tags":[1111,11,4763,1777,674,1011,27,811,1307,5415,12,25],"class_list":{"0":"post-343096","1":"post","2":"type-post","3":"status-publish","4":"format-standard","5":"has-post-thumbnail","7":"category-lille","8":"tag-actu","9":"tag-actualites","10":"tag-agenda","11":"tag-eu","12":"tag-europe","13":"tag-fr","14":"tag-france","15":"tag-hauts-de-france","16":"tag-lille","17":"tag-mairie","18":"tag-news","19":"tag-republique-francaise"},"share_on_mastodon":{"url":"https:\/\/pubeurope.com\/@fr\/115090076785105685","error":""},"_links":{"self":[{"href":"https:\/\/www.europesays.com\/fr\/wp-json\/wp\/v2\/posts\/343096","targetHints":{"allow":["GET"]}}],"collection":[{"href":"https:\/\/www.europesays.com\/fr\/wp-json\/wp\/v2\/posts"}],"about":[{"href":"https:\/\/www.europesays.com\/fr\/wp-json\/wp\/v2\/types\/post"}],"author":[{"embeddable":true,"href":"https:\/\/www.europesays.com\/fr\/wp-json\/wp\/v2\/users\/2"}],"replies":[{"embeddable":true,"href":"https:\/\/www.europesays.com\/fr\/wp-json\/wp\/v2\/comments?post=343096"}],"version-history":[{"count":0,"href":"https:\/\/www.europesays.com\/fr\/wp-json\/wp\/v2\/posts\/343096\/revisions"}],"wp:featuredmedia":[{"embeddable":true,"href":"https:\/\/www.europesays.com\/fr\/wp-json\/wp\/v2\/media\/343097"}],"wp:attachment":[{"href":"https:\/\/www.europesays.com\/fr\/wp-json\/wp\/v2\/media?parent=343096"}],"wp:term":[{"taxonomy":"category","embeddable":true,"href":"https:\/\/www.europesays.com\/fr\/wp-json\/wp\/v2\/categories?post=343096"},{"taxonomy":"post_tag","embeddable":true,"href":"https:\/\/www.europesays.com\/fr\/wp-json\/wp\/v2\/tags?post=343096"}],"curies":[{"name":"wp","href":"https:\/\/api.w.org\/{rel}","templated":true}]}}