{"id":343098,"date":"2025-08-25T15:19:10","date_gmt":"2025-08-25T15:19:10","guid":{"rendered":"https:\/\/www.europesays.com\/fr\/343098\/"},"modified":"2025-08-25T15:19:10","modified_gmt":"2025-08-25T15:19:10","slug":"evade-dun-service-psychiatrique-il-menacait-les-passants-avec-une-carabine-a-marseille","status":"publish","type":"post","link":"https:\/\/www.europesays.com\/fr\/343098\/","title":{"rendered":"\u00c9vad\u00e9 d\u2019un service psychiatrique, il mena\u00e7ait les passants avec une carabine \u00e0 Marseille"},"content":{"rendered":"<p>Ce n\u2019\u00e9tait certes pas une heure de forte affluence sur l\u2019<a href=\"https:\/\/www.laprovence.com\/article\/papier\/5634146\/avenue-du-prado-un-premier-bras-muscle.html\" target=\"_blank\" rel=\"noopener\">avenue du Prado<\/a>, mais les rares passants qui empruntaient cette art\u00e8re du 8e arrondissement de Marseille aux alentours de 3\u00a0heures du matin ce lundi 25\u00a0ao\u00fbt, ont eu de quoi \u00eatre \u00e9pouvant\u00e9s. Un homme s\u2019y promenait en effet avec une arme longue en braquant les passants qu\u2019il croisait sur son chemin.<\/p>\n<p>Alert\u00e9, un \u00e9quipage de la BAC (brigade anticriminalit\u00e9) a aussit\u00f4t ralli\u00e9 l\u2019avenue et rapidement rep\u00e9r\u00e9 l\u2019individu. Promptement d\u00e9lest\u00e9 de sa carabine qui n\u2019\u00e9tait pas en \u00e9tat de marche, il a \u00e9t\u00e9 conduit au <a href=\"https:\/\/www.laprovence.com\/article\/faits-divers-justice\/2434291841519215\/marseille-il-fait-tomber-sa-sacoche-contenant-du-cannabis-sous-le-nez-des-policiers\" target=\"_blank\" rel=\"noopener\">commissariat Baptiste Bonnet<\/a> o\u00f9 des recherches approfondies sur son identit\u00e9 ont r\u00e9v\u00e9l\u00e9 que le jeune homme \u00e2g\u00e9 de 24\u00a0ans, s\u2019\u00e9tait r\u00e9cemment \u00e9vad\u00e9 du service psychiatrique dans lequel il \u00e9tait hospitalis\u00e9.<\/p>\n","protected":false},"excerpt":{"rendered":"Ce n\u2019\u00e9tait certes pas une heure de forte affluence sur l\u2019avenue du Prado, mais les rares passants qui&hellip;\n","protected":false},"author":2,"featured_media":343099,"comment_status":"","ping_status":"","sticky":false,"template":"","format":"standard","meta":{"footnotes":""},"categories":[2814],"tags":[17,1111,11,1102,2837,1777,674,47912,274,1011,27,151,884,20053,12,21146,882,43682,25,3737],"class_list":{"0":"post-343098","1":"post","2":"type-post","3":"status-publish","4":"format-standard","5":"has-post-thumbnail","7":"category-marseille","8":"tag-17","9":"tag-actu","10":"tag-actualites","11":"tag-breakingnews","12":"tag-dun","13":"tag-eu","14":"tag-europe","15":"tag-evade","16":"tag-faits-divers-justice","17":"tag-fr","18":"tag-france","19":"tag-les","20":"tag-marseille","21":"tag-menacait","22":"tag-news","23":"tag-passants","24":"tag-provence-alpes-cote-dazur","25":"tag-psychiatrique","26":"tag-republique-francaise","27":"tag-service"},"share_on_mastodon":{"url":"https:\/\/pubeurope.com\/@fr\/115090080643099100","error":""},"_links":{"self":[{"href":"https:\/\/www.europesays.com\/fr\/wp-json\/wp\/v2\/posts\/343098","targetHints":{"allow":["GET"]}}],"collection":[{"href":"https:\/\/www.europesays.com\/fr\/wp-json\/wp\/v2\/posts"}],"about":[{"href":"https:\/\/www.europesays.com\/fr\/wp-json\/wp\/v2\/types\/post"}],"author":[{"embeddable":true,"href":"https:\/\/www.europesays.com\/fr\/wp-json\/wp\/v2\/users\/2"}],"replies":[{"embeddable":true,"href":"https:\/\/www.europesays.com\/fr\/wp-json\/wp\/v2\/comments?post=343098"}],"version-history":[{"count":0,"href":"https:\/\/www.europesays.com\/fr\/wp-json\/wp\/v2\/posts\/343098\/revisions"}],"wp:featuredmedia":[{"embeddable":true,"href":"https:\/\/www.europesays.com\/fr\/wp-json\/wp\/v2\/media\/343099"}],"wp:attachment":[{"href":"https:\/\/www.europesays.com\/fr\/wp-json\/wp\/v2\/media?parent=343098"}],"wp:term":[{"taxonomy":"category","embeddable":true,"href":"https:\/\/www.europesays.com\/fr\/wp-json\/wp\/v2\/categories?post=343098"},{"taxonomy":"post_tag","embeddable":true,"href":"https:\/\/www.europesays.com\/fr\/wp-json\/wp\/v2\/tags?post=343098"}],"curies":[{"name":"wp","href":"https:\/\/api.w.org\/{rel}","templated":true}]}}