{"id":343100,"date":"2025-08-25T15:20:10","date_gmt":"2025-08-25T15:20:10","guid":{"rendered":"https:\/\/www.europesays.com\/fr\/343100\/"},"modified":"2025-08-25T15:20:10","modified_gmt":"2025-08-25T15:20:10","slug":"une-raie-pastenague-est-coincee-dans-la-piscine-du-vallon-des-auffes-a-marseille","status":"publish","type":"post","link":"https:\/\/www.europesays.com\/fr\/343100\/","title":{"rendered":"Une raie pastenague est \u00ab\u00a0coinc\u00e9e\u00a0\u00bb dans la piscine du Vallon-des-Auffes \u00e0 Marseille"},"content":{"rendered":"<p>Une raie pastenague est \u00ab\u00a0coinc\u00e9e\u00a0\u00bb dans la piscine du vallon-des-Auffes \u00e0 Marseille ce lundi. L&rsquo;adjoint au maire de Marseille\u00a0en charge de la biodiversit\u00e9 marine Herv\u00e9 Menchon annonce avoir envoy\u00e9 les marins-pompiers sur place \u00ab\u00a0pour l&rsquo;aider \u00e0 s&rsquo;en sortir\u00a0\u00bb.<\/p>\n<p>Une <strong>raie pastenague<\/strong> est \u00ab\u00a0coinc\u00e9e\u00a0\u00bb dans la piscine du vallon-des-Auffes \u00e0 Marseille ce lundi. C&rsquo;est l&rsquo;adjoint au maire de Marseille\u00a0en charge de la biodiversit\u00e9 marine qui s&rsquo;en fait l&rsquo;\u00e9cho. L&rsquo;animal est coinc\u00e9 comme un \u00ab\u00a0poisson en cage\u00a0\u00bb, pr\u00e9cise Herv\u00e9 Menchon. L&rsquo;\u00e9lu annonce envoyer les marins-pompiers de Marseille sur place \u00ab\u00a0pour l&rsquo;aider \u00e0 en sortir\u00a0\u00bb. Les baigneurs doivent \u00eatre vigilants\u00a0: il ne faut pas se baigner \u00e0 proximit\u00e9 de la raie, ne pas la toucher non plus car \u00ab\u00a0l&rsquo;animal stress\u00e9 peut se d\u00e9fendre en vous piquant\u00a0\u00bb.<\/p>\n<p>La raie pastenague poss\u00e8de une queue fine, dentel\u00e9e, et dot\u00e9e d&rsquo;un <strong>aiguillon venimeux<\/strong>, qui peut occasionner des blessures s\u00e9rieuses.<\/p>\n<p>Ce n&rsquo;est pas la premi\u00e8re fois qu&rsquo;une raie est aper\u00e7ue \u00e0 proximit\u00e9 des plages de Marseille cet \u00e9t\u00e9. La plage du Prado nord a ainsi \u00e9t\u00e9 ferm\u00e9e le 14 juin, en raison de la pr\u00e9sence d&rsquo;un repr\u00e9sentant de l&rsquo;esp\u00e8ce. Une raie mobula avait aussi \u00e9t\u00e9 aper\u00e7ue pr\u00e8s de la plage de la Pointe rouge,\u00a0raccompagn\u00e9e au large par les policiers nationaux de la Brigade Nautique.<\/p>\n","protected":false},"excerpt":{"rendered":"Une raie pastenague est \u00ab\u00a0coinc\u00e9e\u00a0\u00bb dans la piscine du vallon-des-Auffes \u00e0 Marseille ce lundi. L&rsquo;adjoint au maire de&hellip;\n","protected":false},"author":2,"featured_media":343101,"comment_status":"","ping_status":"","sticky":false,"template":"","format":"standard","meta":{"footnotes":""},"categories":[2814],"tags":[1111,11,1777,674,1011,27,884,12,882,25],"class_list":{"0":"post-343100","1":"post","2":"type-post","3":"status-publish","4":"format-standard","5":"has-post-thumbnail","7":"category-marseille","8":"tag-actu","9":"tag-actualites","10":"tag-eu","11":"tag-europe","12":"tag-fr","13":"tag-france","14":"tag-marseille","15":"tag-news","16":"tag-provence-alpes-cote-dazur","17":"tag-republique-francaise"},"share_on_mastodon":{"url":"https:\/\/pubeurope.com\/@fr\/115090084604000773","error":""},"_links":{"self":[{"href":"https:\/\/www.europesays.com\/fr\/wp-json\/wp\/v2\/posts\/343100","targetHints":{"allow":["GET"]}}],"collection":[{"href":"https:\/\/www.europesays.com\/fr\/wp-json\/wp\/v2\/posts"}],"about":[{"href":"https:\/\/www.europesays.com\/fr\/wp-json\/wp\/v2\/types\/post"}],"author":[{"embeddable":true,"href":"https:\/\/www.europesays.com\/fr\/wp-json\/wp\/v2\/users\/2"}],"replies":[{"embeddable":true,"href":"https:\/\/www.europesays.com\/fr\/wp-json\/wp\/v2\/comments?post=343100"}],"version-history":[{"count":0,"href":"https:\/\/www.europesays.com\/fr\/wp-json\/wp\/v2\/posts\/343100\/revisions"}],"wp:featuredmedia":[{"embeddable":true,"href":"https:\/\/www.europesays.com\/fr\/wp-json\/wp\/v2\/media\/343101"}],"wp:attachment":[{"href":"https:\/\/www.europesays.com\/fr\/wp-json\/wp\/v2\/media?parent=343100"}],"wp:term":[{"taxonomy":"category","embeddable":true,"href":"https:\/\/www.europesays.com\/fr\/wp-json\/wp\/v2\/categories?post=343100"},{"taxonomy":"post_tag","embeddable":true,"href":"https:\/\/www.europesays.com\/fr\/wp-json\/wp\/v2\/tags?post=343100"}],"curies":[{"name":"wp","href":"https:\/\/api.w.org\/{rel}","templated":true}]}}