{"id":343102,"date":"2025-08-25T15:21:26","date_gmt":"2025-08-25T15:21:26","guid":{"rendered":"https:\/\/www.europesays.com\/fr\/343102\/"},"modified":"2025-08-25T15:21:26","modified_gmt":"2025-08-25T15:21:26","slug":"un-jeune-conducteur-lance-a-182-km-h-pour-rejoindre-un-parc-dattractions","status":"publish","type":"post","link":"https:\/\/www.europesays.com\/fr\/343102\/","title":{"rendered":"un jeune conducteur lanc\u00e9 \u00e0 182 km\/h pour rejoindre un parc d&rsquo;attractions"},"content":{"rendered":"<p itemprop=\"description\"><strong>Une course vers les man\u00e8ges qui s\u2019est termin\u00e9e par la fourri\u00e8re et une suspension de permis.<\/strong><\/p>\n<p>Dimanche 24 ao\u00fbt, vers 10 heures, les gendarmes du peloton motoris\u00e9 de La Verpilli\u00e8re ont intercept\u00e9 une Dacia Sandero lanc\u00e9e \u00e0 182 km\/h sur l\u2019A43, au niveau de Saint-Quentin-Fallavier.<\/p>\n<p>Au volant, un Lyonnais de 22 ans, encore titulaire du permis probatoire, rapporte <a href=\"https:\/\/www.ledauphine.com\/faits-divers-justice\/2025\/08\/25\/presse-d-aller-a-walibi-un-jeune-conducteur-intercepte-a-182-km-h-tout-en-etant-positif-a-l-alcool-et-au-cannabis\" target=\"_blank\" rel=\"noopener nofollow\">Le Dauphin\u00e9 Lib\u00e9r\u00e9<\/a>. La vitesse retenue a \u00e9t\u00e9 fix\u00e9e \u00e0 172 km\/h, soit 62 km\/h de plus que l\u2019autorisation maximale pour son statut, limit\u00e9 \u00e0 110 km\/h sur autoroute.<\/p>\n<p>Selon ses d\u00e9clarations aux gendarmes, le conducteur devait passer la journ\u00e9e \u00e0 Walibi.<\/p>\n<p>Le contr\u00f4le ne s\u2019est pas arr\u00eat\u00e9 l\u00e0. Le jeune conducteur, accompagn\u00e9 de deux passagers mineurs, a \u00e9t\u00e9 test\u00e9 positif \u00e0 l\u2019alcool (0,17 gramme) et au cannabis. Les militaires ont \u00e9galement d\u00e9couvert un gramme de r\u00e9sine en sa possession.<\/p>\n<p>R\u00e9sultat imm\u00e9diat : mise en fourri\u00e8re du v\u00e9hicule, suspension de permis avec risque d\u2019annulation et journ\u00e9e compromise pour les trois jeunes.<\/p>\n","protected":false},"excerpt":{"rendered":"Une course vers les man\u00e8ges qui s\u2019est termin\u00e9e par la fourri\u00e8re et une suspension de permis. Dimanche 24&hellip;\n","protected":false},"author":2,"featured_media":343103,"comment_status":"","ping_status":"","sticky":false,"template":"","format":"standard","meta":{"footnotes":""},"categories":[1889],"tags":[1111,11,2813,2190,2430,1109,251,1112,2811,1777,674,118,1011,27,1922,1110,1114,2428,2810,12,241,316,25,2812,517,800],"class_list":{"0":"post-343102","1":"post","2":"type-post","3":"status-publish","4":"format-standard","5":"has-post-thumbnail","7":"category-lyon","8":"tag-actu","9":"tag-actualites","10":"tag-article","11":"tag-asvel","12":"tag-auvergne-rhone-alpes","13":"tag-breves","14":"tag-culture","15":"tag-depeches","16":"tag-economique","17":"tag-eu","18":"tag-europe","19":"tag-faits-divers","20":"tag-fr","21":"tag-france","22":"tag-info","23":"tag-informations","24":"tag-infos","25":"tag-lyon","26":"tag-lyonmag","27":"tag-news","28":"tag-ol","29":"tag-politique","30":"tag-republique-francaise","31":"tag-sociale","32":"tag-sport","33":"tag-transports"},"share_on_mastodon":{"url":"https:\/\/pubeurope.com\/@fr\/115090088592933842","error":""},"_links":{"self":[{"href":"https:\/\/www.europesays.com\/fr\/wp-json\/wp\/v2\/posts\/343102","targetHints":{"allow":["GET"]}}],"collection":[{"href":"https:\/\/www.europesays.com\/fr\/wp-json\/wp\/v2\/posts"}],"about":[{"href":"https:\/\/www.europesays.com\/fr\/wp-json\/wp\/v2\/types\/post"}],"author":[{"embeddable":true,"href":"https:\/\/www.europesays.com\/fr\/wp-json\/wp\/v2\/users\/2"}],"replies":[{"embeddable":true,"href":"https:\/\/www.europesays.com\/fr\/wp-json\/wp\/v2\/comments?post=343102"}],"version-history":[{"count":0,"href":"https:\/\/www.europesays.com\/fr\/wp-json\/wp\/v2\/posts\/343102\/revisions"}],"wp:featuredmedia":[{"embeddable":true,"href":"https:\/\/www.europesays.com\/fr\/wp-json\/wp\/v2\/media\/343103"}],"wp:attachment":[{"href":"https:\/\/www.europesays.com\/fr\/wp-json\/wp\/v2\/media?parent=343102"}],"wp:term":[{"taxonomy":"category","embeddable":true,"href":"https:\/\/www.europesays.com\/fr\/wp-json\/wp\/v2\/categories?post=343102"},{"taxonomy":"post_tag","embeddable":true,"href":"https:\/\/www.europesays.com\/fr\/wp-json\/wp\/v2\/tags?post=343102"}],"curies":[{"name":"wp","href":"https:\/\/api.w.org\/{rel}","templated":true}]}}