{"id":343104,"date":"2025-08-25T15:22:10","date_gmt":"2025-08-25T15:22:10","guid":{"rendered":"https:\/\/www.europesays.com\/fr\/343104\/"},"modified":"2025-08-25T15:22:10","modified_gmt":"2025-08-25T15:22:10","slug":"les-supporters-de-lom-devraient-etre-interdits-de-deplacement-a-lyon","status":"publish","type":"post","link":"https:\/\/www.europesays.com\/fr\/343104\/","title":{"rendered":"Les supporters de l\u2019OM devraient \u00eatre interdits de d\u00e9placement \u00e0 Lyon"},"content":{"rendered":"<p>\u00c0 l\u2019image des derni\u00e8res saisons, les supporters de l\u2019Olympique de Marseille devraient \u00eatre interdits de d\u00e9placement \u00e0 <a href=\"https:\/\/www.footmercato.net\/club\/ol\/\" rel=\"nofollow noopener\" target=\"_blank\">Lyon<\/a> pour le choc face \u00e0 l\u2019OL dimanche soir au Groupama Stadium (20h45), d\u2019apr\u00e8s des informations de <a href=\"https:\/\/rmcsport.bfmtv.com\/football\/ligue-1\/ligue-1-vers-une-interdiction-des-supporters-de-l-om-a-lyon-dimanche_AV-202508250347.html\" rel=\"nofollow noopener\" target=\"_blank\">RMC Sport<\/a>. Apr\u00e8s plusieurs r\u00e9unions entre les parties prenantes ces derniers jours, la Pr\u00e9fecture du Rh\u00f4ne et le minist\u00e8re de l\u2019Int\u00e9rieur devraient annoncer une interdiction de d\u00e9placement des fans marseillais.<\/p>\n<p>            La suite apr\u00e8s cette publicit\u00e9<\/p>\n<p>De leur c\u00f4t\u00e9, les Gones \u00e9taient pr\u00eats \u00e0 accueillir des supporters marseillais lors de cette troisi\u00e8me journ\u00e9e de <a href=\"https:\/\/www.footmercato.net\/france\/ligue-1\/\" rel=\"nofollow noopener\" target=\"_blank\">Ligue 1<\/a>, afin de permettre, en r\u00e9ciprocit\u00e9, le d\u00e9placement des fans lyonnais \u00e0 <a href=\"https:\/\/www.footmercato.net\/club\/om\/\" rel=\"nofollow noopener\" target=\"_blank\">Marseille<\/a> lors du match retour. Ce sont cependant les ant\u00e9c\u00e9dents trop nombreux entre les supporters des deux \u00e9quipes qui penchent la balance en faveur d\u2019une interdiction. La r\u00e9ponse officielle des autorit\u00e9s devrait tomber dans les prochaines heures.<\/p>\n<p>\n    Pub. le 25\/08\/2025 17:01<br \/>\n            &#8211; MAJ le 25\/08\/2025 17:19\n    <\/p>\n","protected":false},"excerpt":{"rendered":"\u00c0 l\u2019image des derni\u00e8res saisons, les supporters de l\u2019Olympique de Marseille devraient \u00eatre interdits de d\u00e9placement \u00e0 Lyon&hellip;\n","protected":false},"author":2,"featured_media":343105,"comment_status":"","ping_status":"","sticky":false,"template":"","format":"standard","meta":{"footnotes":""},"categories":[1889],"tags":[1111,11,2430,1777,674,1011,27,2428,12,25],"class_list":{"0":"post-343104","1":"post","2":"type-post","3":"status-publish","4":"format-standard","5":"has-post-thumbnail","7":"category-lyon","8":"tag-actu","9":"tag-actualites","10":"tag-auvergne-rhone-alpes","11":"tag-eu","12":"tag-europe","13":"tag-fr","14":"tag-france","15":"tag-lyon","16":"tag-news","17":"tag-republique-francaise"},"share_on_mastodon":{"url":"https:\/\/pubeurope.com\/@fr\/115090092394057457","error":""},"_links":{"self":[{"href":"https:\/\/www.europesays.com\/fr\/wp-json\/wp\/v2\/posts\/343104","targetHints":{"allow":["GET"]}}],"collection":[{"href":"https:\/\/www.europesays.com\/fr\/wp-json\/wp\/v2\/posts"}],"about":[{"href":"https:\/\/www.europesays.com\/fr\/wp-json\/wp\/v2\/types\/post"}],"author":[{"embeddable":true,"href":"https:\/\/www.europesays.com\/fr\/wp-json\/wp\/v2\/users\/2"}],"replies":[{"embeddable":true,"href":"https:\/\/www.europesays.com\/fr\/wp-json\/wp\/v2\/comments?post=343104"}],"version-history":[{"count":0,"href":"https:\/\/www.europesays.com\/fr\/wp-json\/wp\/v2\/posts\/343104\/revisions"}],"wp:featuredmedia":[{"embeddable":true,"href":"https:\/\/www.europesays.com\/fr\/wp-json\/wp\/v2\/media\/343105"}],"wp:attachment":[{"href":"https:\/\/www.europesays.com\/fr\/wp-json\/wp\/v2\/media?parent=343104"}],"wp:term":[{"taxonomy":"category","embeddable":true,"href":"https:\/\/www.europesays.com\/fr\/wp-json\/wp\/v2\/categories?post=343104"},{"taxonomy":"post_tag","embeddable":true,"href":"https:\/\/www.europesays.com\/fr\/wp-json\/wp\/v2\/tags?post=343104"}],"curies":[{"name":"wp","href":"https:\/\/api.w.org\/{rel}","templated":true}]}}