{"id":343110,"date":"2025-08-25T15:26:10","date_gmt":"2025-08-25T15:26:10","guid":{"rendered":"https:\/\/www.europesays.com\/fr\/343110\/"},"modified":"2025-08-25T15:26:10","modified_gmt":"2025-08-25T15:26:10","slug":"washington-soutient-son-ambassadeur-en-france-convoque-par-paris-apres-ses-propos-sur-lantisemitisme","status":"publish","type":"post","link":"https:\/\/www.europesays.com\/fr\/343110\/","title":{"rendered":"Washington soutient son ambassadeur en France, convoqu\u00e9 par Paris apr\u00e8s ses propos sur l&rsquo;antis\u00e9mitisme"},"content":{"rendered":"<p>Les \u00c9tats-Unis ont d\u00e9clar\u00e9 ce lundi 25 ao\u00fbt soutenir leur ambassadeur en France Charles Kushner, convoqu\u00e9 au minist\u00e8re fran\u00e7ais des Affaires \u00e9trang\u00e8res <a href=\"https:\/\/fr.news.yahoo.com\/antis%C3%A9mitisme-lambassadeur-am%C3%A9ricain-france-d%C3%A9nonce-172128643.html\" data-ylk=\"slk:apr\u00e8s avoir critiqu\u00e9 la lutte du pr\u00e9sident Emmanuel Macron contre l&#039;antis\u00e9mitisme;elm:context_link;itc:0;sec:content-canvas;outcm:mb_qualified_link;_E:mb_qualified_link;ct:story;\" class=\"link  yahoo-link\" target=\"_blank\" rel=\"noopener\">apr\u00e8s avoir critiqu\u00e9 la lutte du pr\u00e9sident Emmanuel Macron contre l&rsquo;antis\u00e9mitisme<\/a>, insuffisante selon lui.<\/p>\n<p>\u00ab\u00a0Nous soutenons ses propos. L&rsquo;ambassadeur Kushner est le repr\u00e9sentant du gouvernement des \u00c9tats-Unis en France et effectue un travail remarquable en faisant progresser nos int\u00e9r\u00eats nationaux dans ce r\u00f4le\u00a0\u00bb, a affirm\u00e9 le porte-parole adjoint du d\u00e9partement d&rsquo;Etat am\u00e9ricain, Tommy Pigott, dans un communiqu\u00e9 transmis \u00e0 l&rsquo;AFP.<\/p>\n<p>Dans une lettre adress\u00e9e au chef de l&rsquo;\u00c9tat, Charles Kushner, p\u00e8re du gendre de Donald Trump, Jared Kushner, en fonction depuis quelques semaines en France, a exprim\u00e9 \u00ab\u00a0sa profonde inqui\u00e9tude face \u00e0 la flamb\u00e9e de l&rsquo;antis\u00e9mitisme en France et \u00e0 l&rsquo;absence d&rsquo;action suffisante de (son) gouvernement pour le combattre\u00a0\u00bb, rejoignant les r\u00e9centes critiques du Premier ministre isra\u00e9lien Benjamin Netanyahu.<\/p>\n<p>Des accusations \u00ab\u00a0inacceptables\u00a0\u00bb<\/p>\n<p>Des accusations \u00ab\u00a0inacceptables\u00a0\u00bb, selon le porte-parole du minist\u00e8re fran\u00e7ais des Affaires \u00e9trang\u00e8res, qui les \u00ab\u00a0r\u00e9fute fermement\u00a0\u00bb. Selon la diplomatie fran\u00e7aise, ces critiques violent le droit international, \u00ab\u00a0en particulier du devoir de ne pas s&rsquo;immiscer dans les affaires int\u00e9rieures des \u00c9tats\u00a0\u00bb.<\/p>\n<p>Les critiques du diplomate am\u00e9ricain interviennent quelques jours apr\u00e8s une violente charge de Benjamin Netanyahu contre le pr\u00e9sident fran\u00e7ais qu&rsquo;il accuse \u00ab\u00a0d&rsquo;alimenter le feu antis\u00e9mite\u00a0\u00bb en appelant \u00e0 la reconnaissance internationale de l&rsquo;\u00c9tat de Palestine. Une analyse \u00ab\u00a0erron\u00e9e, abjecte et (qui) ne demeurera pas sans r\u00e9ponse\u00a0\u00bb, avait d\u00e9j\u00e0 r\u00e9pliqu\u00e9 la pr\u00e9sidence fran\u00e7aise.<\/p>\n<p>Beauvau a communiqu\u00e9 ce lundi les chiffres sur l&rsquo;antis\u00e9mitisme. Quelque 646 actes antis\u00e9mites ont \u00e9t\u00e9 enregistr\u00e9s en France de janvier \u00e0 juin 2025, soit 27,5% de moins que sur la m\u00eame p\u00e9riode en 2024 mais ces chiffres sont toujours nettement sup\u00e9rieurs \u00e0 ceux enregistr\u00e9s de janvier \u00e0 juin 2023, soit avant le 7-Octobre, selon des donn\u00e9es diffus\u00e9s par le minist\u00e8re de l&rsquo;Int\u00e9rieur.<\/p>\n<p>La convocation au Quai d&rsquo;Orsay d&rsquo;un ambassadeur am\u00e9ricain est un \u00e9v\u00e9nement rare mais pas sans pr\u00e9c\u00e9dent. En octobre 2013, le repr\u00e9sentant de Washington avait \u00e9t\u00e9 convoqu\u00e9 apr\u00e8s les r\u00e9v\u00e9lations d&rsquo;Edward Snowden selon lesquelles la NSA aurait intercept\u00e9 massivement des communications en France. En juin 2015, sa successeure Jane Hartley avait \u00e9galement d\u00fb s&rsquo;expliquer sur les documents de WikiLeaks attestant de l&rsquo;\u00e9coute par la NSA des appels de trois pr\u00e9sidents fran\u00e7ais (Chirac, Sarkozy, Hollande).<\/p>\n<p><a href=\"https:\/\/www.bfmtv.com\/international\/amerique-nord\/etats-unis\/washington-soutient-son-ambassadeur-en-france-convoque-par-paris-apres-ses-propos-sur-l-antisemitisme_AD-202508250483.html#xtor=AL-68\" rel=\"nofollow noopener\" target=\"_blank\" data-ylk=\"slk:Article original publi\u00e9 sur BFMTV.com;elm:context_link;itc:0;sec:content-canvas\" class=\"link \">Article original publi\u00e9 sur BFMTV.com<\/a><\/p>\n","protected":false},"excerpt":{"rendered":"Les \u00c9tats-Unis ont d\u00e9clar\u00e9 ce lundi 25 ao\u00fbt soutenir leur ambassadeur en France Charles Kushner, convoqu\u00e9 au minist\u00e8re&hellip;\n","protected":false},"author":2,"featured_media":343111,"comment_status":"","ping_status":"","sticky":false,"template":"","format":"standard","meta":{"footnotes":""},"categories":[1888],"tags":[1111,1928,11,1927,1903,23327,47802,75,1777,674,1011,27,22276,25783,12,1926,626,1925,9789,9962,25],"class_list":{"0":"post-343110","1":"post","2":"type-post","3":"status-publish","4":"format-standard","5":"has-post-thumbnail","7":"category-paris","8":"tag-actu","9":"tag-actu-paris","10":"tag-actualites","11":"tag-actualites-paris","12":"tag-ambassadeur","13":"tag-benjamin-netanyahu","14":"tag-charles-kushner","15":"tag-donald-trump","16":"tag-eu","17":"tag-europe","18":"tag-fr","19":"tag-france","20":"tag-jared-kushner","21":"tag-ministere-francais-des-affaires-etrangeres","22":"tag-news","23":"tag-news-paris","24":"tag-paris","25":"tag-paris-news","26":"tag-presidence-francaise","27":"tag-president-francais","28":"tag-republique-francaise"},"share_on_mastodon":{"url":"https:\/\/pubeurope.com\/@fr\/115090108336147018","error":""},"_links":{"self":[{"href":"https:\/\/www.europesays.com\/fr\/wp-json\/wp\/v2\/posts\/343110","targetHints":{"allow":["GET"]}}],"collection":[{"href":"https:\/\/www.europesays.com\/fr\/wp-json\/wp\/v2\/posts"}],"about":[{"href":"https:\/\/www.europesays.com\/fr\/wp-json\/wp\/v2\/types\/post"}],"author":[{"embeddable":true,"href":"https:\/\/www.europesays.com\/fr\/wp-json\/wp\/v2\/users\/2"}],"replies":[{"embeddable":true,"href":"https:\/\/www.europesays.com\/fr\/wp-json\/wp\/v2\/comments?post=343110"}],"version-history":[{"count":0,"href":"https:\/\/www.europesays.com\/fr\/wp-json\/wp\/v2\/posts\/343110\/revisions"}],"wp:featuredmedia":[{"embeddable":true,"href":"https:\/\/www.europesays.com\/fr\/wp-json\/wp\/v2\/media\/343111"}],"wp:attachment":[{"href":"https:\/\/www.europesays.com\/fr\/wp-json\/wp\/v2\/media?parent=343110"}],"wp:term":[{"taxonomy":"category","embeddable":true,"href":"https:\/\/www.europesays.com\/fr\/wp-json\/wp\/v2\/categories?post=343110"},{"taxonomy":"post_tag","embeddable":true,"href":"https:\/\/www.europesays.com\/fr\/wp-json\/wp\/v2\/tags?post=343110"}],"curies":[{"name":"wp","href":"https:\/\/api.w.org\/{rel}","templated":true}]}}