{"id":343115,"date":"2025-08-25T15:29:12","date_gmt":"2025-08-25T15:29:12","guid":{"rendered":"https:\/\/www.europesays.com\/fr\/343115\/"},"modified":"2025-08-25T15:29:12","modified_gmt":"2025-08-25T15:29:12","slug":"les-presidents-russe-et-iranien-discutent-du-sommet-en-alaska-de-la-guerre-en-ukraine-et-du-nucleaire","status":"publish","type":"post","link":"https:\/\/www.europesays.com\/fr\/343115\/","title":{"rendered":"Les pr\u00e9sidents russe et iranien discutent du sommet en Alaska, de la guerre en Ukraine et du nucl\u00e9aire"},"content":{"rendered":"<p>AA \/ Istanbul \/ Alperen Aktas<\/p>\n<p>Le pr\u00e9sident russe Vladimir Poutine et son homologue iranien Masoud Pezeshkian se sont entretenus par t\u00e9l\u00e9phone pour aborder les derniers d\u00e9veloppements r\u00e9gionaux, le r\u00e9cent sommet russo-am\u00e9ricain en Alaska et la coop\u00e9ration dans le domaine de l\u2019\u00e9nergie nucl\u00e9aire, a indiqu\u00e9 lundi le Kremlin.<\/p>\n<p>\u00ab Vladimir Poutine a rendu compte des principaux r\u00e9sultats du sommet russo-am\u00e9ricain qui s\u2019est tenu \u00e0 Anchorage. Masoud Pezeshkian a exprim\u00e9 son soutien aux efforts diplomatiques en cours visant une r\u00e9solution pacifique de la crise ukrainienne \u00bb, a pr\u00e9cis\u00e9 le service de presse du Kremlin dans un communiqu\u00e9.<\/p>\n<p>Cette conversation intervient quelques jours apr\u00e8s la rencontre entre Poutine et le pr\u00e9sident am\u00e9ricain Donald Trump dans une base militaire \u00e0 Anchorage, o\u00f9 les deux parties avaient exprim\u00e9 leur volont\u00e9 de travailler \u00e0 la fin de la guerre en Ukraine.<\/p>\n<p>Lors de l\u2019appel, Pezeshkian a r\u00e9it\u00e9r\u00e9 la position de l\u2019Iran sur son programme nucl\u00e9aire, assurant que \u00ab T\u00e9h\u00e9ran ne cherchera pas \u00e0 cr\u00e9er d\u2019armes nucl\u00e9aires \u00bb, et a remerci\u00e9 Poutine pour la position de la Russie sur cette question.<\/p>\n<p>Les deux dirigeants ont \u00e9galement discut\u00e9 de la coop\u00e9ration bilat\u00e9rale, notamment dans le secteur de l\u2019\u00e9nergie.<\/p>\n<p>Le bureau de Pezeshkian a indiqu\u00e9 que la construction en cours de la centrale nucl\u00e9aire de Bushehr et le r\u00e9cent remplacement du combustible dans le r\u00e9acteur en fonctionnement par la Russie faisaient partie des sujets abord\u00e9s.<\/p>\n<p>Poutine et Pezeshkian sont convenus de se rencontrer en personne lors du prochain sommet de l\u2019Organisation de coop\u00e9ration de Shanghai (OCS) en Chine, r\u00e9affirmant leur engagement \u00e0 \u00e9largir la coop\u00e9ration dans divers domaines.<\/p>\n<p>Ils ont \u00e9galement \u00e9chang\u00e9 leurs points de vue sur les tensions dans la r\u00e9gion du Caucase du Sud, sans que des d\u00e9tails suppl\u00e9mentaires aient \u00e9t\u00e9 fournis.<\/p>\n<p>Le Kremlin a pr\u00e9cis\u00e9 que les deux dirigeants ont soulign\u00e9 l\u2019importance d\u2019une coordination continue sur les questions r\u00e9gionales et internationales.<\/p>\n<p>Le 15 ao\u00fbt, Poutine et Trump avaient tenu un sommet historique en Alaska, o\u00f9 ils avaient exprim\u00e9 un engagement commun \u00e0 obtenir des \u00ab r\u00e9sultats \u00bb et laiss\u00e9 entrevoir de possibles cadres pour mettre fin \u00e0 la guerre en Ukraine.<\/p>\n<p>Trump a ensuite rencontr\u00e9 le pr\u00e9sident ukrainien Volodymyr Zelensky \u00e0 Washington, et a bri\u00e8vement t\u00e9l\u00e9phon\u00e9 \u00e0 Poutine lors des discussions \u2014 un appel qualifi\u00e9 de \u00ab constructif \u00bb par les deux parties.<\/p>\n<p>* Traduit de l&rsquo;anglais par Adama Bamba<\/p>\n<p>                            &#13;<br \/>\n                                <a href=\"https:\/\/www.aa.com.tr\/fr\/p\/abonnement\/1001\" target=\"_blank\" style=\"font-size:12px; color:#444; text-decoration:none;\" rel=\"noopener\">&#13;<br \/>\n                                    Seulement une partie des d\u00e9p\u00eaches, que l&rsquo;Agence Anadolu diffuse \u00e0 ses abonn\u00e9s via le Syst\u00e8me de Diffusion interne (HAS), est diffus\u00e9e sur le site de l&rsquo;AA, de mani\u00e8re r\u00e9sum\u00e9e. <b style=\"color:#1897F7\">Contactez-nous s&rsquo;il vous pla\u00eet pour vous abonner.<\/b>&#13;<br \/>\n                                <\/a>&#13;<\/p>\n","protected":false},"excerpt":{"rendered":"AA \/ Istanbul \/ Alperen Aktas Le pr\u00e9sident russe Vladimir Poutine et son homologue iranien Masoud Pezeshkian se&hellip;\n","protected":false},"author":2,"featured_media":343116,"comment_status":"","ping_status":"","sticky":false,"template":"","format":"standard","meta":{"footnotes":""},"categories":[1591],"tags":[11,1785,1887,3019,47913,12,1885,1886,132,45855,220,135],"class_list":{"0":"post-343115","1":"post","2":"type-post","3":"status-publish","4":"format-standard","5":"has-post-thumbnail","7":"category-russie","8":"tag-actualites","9":"tag-anadolu-ajansi","10":"tag-federation-de-russie","11":"tag-iran","12":"tag-le-prsident-iranien-masoud-pezeshkian","13":"tag-news","14":"tag-russia","15":"tag-russian-federation","16":"tag-russie","17":"tag-sommet-en-alaska","18":"tag-ukraine","19":"tag-vladimir-poutine"},"share_on_mastodon":{"url":"https:\/\/pubeurope.com\/@fr\/115090119990412417","error":""},"_links":{"self":[{"href":"https:\/\/www.europesays.com\/fr\/wp-json\/wp\/v2\/posts\/343115","targetHints":{"allow":["GET"]}}],"collection":[{"href":"https:\/\/www.europesays.com\/fr\/wp-json\/wp\/v2\/posts"}],"about":[{"href":"https:\/\/www.europesays.com\/fr\/wp-json\/wp\/v2\/types\/post"}],"author":[{"embeddable":true,"href":"https:\/\/www.europesays.com\/fr\/wp-json\/wp\/v2\/users\/2"}],"replies":[{"embeddable":true,"href":"https:\/\/www.europesays.com\/fr\/wp-json\/wp\/v2\/comments?post=343115"}],"version-history":[{"count":0,"href":"https:\/\/www.europesays.com\/fr\/wp-json\/wp\/v2\/posts\/343115\/revisions"}],"wp:featuredmedia":[{"embeddable":true,"href":"https:\/\/www.europesays.com\/fr\/wp-json\/wp\/v2\/media\/343116"}],"wp:attachment":[{"href":"https:\/\/www.europesays.com\/fr\/wp-json\/wp\/v2\/media?parent=343115"}],"wp:term":[{"taxonomy":"category","embeddable":true,"href":"https:\/\/www.europesays.com\/fr\/wp-json\/wp\/v2\/categories?post=343115"},{"taxonomy":"post_tag","embeddable":true,"href":"https:\/\/www.europesays.com\/fr\/wp-json\/wp\/v2\/tags?post=343115"}],"curies":[{"name":"wp","href":"https:\/\/api.w.org\/{rel}","templated":true}]}}