{"id":343117,"date":"2025-08-25T15:30:15","date_gmt":"2025-08-25T15:30:15","guid":{"rendered":"https:\/\/www.europesays.com\/fr\/343117\/"},"modified":"2025-08-25T15:30:15","modified_gmt":"2025-08-25T15:30:15","slug":"en-cas-de-cessez-le-feu-le-deploiement-de-troupes-canadiennes-en-ukraine-envisage-confirme-le-ministre-de-la-defense","status":"publish","type":"post","link":"https:\/\/www.europesays.com\/fr\/343117\/","title":{"rendered":"En cas de cessez-le-feu | Le d\u00e9ploiement de troupes canadiennes en Ukraine envisag\u00e9, confirme le ministre de la D\u00e9fense"},"content":{"rendered":"<p class=\"lead textModule textModule--type-lead \" style=\"\">(Varsovie, Pologne) Le minist\u00e8re de la D\u00e9fense s\u2019active \u00e0 pr\u00e9parer divers sc\u00e9narios militaires pour un \u00e9ventuel d\u00e9ploiement de troupes canadiennes sur le territoire ukrainien advenant que l\u2019Ukraine et la Russie parviennent \u00e0 s\u2019entendre sur un cessez-le-feu ou un accord de paix, a confirm\u00e9 lundi le ministre de la D\u00e9fense, David McGuinty.<\/p>\n<p>                    Publi\u00e9 \u00e0 7\u00a0h\u00a001<\/p>\n<p>        Mis \u00e0 jour \u00e0 7\u00a0h\u00a038<\/p>\n<p>    <a class=\"print\" href=\"https:\/\/www.lapresse.ca\/actualites\/national\/2025-08-25\/en-cas-de-cessez-le-feu\/javascript:window.print();\" title=\"Imprimer la page\" rel=\"nofollow noopener\" target=\"_blank\"><\/p>\n<p>        <img loading=\"lazy\" decoding=\"async\" width=\"16\" height=\"18\" src=\"https:\/\/www.europesays.com\/fr\/wp-content\/uploads\/2025\/04\/share-icon.png\" alt=\"Partager\"\/><\/p>\n<p class=\"paragraph textModule textModule--type-paragraph \" style=\"\">Effectuant une visite surprise de quelques heures \u00e0 Kyiv dimanche, le premier ministre Mark Carney a affirm\u00e9 qu\u2019il n\u2019exclut pas le d\u00e9ploiement de soldats canadiens en Ukraine afin d\u2019offrir des garanties de s\u00e9curit\u00e9 contre la Russie, comme le r\u00e9clame le pr\u00e9sident Volodymyr Zelensky.<\/p>\n<p class=\"paragraph textModule textModule--type-paragraph \" style=\"\">Le ministre McGuinty faisait partie de la d\u00e9l\u00e9gation canadienne restreinte qui s\u2019est rendue dans la capitale ukrainienne alors que l\u2019on marquait le Jour de l\u2019ind\u00e9pendance de l\u2019Ukraine sur la place Sophia.<\/p>\n<p class=\"paragraph textModule textModule--type-paragraph \" style=\"\">\u00ab\u00a0On travaille toujours sur les sc\u00e9narios \u00e9ventuels en Ukraine. On veut vraiment voir du progr\u00e8s. [\u2026] Le premier ministre Carney a \u00e9t\u00e9 tr\u00e8s clair l\u00e0-dessus. C\u2019est une question de voir comment les choses vont \u00e9voluer. L\u2019Ukraine continue de se d\u00e9fendre. Ils ont perdu beaucoup de monde. Les Russes continuent de faire la guerre. Eux aussi ont perdu beaucoup de monde. Les Forces arm\u00e9es canadiennes suivent de tr\u00e8s pr\u00e8s ce qui se passe sur le terrain\u00a0\u00bb, a d\u00e9clar\u00e9 le ministre de la D\u00e9fense durant une courte m\u00eal\u00e9e de presse \u00e0 Varsovie.<\/p>\n<p>                                        <img decoding=\"async\" src=\"https:\/\/www.europesays.com\/fr\/wp-content\/uploads\/2025\/08\/2bdd5beae43432538b09f1055e7f0832.jpg\" alt=\"\" class=\"photoModule__visual\" itemprop=\"contentUrl url\"\/><\/p>\n<p class=\"credit photoModule__caption photoModule__caption--credit\" style=\"\">\n                    PHOTO CHRISTINNE MUSCHI, LA PRESSE CANADIENNE\n                <\/p>\n<p class=\"description photoModule__caption photoModule__caption--description\" style=\"\">\n                    Le ministre canadien de la D\u00e9fense, David McGuinty\n                <\/p>\n<p class=\"paragraph textModule textModule--type-paragraph \" style=\"\">M.\u00a0McGuinty a avanc\u00e9 que le Canada pourrait jouer un r\u00f4le qui pourrait prendre diff\u00e9rentes formes.<\/p>\n<p class=\"quoteText\" style=\"\">Il y a plusieurs fa\u00e7ons de contribuer. Il y a la question des \u00e9quipements militaires. Il y a la question des ressources, du financement. Il y a toujours la question de renseignements. Il y a aussi le personnel m\u00e9dical. Tout cela reste \u00e0 voir.<\/p>\n<p class=\"quoteSource\" style=\"\">\n            le ministre de la D\u00e9fense, David McGuinty\n        <\/p>\n<p class=\"paragraph textModule textModule--type-paragraph \" style=\"\">\u00c0 Kyiv, le premier ministre a soutenu que l\u2019arm\u00e9e ukrainienne aura besoin d\u2019aide suppl\u00e9mentaire de la part des pays membres de la Coalition des volontaires dont fait partie le Canada, la majorit\u00e9 des pays europ\u00e9ens, le Japon et l\u2019Australie. \u00ab\u00a0Il y a la possibilit\u00e9, et je n\u2019exclus rien, des forces de certains membres, y compris le Canada, de la Coalition des volontaires ici en Ukraine\u00a0\u00bb, a-t-il indiqu\u00e9 dimanche.<\/p>\n<p class=\"paragraph textModule textModule--type-paragraph \" style=\"\">Pour l\u2019heure, la possibilit\u00e9 d\u2019un accord de paix ou d\u2019un cessez-le-feu entre l\u2019Ukraine et la Russie semble peu probable, les troupes russes ayant m\u00eame intensifi\u00e9 leurs attaques au cours des derniers jours.<\/p>\n<p class=\"paragraph textModule textModule--type-paragraph \" style=\"\">M.\u00a0Carney a profit\u00e9 de sa visite \u00e0 Kyiv pour annoncer les d\u00e9tails du plan d\u2019aide de deux\u00a0milliards de dollars promis au pr\u00e9sident Volodymyr Zelensky lors du Sommet du G7 \u00e0 Kananaskis, en Alberta. Plus de 1\u00a0milliard sera consacr\u00e9 \u00e0 la fourniture de drones, de munitions et de v\u00e9hicules blind\u00e9s. Une somme suppl\u00e9mentaire de 680\u00a0millions financera des \u00e9quipements militaires prioritaires d\u00e9termin\u00e9s par l\u2019OTAN, attendus d\u00e8s le mois prochain.<\/p>\n<p class=\"paragraph textModule textModule--type-paragraph \" style=\"\">Le Canada compte \u00e9galement financer la fabrication conjointe de drones militaires en utilisant les installations d\u2019une compagnie canadienne en Ukraine. Le nom de cette entreprise canadienne n\u2019a pas \u00e9t\u00e9 d\u00e9voil\u00e9 pour des raisons de s\u00e9curit\u00e9.<\/p>\n<p class=\"paragraph textModule textModule--type-paragraph \" style=\"\">M.\u00a0Carney est rentr\u00e9 \u00e0 Varsovie lundi matin apr\u00e8s un second voyage de nuit en train s\u00e9curis\u00e9 entre Kyiv et la Pologne. En matin\u00e9e, le premier ministre a rencontr\u00e9 son homologue polonais Donald Tusk au Palais pr\u00e9sidentiel. Les deux leaders ont annonc\u00e9 que le Canada et la Pologne comptent renforcer leur partenariat en mati\u00e8re de d\u00e9fense, de commerce et d\u2019\u00e9nergie.<\/p>\n<p>    <video id=\"video-68ac818283429\" class=\"video-js vjs-default-skin vjs-fluid vjs-big-play-centered&#10;                 vjs-16-9&#10;                \" data-article-ids=\"[\" data-video-id=\"24c352e81df3441b95aca2c22591c1c7\" data-video-title=\"Mark Carney en Pologne\" data-video-should-skip-pub=\"true\" data-video-duration=\"44\" data-video-ad-keywords=\"video31-60\" data-video-position=\"2\" data-page-type=\"article\" data-page-view=\"desktop\" data-is-header=\"false\" poster=\"https:\/\/mobile-img.lpcdn.ca\/v2\/828x\/r5994\/549e487924b8330082ca1672eeace39f.jpg\" data-video-encodings=\"{&quot;application\\\/x-mpegURL&quot;:{&quot;src&quot;:&quot;https:\\\/\\\/content.uplynk.com\\\/24c352e81df3441b95aca2c22591c1c7.m3u8?tc=1&amp;exp=1756136110&amp;rn=1660635395&amp;ct=a&amp;cid=24c352e81df3441b95aca2c22591c1c7&amp;rays=dcba&amp;sig=c1afbf39c3dd45a84c9c2ce868352f544d7063f5919861614054f0024bf48e50&quot;,&quot;type&quot;:&quot;application\\\/x-mpegURL&quot;}}\" data-controls=\"true\" data-muted=\"false\" data-autoplay-setting=\"NO_AUTOPLAY\" data-loop=\"false\" controls=\"\" width=\"654\" height=\"367\"><br \/>\n        D\u00e9sol\u00e9, votre navigateur ne supporte pas les videos<br \/>\n    <\/video>\n<\/p>\n<p class=\"paragraph textModule textModule--type-paragraph \" style=\"\">Au terme de cette rencontre, M.\u00a0Tusk a indiqu\u00e9, dans une d\u00e9claration aux m\u00e9dias, que la Pologne ne d\u00e9ploiera pas de troupes en Ukraine, pr\u00e9f\u00e9rant mettre \u00e0 la disposition des pays de la Coalition qui le souhaitent les appuis logistiques \u00e0 un \u00e9ventuel d\u00e9ploiement de leurs troupes et jugeant aussi opportun de renforcer sa pr\u00e9sence militaire \u00e0 la fronti\u00e8re entre la Pologne et la Bi\u00e9lorussie.<\/p>\n<p class=\"paragraph textModule textModule--type-paragraph \" style=\"\">Signe ind\u00e9niable de l\u2019accent militaire de cette tourn\u00e9e europ\u00e9enne de Mark Carney et du ministre de la D\u00e9fense, le Canada va pr\u00e9sider en 2026 l\u2019Exposition internationale de l\u2019industrie de la d\u00e9fense \u00e0 Kielce, en Pologne. Cette exposition\u00a0\u2013 la troisi\u00e8me en importance \u00e0 l\u2019\u00e9chelle mondiale apr\u00e8s celle de Paris et de Londres\u00a0\u2013 permettra de promouvoir \u00ab\u00a0l\u2019innovation canadienne dans les technologies de la d\u00e9fense et de la s\u00e9curit\u00e9 aupr\u00e8s de partenaires internationaux\u00a0\u00bb, selon le bureau du premier ministre.<\/p>\n<p class=\"paragraph textModule textModule--type-paragraph \" style=\"\">Le premier ministre a par la suite rencontr\u00e9 des gens d\u2019affaires de la Pologne durant une table ronde en compagnie du ministre McGuinty. En matin\u00e9e, il a rencontr\u00e9 des membres des Forces arm\u00e9es canadiennes qui se trouvent en Pologne et qui participent \u00e0 l\u2019op\u00e9ration UNIFIER visant \u00e0 former les soldats ukrainiens. Depuis 2015, les soldats canadiens ont form\u00e9 45\u00a0000\u00a0soldats ukrainiens.<\/p>\n<p class=\"paragraph textModule textModule--type-paragraph \" style=\"\">Apr\u00e8s l\u2019Ukraine et la Pologne, le premier ministre mettra le cap sur l\u2019Allemagne et la Lettonie. \u00c0 Berlin, mardi, M.\u00a0Carney aura un entretien avec le chancelier allemand Friedrich Merz. \u00c0 Riga, mercredi, il ira \u00e0 la rencontre des soldats canadiens d\u00e9ploy\u00e9s en Lettonie dans le cadre de la mission de l\u2019OTAN REASSURANCE.<\/p>\n","protected":false},"excerpt":{"rendered":"(Varsovie, Pologne) Le minist\u00e8re de la D\u00e9fense s\u2019active \u00e0 pr\u00e9parer divers sc\u00e9narios militaires pour un \u00e9ventuel d\u00e9ploiement de&hellip;\n","protected":false},"author":2,"featured_media":343118,"comment_status":"","ping_status":"","sticky":false,"template":"","format":"standard","meta":{"footnotes":""},"categories":[1590],"tags":[11,1777,674,12,220],"class_list":{"0":"post-343117","1":"post","2":"type-post","3":"status-publish","4":"format-standard","5":"has-post-thumbnail","7":"category-ukraine","8":"tag-actualites","9":"tag-eu","10":"tag-europe","11":"tag-news","12":"tag-ukraine"},"share_on_mastodon":{"url":"https:\/\/pubeurope.com\/@fr\/115090124411013287","error":""},"_links":{"self":[{"href":"https:\/\/www.europesays.com\/fr\/wp-json\/wp\/v2\/posts\/343117","targetHints":{"allow":["GET"]}}],"collection":[{"href":"https:\/\/www.europesays.com\/fr\/wp-json\/wp\/v2\/posts"}],"about":[{"href":"https:\/\/www.europesays.com\/fr\/wp-json\/wp\/v2\/types\/post"}],"author":[{"embeddable":true,"href":"https:\/\/www.europesays.com\/fr\/wp-json\/wp\/v2\/users\/2"}],"replies":[{"embeddable":true,"href":"https:\/\/www.europesays.com\/fr\/wp-json\/wp\/v2\/comments?post=343117"}],"version-history":[{"count":0,"href":"https:\/\/www.europesays.com\/fr\/wp-json\/wp\/v2\/posts\/343117\/revisions"}],"wp:featuredmedia":[{"embeddable":true,"href":"https:\/\/www.europesays.com\/fr\/wp-json\/wp\/v2\/media\/343118"}],"wp:attachment":[{"href":"https:\/\/www.europesays.com\/fr\/wp-json\/wp\/v2\/media?parent=343117"}],"wp:term":[{"taxonomy":"category","embeddable":true,"href":"https:\/\/www.europesays.com\/fr\/wp-json\/wp\/v2\/categories?post=343117"},{"taxonomy":"post_tag","embeddable":true,"href":"https:\/\/www.europesays.com\/fr\/wp-json\/wp\/v2\/tags?post=343117"}],"curies":[{"name":"wp","href":"https:\/\/api.w.org\/{rel}","templated":true}]}}