{"id":343123,"date":"2025-08-25T15:33:10","date_gmt":"2025-08-25T15:33:10","guid":{"rendered":"https:\/\/www.europesays.com\/fr\/343123\/"},"modified":"2025-08-25T15:33:10","modified_gmt":"2025-08-25T15:33:10","slug":"lallemagne-a-la-recherche-de-nouveaux-partenaires-commerciaux","status":"publish","type":"post","link":"https:\/\/www.europesays.com\/fr\/343123\/","title":{"rendered":"L\u2019Allemagne \u00e0 la recherche de nouveaux partenaires commerciaux"},"content":{"rendered":"<p><strong>Le chancelier allemand Friedrich Merz a d\u00e9clar\u00e9, dimanche 24 ao\u00fbt 2025, que l\u2019Allemagne devrait regarder au-del\u00e0 de l\u2019<a href=\"https:\/\/www.leconomistemaghrebin.com\/2025\/07\/28\/accord-entre-etats-unis-ue-desequilibre\/\" rel=\"nofollow noopener\" target=\"_blank\">accord commercial<\/a> entre les \u00c9tats-Unis et l\u2019UE, lequel accord impose un tarif de 15 % sur les produits de l\u2019UE, et trouver ainsi de nouveaux partenaires commerciaux dans les ann\u00e9es \u00e0 venir.<\/strong><\/p>\n<p>\u00ab Comment g\u00e9rer le commerce mondial si les Am\u00e9ricains, par exemple, ne sont plus dispos\u00e9s \u00e0 travailler selon les r\u00e8gles de l\u2019OMC ? \u00bb, s\u2019est interrog\u00e9 le chancelier allemand Friedrich Merz dans un discours marquant la journ\u00e9e portes ouvertes du gouvernement, un \u00e9v\u00e9nement o\u00f9 les gens peuvent visiter les institutions berlinoises et participer \u00e0 des discussions.\u00a0\u00ab Nous devons chercher des partenaires dans le monde qui partagent nos pens\u00e9es \u00bb, a-t-il ajout\u00e9.<\/p>\n<p>A rappeler que le pr\u00e9sident am\u00e9ricain Donald Trump et la pr\u00e9sidente de la Commission europ\u00e9enne Ursula von der Leyen ont conclu, le 28 juillet dernier, un accord-cadre commercial qui d\u00e9finit un taux d\u2019imposition de 15 % des produits europ\u00e9ens entrant aux Etats-Unis.<\/p>\n<p>\u00ab Nous avons besoin de bonnes relations \u00e9conomiques avec les \u00c9tats-Unis \u00bb, a d\u00e9clar\u00e9 Merz, mais les opportunit\u00e9s commerciales potentielles en Am\u00e9rique du Sud, en Asie et en Afrique seraient mutuellement b\u00e9n\u00e9fiques. \u00ab Nous devons continuer sur cette voie \u00bb.<\/p>\n","protected":false},"excerpt":{"rendered":"Le chancelier allemand Friedrich Merz a d\u00e9clar\u00e9, dimanche 24 ao\u00fbt 2025, que l\u2019Allemagne devrait regarder au-del\u00e0 de l\u2019accord&hellip;\n","protected":false},"author":2,"featured_media":343124,"comment_status":"","ping_status":"","sticky":false,"template":"","format":"standard","meta":{"footnotes":""},"categories":[1587],"tags":[11,672,1804,1805,1803,1777,674,1801,12,1802],"class_list":{"0":"post-343123","1":"post","2":"type-post","3":"status-publish","4":"format-standard","5":"has-post-thumbnail","7":"category-allemagne","8":"tag-actualites","9":"tag-allemagne","10":"tag-bundesrepublik-deutschland","11":"tag-de","12":"tag-deutschland","13":"tag-eu","14":"tag-europe","15":"tag-germany","16":"tag-news","17":"tag-republique-federale-dallemagne"},"share_on_mastodon":{"url":"https:\/\/pubeurope.com\/@fr\/115090135663990328","error":""},"_links":{"self":[{"href":"https:\/\/www.europesays.com\/fr\/wp-json\/wp\/v2\/posts\/343123","targetHints":{"allow":["GET"]}}],"collection":[{"href":"https:\/\/www.europesays.com\/fr\/wp-json\/wp\/v2\/posts"}],"about":[{"href":"https:\/\/www.europesays.com\/fr\/wp-json\/wp\/v2\/types\/post"}],"author":[{"embeddable":true,"href":"https:\/\/www.europesays.com\/fr\/wp-json\/wp\/v2\/users\/2"}],"replies":[{"embeddable":true,"href":"https:\/\/www.europesays.com\/fr\/wp-json\/wp\/v2\/comments?post=343123"}],"version-history":[{"count":0,"href":"https:\/\/www.europesays.com\/fr\/wp-json\/wp\/v2\/posts\/343123\/revisions"}],"wp:featuredmedia":[{"embeddable":true,"href":"https:\/\/www.europesays.com\/fr\/wp-json\/wp\/v2\/media\/343124"}],"wp:attachment":[{"href":"https:\/\/www.europesays.com\/fr\/wp-json\/wp\/v2\/media?parent=343123"}],"wp:term":[{"taxonomy":"category","embeddable":true,"href":"https:\/\/www.europesays.com\/fr\/wp-json\/wp\/v2\/categories?post=343123"},{"taxonomy":"post_tag","embeddable":true,"href":"https:\/\/www.europesays.com\/fr\/wp-json\/wp\/v2\/tags?post=343123"}],"curies":[{"name":"wp","href":"https:\/\/api.w.org\/{rel}","templated":true}]}}