{"id":343127,"date":"2025-08-25T15:35:19","date_gmt":"2025-08-25T15:35:19","guid":{"rendered":"https:\/\/www.europesays.com\/fr\/343127\/"},"modified":"2025-08-25T15:35:19","modified_gmt":"2025-08-25T15:35:19","slug":"zelensky-ladhesion-rapide-de-lukraine-a-lue-depend-de-sa-reponse-aux-attaques-contre-le-gazoduc-hongrois-business-am","status":"publish","type":"post","link":"https:\/\/www.europesays.com\/fr\/343127\/","title":{"rendered":"Zelensky : \u00ab L&rsquo;adh\u00e9sion rapide de l&rsquo;Ukraine \u00e0 l&rsquo;UE d\u00e9pend de sa r\u00e9ponse aux attaques contre le gazoduc hongrois \u00bb &#8211; Business AM"},"content":{"rendered":"<p>Principaux renseignements<\/p>\n<ul class=\"wp-block-list\">\n<li><strong>Zelensky a \u00e9tabli un lien entre la candidature de l\u2019Ukraine \u00e0 l\u2019UE et la r\u00e9ponse de la Hongrie aux attaques de drones visant l\u2019ol\u00e9oduc Druzhba, une voie d\u2019acheminement essentielle du p\u00e9trole russe vers l\u2019Europe.<\/strong><\/li>\n<li><strong>La situation s\u2019\u00e9tend au-del\u00e0 de la Hongrie, car la Slovaquie d\u00e9pend aussi fortement de l\u2019ol\u00e9oduc Druzhba et les deux pays cherchent \u00e0 obtenir l\u2019intervention de la Commission europ\u00e9enne.<\/strong><\/li>\n<li><strong>La Hongrie a condamn\u00e9 les actions de l\u2019Ukraine, exigeant la fin des actes hostiles contre sa s\u00e9curit\u00e9 \u00e9nerg\u00e9tique, tandis qu\u2019Orb\u00e1n a cherch\u00e9 le soutien du pr\u00e9sident am\u00e9ricain Trump.<\/strong><\/li>\n<\/ul>\n<p>Le pr\u00e9sident ukrainien Volodymyr Zelensky a suscit\u00e9 la controverse en \u00e9tablissant un lien entre l\u2019entr\u00e9e rapide de l\u2019Ukraine dans l\u2019Union europ\u00e9enne et la s\u00e9curit\u00e9 \u00e9nerg\u00e9tique de la Hongrie. Lors d\u2019une conf\u00e9rence de presse, Zelensky a laiss\u00e9 entendre que la position de la Hongrie sur la candidature de l\u2019Ukraine \u00e0 l\u2019UE d\u00e9pendait de sa r\u00e9ponse aux r\u00e9centes attaques de drones visant <a href=\"https:\/\/fr.businessam.be\/attaque-contre-loleoduc-druzhba-hongrie-et-slovaquie-appellent-a-une-intervention-de-lue\/\" target=\"_blank\" rel=\"noopener\">l\u2019ol\u00e9oduc Druzhba<\/a>, une voie d\u2019acheminement cruciale du p\u00e9trole russe vers l\u2019Europe. Il a affirm\u00e9 que Kiev avait toujours montr\u00e9 sa volont\u00e9 de dialogue et de compromis avec la Hongrie, mais a soulign\u00e9 que l\u2019avenir de leurs relations reposait d\u00e9sormais sur les \u00e9paules de Budapest.<\/p>\n<p>Les remarques de Zelensky suscitent la controverse<\/p>\n<p>La d\u00e9claration de Zelensky a fait sourciller, surtout si l\u2019on consid\u00e8re les pr\u00e9occupations actuelles concernant le traitement r\u00e9serv\u00e9 par l\u2019Ukraine aux Hongrois de Transcarpatie. Ses remarques impliquaient une menace voil\u00e9e : L\u2019Ukraine continuera \u00e0 cibler Druzhba jusqu\u2019\u00e0 ce qu\u2019Orb\u00e1n l\u00e8ve son veto sur l\u2019adh\u00e9sion de l\u2019Ukraine \u00e0 l\u2019UE.<\/p>\n<p>La situation a des implications profondes au-del\u00e0 de la Hongrie. La Slovaquie est \u00e9galement tr\u00e8s d\u00e9pendante de l\u2019ol\u00e9oduc Druzhba pour ses importations de p\u00e9trole. Les deux pays ont lanc\u00e9 un appel conjoint \u00e0 la Commission europ\u00e9enne pour qu\u2019elle intervienne, citant une d\u00e9claration ant\u00e9rieure reconnaissant la s\u00e9curit\u00e9 des infrastructures \u00e9nerg\u00e9tiques comme une pr\u00e9occupation de l\u2019UE. Ils ont exprim\u00e9 leur d\u00e9ception face \u00e0 l\u2019absence de mesures de protection concr\u00e8tes malgr\u00e9 ces engagements.<\/p>\n<p>Bruxelles a toutefois rassur\u00e9 les deux nations en leur disant que leurs r\u00e9serves de p\u00e9trole d\u2019urgence pourraient les soutenir pendant au moins 90 jours, minimisant ainsi la menace imm\u00e9diate qui p\u00e8se sur leur s\u00e9curit\u00e9 \u00e9nerg\u00e9tique. Cette position permet \u00e0 l\u2019Ukraine de poursuivre ses attaques contre l\u2019ol\u00e9oduc.<\/p>\n<p>R\u00e9action Hongrie<\/p>\n<p>Le Premier ministre Orb\u00e1n a en outre lanc\u00e9 un appel au pr\u00e9sident am\u00e9ricain Donald Trump, qui a condamn\u00e9 les frappes ukrainiennes et exprim\u00e9 son soutien \u00e0 la Hongrie. Orb\u00e1n a d\u00e9plor\u00e9 les actions apparemment ingrates de l\u2019Ukraine, qui accepte l\u2019aide hongroise tout en ciblant une ligne de vie \u00e9nerg\u00e9tique vitale.<\/p>\n<p>Le ministre hongrois des affaires \u00e9trang\u00e8res, P\u00e9ter Szijj\u00e1rt\u00f3, a r\u00e9pondu \u00e0 la menace de M. Zelensky en demandant \u00e0 l\u2019Ukraine de cesser ses actions hostiles contre la s\u00e9curit\u00e9 \u00e9nerg\u00e9tique de la Hongrie. Il a soulign\u00e9 que la Hongrie n\u2019\u00e9tait pas impliqu\u00e9e dans le conflit et a condamn\u00e9 la violation de la souverainet\u00e9 hongroise. Szijj\u00e1rt\u00f3 a \u00e9galement critiqu\u00e9 la Commission europ\u00e9enne, l\u2019exhortant \u00e0 donner la priorit\u00e9 \u00e0 sa responsabilit\u00e9 envers tous les \u00c9tats membres plut\u00f4t que de r\u00e9pondre aux exigences de l\u2019Ukraine.<\/p>\n<p>L\u2019Ukraine d\u00e9fend l\u2019autonomie de Zelensky<\/p>\n<p>Le ministre ukrainien des affaires \u00e9trang\u00e8res, Andrii Sybiha, a r\u00e9pliqu\u00e9 en affirmant l\u2019autonomie de Zelensky en tant que dirigeant de l\u2019Ukraine, rejetant toute ing\u00e9rence de la Hongrie. Il a en outre exhort\u00e9 la Hongrie \u00e0 r\u00e9duire sa d\u00e9pendance \u00e0 l\u2019\u00e9gard des sources d\u2019\u00e9nergie russes.<\/p>\n<p>La tension est mont\u00e9e d\u2019un cran lorsque la Hongrie et la Slovaquie ont demand\u00e9 conjointement l\u2019intervention de Bruxelles, mettant en garde contre d\u2019\u00e9ventuelles perturbations de l\u2019approvisionnement en p\u00e9trole pendant cinq jours en raison de la gr\u00e8ve des ol\u00e9oducs. Ce d\u00e9veloppement souligne la position in\u00e9branlable de la Hongrie contre les mesures de l\u2019UE visant \u00e0 r\u00e9duire la d\u00e9pendance \u00e0 l\u2019\u00e9gard de l\u2019\u00e9nergie russe.<\/p>\n<p><a href=\"https:\/\/portalfr.businessam.be\/plans\/business-am-fr-offre-dete\/\" target=\"_blank\" rel=\"noopener\">Si vous souhaitez acc\u00e9der \u00e0 tous les articles, abonnez-vous ici!<\/a><\/p>\n","protected":false},"excerpt":{"rendered":"Principaux renseignements Zelensky a \u00e9tabli un lien entre la candidature de l\u2019Ukraine \u00e0 l\u2019UE et la r\u00e9ponse de&hellip;\n","protected":false},"author":2,"featured_media":343128,"comment_status":"","ping_status":"","sticky":false,"template":"","format":"standard","meta":{"footnotes":""},"categories":[1586],"tags":[11,1777,674,1779,1011,27,804,12,43269,25,1778,220,364,6746],"class_list":{"0":"post-343127","1":"post","2":"type-post","3":"status-publish","4":"format-standard","5":"has-post-thumbnail","7":"category-europe","8":"tag-actualites","9":"tag-eu","10":"tag-europe","11":"tag-european-union","12":"tag-fr","13":"tag-france","14":"tag-hongrie","15":"tag-news","16":"tag-orban","17":"tag-republique-francaise","18":"tag-ue","19":"tag-ukraine","20":"tag-union-europeenne","21":"tag-zelensky"},"share_on_mastodon":{"url":"https:\/\/pubeurope.com\/@fr\/115090143619779745","error":""},"_links":{"self":[{"href":"https:\/\/www.europesays.com\/fr\/wp-json\/wp\/v2\/posts\/343127","targetHints":{"allow":["GET"]}}],"collection":[{"href":"https:\/\/www.europesays.com\/fr\/wp-json\/wp\/v2\/posts"}],"about":[{"href":"https:\/\/www.europesays.com\/fr\/wp-json\/wp\/v2\/types\/post"}],"author":[{"embeddable":true,"href":"https:\/\/www.europesays.com\/fr\/wp-json\/wp\/v2\/users\/2"}],"replies":[{"embeddable":true,"href":"https:\/\/www.europesays.com\/fr\/wp-json\/wp\/v2\/comments?post=343127"}],"version-history":[{"count":0,"href":"https:\/\/www.europesays.com\/fr\/wp-json\/wp\/v2\/posts\/343127\/revisions"}],"wp:featuredmedia":[{"embeddable":true,"href":"https:\/\/www.europesays.com\/fr\/wp-json\/wp\/v2\/media\/343128"}],"wp:attachment":[{"href":"https:\/\/www.europesays.com\/fr\/wp-json\/wp\/v2\/media?parent=343127"}],"wp:term":[{"taxonomy":"category","embeddable":true,"href":"https:\/\/www.europesays.com\/fr\/wp-json\/wp\/v2\/categories?post=343127"},{"taxonomy":"post_tag","embeddable":true,"href":"https:\/\/www.europesays.com\/fr\/wp-json\/wp\/v2\/tags?post=343127"}],"curies":[{"name":"wp","href":"https:\/\/api.w.org\/{rel}","templated":true}]}}