{"id":343138,"date":"2025-08-25T15:41:10","date_gmt":"2025-08-25T15:41:10","guid":{"rendered":"https:\/\/www.europesays.com\/fr\/343138\/"},"modified":"2025-08-25T15:41:10","modified_gmt":"2025-08-25T15:41:10","slug":"le-mea-culpa-de-baptiste-serin-jai-dun-coup-commence-a-faire-de-moins-bons-matches","status":"publish","type":"post","link":"https:\/\/www.europesays.com\/fr\/343138\/","title":{"rendered":"Le mea culpa de Baptiste Serin : \u00ab\u00a0J&rsquo;ai d\u2019un coup commenc\u00e9 \u00e0 faire de moins bons matches&#8230;\u00a0\u00bb"},"content":{"rendered":"<p>Auteur d\u2019un d\u00e9but de saison XXL avec le Rugby Club Toulonnais, le demi-de-m\u00eal\u00e9e Baptiste Serin a effectu\u00e9 des prestations moins remarqu\u00e9es en fin de saison.<\/p>\n<p>Lors d\u2019un entretien accord\u00e9 au journal <a href=\"https:\/\/www.lamarseillaise.fr\/sports\/entretien-baptiste-serin-gagner-un-titre-avec-toulon-est-le-dernier-objectif-de-ma-carriere-MH18680480\" rel=\"nofollow noopener\" target=\"_blank\">La Marseillaise<\/a>, le num\u00e9ro 9 du RCT a effectu\u00e9 son mea culpa.<\/p>\n<p>Il reconnait avoir voulu trop en faire sur certains matches.<\/p>\n<p>Il avoue aussi avoir \u00e9t\u00e9 perturb\u00e9 par certaines \u00e9volutions dans sa vie personnelle, lui qui est r\u00e9cemment devenu papa.<\/p>\n<p><strong>A lire ci-dessous :<\/strong><\/p>\n<p>\u00ab\u00a0J\u2019ai \u00e9t\u00e9 un peu le miroir de l\u2019\u00e9quipe, dans le sens o\u00f9 j\u2019\u00e9tais tr\u00e8s bien jusqu\u2019au mois de mai et j\u2019ai d\u2019un coup commenc\u00e9 \u00e0 faire de moins bons matches. M\u00eame si je me suis repris sur les phases finales. Je suis content de ma constance, mais les cartons que j\u2019ai \u00e9cop\u00e9s sur les deux rencontres contre Toulouse ont surpass\u00e9 mes prestations positives sur l\u2019ensemble de la saison. <\/p>\n<p>Je trouve que j\u2019ai voulu trop en faire sur ces deux matches cruciaux. Je me suis remis en question apr\u00e8s coup et je suis persuad\u00e9 que \u00e7a vient de mon exp\u00e9rience individuelle. Il faut que je me pr\u00e9pare autrement \u00e0 pr\u00e9sent sur certains points. \u00c7a reste une ann\u00e9e difficile, o\u00f9 j\u2019ai beaucoup jou\u00e9, o\u00f9 il y avait beaucoup d\u2019attentes aussi. <\/p>\n<p>Quand tu fais du tr\u00e8s bon sur les trois-quarts de la saison, on s\u2019attend \u00e0 ce que tu sois performant jusqu\u2019au bout. Je me suis mis une exigence personnelle tr\u00e8s \u00e9lev\u00e9e. M\u00eame trop haute, peut-\u00eatre. Et j\u2019ai connu quelques \u00e9volutions dans ma vie personnelle qui m\u2019ont peut-\u00eatre perturb\u00e9. Mais je suis convaincu que cette saison sera meilleure.\u00a0\u00bb<\/p>\n<p>En fin de contrat avec Toulon au mois de juin prochain, Baptiste Serin n\u2019a pas encore d\u00e9cid\u00e9 de quoi sera fait son avenir.<\/p>\n<p><strong>Affaire \u00e0 suivre\u2026<\/strong><\/p>\n","protected":false},"excerpt":{"rendered":"Auteur d\u2019un d\u00e9but de saison XXL avec le Rugby Club Toulonnais, le demi-de-m\u00eal\u00e9e Baptiste Serin a effectu\u00e9 des&hellip;\n","protected":false},"author":2,"featured_media":342409,"comment_status":"","ping_status":"","sticky":false,"template":"","format":"standard","meta":{"footnotes":""},"categories":[1416],"tags":[1011,27,479,1468,60],"class_list":{"0":"post-343138","1":"post","2":"type-post","3":"status-publish","4":"format-standard","5":"has-post-thumbnail","7":"category-rugby","8":"tag-fr","9":"tag-france","10":"tag-rugby","11":"tag-rugby-football","12":"tag-sports"},"share_on_mastodon":{"url":"https:\/\/pubeurope.com\/@fr\/115090167126620441","error":""},"_links":{"self":[{"href":"https:\/\/www.europesays.com\/fr\/wp-json\/wp\/v2\/posts\/343138","targetHints":{"allow":["GET"]}}],"collection":[{"href":"https:\/\/www.europesays.com\/fr\/wp-json\/wp\/v2\/posts"}],"about":[{"href":"https:\/\/www.europesays.com\/fr\/wp-json\/wp\/v2\/types\/post"}],"author":[{"embeddable":true,"href":"https:\/\/www.europesays.com\/fr\/wp-json\/wp\/v2\/users\/2"}],"replies":[{"embeddable":true,"href":"https:\/\/www.europesays.com\/fr\/wp-json\/wp\/v2\/comments?post=343138"}],"version-history":[{"count":0,"href":"https:\/\/www.europesays.com\/fr\/wp-json\/wp\/v2\/posts\/343138\/revisions"}],"wp:featuredmedia":[{"embeddable":true,"href":"https:\/\/www.europesays.com\/fr\/wp-json\/wp\/v2\/media\/342409"}],"wp:attachment":[{"href":"https:\/\/www.europesays.com\/fr\/wp-json\/wp\/v2\/media?parent=343138"}],"wp:term":[{"taxonomy":"category","embeddable":true,"href":"https:\/\/www.europesays.com\/fr\/wp-json\/wp\/v2\/categories?post=343138"},{"taxonomy":"post_tag","embeddable":true,"href":"https:\/\/www.europesays.com\/fr\/wp-json\/wp\/v2\/tags?post=343138"}],"curies":[{"name":"wp","href":"https:\/\/api.w.org\/{rel}","templated":true}]}}