{"id":343139,"date":"2025-08-25T15:42:14","date_gmt":"2025-08-25T15:42:14","guid":{"rendered":"https:\/\/www.europesays.com\/fr\/343139\/"},"modified":"2025-08-25T15:42:14","modified_gmt":"2025-08-25T15:42:14","slug":"us-open-alcaraz-sur-son-premier-adversaire-je-ne-lai-jamais-affronte-mais-nous-connaissons-tous-son-style-de-jeu","status":"publish","type":"post","link":"https:\/\/www.europesays.com\/fr\/343139\/","title":{"rendered":"US Open > Alcaraz sur son premier adversaire : \u00ab\u00a0Je ne l&rsquo;ai jamais affront\u00e9 mais nous connaissons tous son style de jeu\u00a0\u00bb"},"content":{"rendered":"<p>Carlos Alcaraz n\u2019a pas \u00e9t\u00e9 \u00e9pargn\u00e9 par le tirage au sort \u00e0 l\u2019US Open, o\u00f9 il affron\u00adtera le g\u00e9ant am\u00e9ri\u00adcain Reilly Opelka d\u00e8s le premier tour.\u00a0<\/p>\n<p><strong>\u00ab\u202f\u00c7a va \u00eatre un match tr\u00e8s diffi\u00adcile. Je n\u2019ai jamais jou\u00e9 contre Opelka et nous connais\u00adsons tous son style de jeu, je vais donc devoir \u00eatre tr\u00e8s concentr\u00e9 sur mes retours et bien pr\u00e9par\u00e9. Je dois mettre tous les retours que je peux et ensuite on verra bien, mais j\u2019ai confiance en moi en ce moment. Je suis pr\u00eat et je me sens tr\u00e8s bien sur le court\u202f\u00bb<\/strong>, a d\u00e9clar\u00e9 le num\u00e9ro 2 mondial dans des propos relay\u00e9s par <a href=\"https:\/\/www.puntodebreak.com\/2025\/08\/23\/alcaraz-espera-sinner-final-us-open-2025-ojala\" data-wpel-link=\"external\" target=\"_blank\" rel=\"nofollow external noopener\">Punto de Break<\/a>. <\/p>\n<p class=\"post-published-date\" style=\"color: silver; font-size: 75%; text-align: left;\">Publi\u00e9 le lundi 25 ao\u00fbt 2025 \u00e0 16:32<\/p>\n","protected":false},"excerpt":{"rendered":"Carlos Alcaraz n\u2019a pas \u00e9t\u00e9 \u00e9pargn\u00e9 par le tirage au sort \u00e0 l\u2019US Open, o\u00f9 il affron\u00adtera le&hellip;\n","protected":false},"author":2,"featured_media":343140,"comment_status":"","ping_status":"","sticky":false,"template":"","format":"standard","meta":{"footnotes":""},"categories":[1415],"tags":[1744,1011,27,60,1467],"class_list":{"0":"post-343139","1":"post","2":"type-post","3":"status-publish","4":"format-standard","5":"has-post-thumbnail","7":"category-tennis","8":"tag-alcaraz","9":"tag-fr","10":"tag-france","11":"tag-sports","12":"tag-tennis"},"share_on_mastodon":{"url":"https:\/\/pubeurope.com\/@fr\/115090170997863192","error":""},"_links":{"self":[{"href":"https:\/\/www.europesays.com\/fr\/wp-json\/wp\/v2\/posts\/343139","targetHints":{"allow":["GET"]}}],"collection":[{"href":"https:\/\/www.europesays.com\/fr\/wp-json\/wp\/v2\/posts"}],"about":[{"href":"https:\/\/www.europesays.com\/fr\/wp-json\/wp\/v2\/types\/post"}],"author":[{"embeddable":true,"href":"https:\/\/www.europesays.com\/fr\/wp-json\/wp\/v2\/users\/2"}],"replies":[{"embeddable":true,"href":"https:\/\/www.europesays.com\/fr\/wp-json\/wp\/v2\/comments?post=343139"}],"version-history":[{"count":0,"href":"https:\/\/www.europesays.com\/fr\/wp-json\/wp\/v2\/posts\/343139\/revisions"}],"wp:featuredmedia":[{"embeddable":true,"href":"https:\/\/www.europesays.com\/fr\/wp-json\/wp\/v2\/media\/343140"}],"wp:attachment":[{"href":"https:\/\/www.europesays.com\/fr\/wp-json\/wp\/v2\/media?parent=343139"}],"wp:term":[{"taxonomy":"category","embeddable":true,"href":"https:\/\/www.europesays.com\/fr\/wp-json\/wp\/v2\/categories?post=343139"},{"taxonomy":"post_tag","embeddable":true,"href":"https:\/\/www.europesays.com\/fr\/wp-json\/wp\/v2\/tags?post=343139"}],"curies":[{"name":"wp","href":"https:\/\/api.w.org\/{rel}","templated":true}]}}