{"id":343145,"date":"2025-08-25T15:46:10","date_gmt":"2025-08-25T15:46:10","guid":{"rendered":"https:\/\/www.europesays.com\/fr\/343145\/"},"modified":"2025-08-25T15:46:10","modified_gmt":"2025-08-25T15:46:10","slug":"tour-despagne-2025-lourdement-touche-a-une-epaule-axel-zingle-visma-lease-a-bike-abandonne-eurosport","status":"publish","type":"post","link":"https:\/\/www.europesays.com\/fr\/343145\/","title":{"rendered":"Tour d&#039;Espagne 2025 &#8211; Lourdement touch\u00e9 \u00e0 une \u00e9paule, Axel Zingle (Visma Lease a bike) abandonne &#8211; Eurosport"},"content":{"rendered":"<ol>\n<li><a href=\"https:\/\/news.google.com\/rss\/articles\/CBMi_AFBVV95cUxQWV9wSEpVWG9vbndXazVaLXI4bW10OHZpeGtMeUE5a2hRbktTcG81YXNlZ0N4SGw4QnIzWmhTX1RqaEFCOHhiNXNsVC1PZGZ0QkdvdWR0Y1F6NzBRTWNrZTU3LUw3ZkhpaDl4WndKN0ladTBEdU1mbFBCTWhfRWFVb0UxbUlHWWxKOS1LSHY1X0NkUF9SZTZlNTlrUGdJV3lLc1EzZW1LRFZxeXR0SGlJa203ZzctcDlWNFlCRTFraGRTdkJubEhiNURIY3o5ZDVNRllxbUFoaUVaVFNrTFdUa3ZvYUNkbjJoUTFtbmtQeVU5LXJndXN3ZUV6MjE?oc=5\" target=\"_blank\" rel=\"nofollow noopener\">Tour d&rsquo;Espagne 2025 &#8211; Lourdement touch\u00e9 \u00e0 une \u00e9paule, Axel Zingle (Visma Lease a bike) abandonne<\/a>&nbsp;&nbsp;Eurosport<\/li>\n<li><a href=\"https:\/\/news.google.com\/rss\/articles\/CBMiqwFBVV95cUxOaDhyZzNYVGZma09PbTVSWmNGUm5VQnZrY255QTNHb1VOVGMtLXFLbGkzXzdJbkpGNkhZNTVkZnFsd29POThuU3pCRnJJZ2FnMUM3OUF3T295cUJMc1NBN3pnd1VETWZFbnljX3NiaVN3VlJBMXhUeHAyTW9TcnFrZjNlSkVaaVpYamU4VjJGcnJMTkNEdVJsZVg1b0ItQmpnNzRTejVhYlRsbU3SAaoBQVVfeXFMT05XTXJxRzU4aFV4bi1qNExNUzEzNzRFNVEwRERQR2ItdTBLWGV4TFpKV3lkQUJmejRDaHliNDJCR010NnNFazFNR3J2LUVfUjFibk9Xbm9QZl8yM2dGeDdKaE1oWU1fNDhRTkVhMlZ2cWI4Rml3S2pMcjBSNTladVZZVV9FaWlLajQ5RzlsaXBqcFZ3emhTTVlQa2VObDRldEpmaDYwUDJUMkE?oc=5\" target=\"_blank\" rel=\"nofollow noopener\">Visma-Lease a Bike : Zingle abandonne la Vuelta<\/a>&nbsp;&nbsp;Orange Actualit\u00e9s | Sports<\/li>\n<li><a href=\"https:\/\/news.google.com\/rss\/articles\/CBMiiAJBVV95cUxQcnNvOFdnNmZiZzAxbUFLYVF0dWVwVXEtQTJoZVpvcHBzM2h5X085aHNGUHFjX2RRWklRTXJMSTdTZFltWDBJdEZwczRKSjVvVGloTEVHQUpGVlEzZWp2YTBld3Nnd1dQdTB4enRFSDM1OXRFb2FmLXhULXl5MUF1ZXE5YnZaSjRYYnVKMGVDYkFzRTZuUUFhNU5SSUxiaElDMlgyVkpEZjNxNEl1SjZWZnFyMDl1MDktdnQ5ckhxUVFXVDliNW5rLXlIVnJfZHoxNUVmajVxakstT1VBU2tWeUJCUkp4T21iRWpQMG5ReHh5bmoxV0hwX3cwbVNQendBaVA3NTVKd3c?oc=5\" target=\"_blank\" rel=\"nofollow noopener\">Magnifique : David Gaudu s&rsquo;offre Mads Pedersen et Jonas Vingegaard pour remporter la 3e \u00e9tape !<\/a>&nbsp;&nbsp;Eurosport<\/li>\n<li><a href=\"https:\/\/news.google.com\/rss\/articles\/CBMigAJBVV95cUxNTzlmWXpqN1B2c01oc0hORktNcnhsX1VNeW5xOWE5R0lQVkJNZXlnM3BLcGV1Q3g3b1ZGek5GMTA4Zjd2c2MzZlBJdUotZ01EQjVDbUstbkZ0YWs3Z054MXdRMFZRY1NKeEZfLU1TM3RtT3BlN3BYMjd5T0Q1YmY3ZFYtcmZrTmxHRzhMX1JuVndJcGJQellQSzZEdzJ3NTRjZ01SVG9iR25NeDZzYzF2ZVpyTFVlb0E5TjBhTWxHaGhfVmxqZmRhNTVqeWU3TXRMaHJjZ1RERGhaal9PNDBVZkNxaU81UXJpN05YV0F1Zk9STy01Q1oyQlBLano1UEVr?oc=5\" target=\"_blank\" rel=\"nofollow noopener\">Lourd bilan pour Guillaume Martin-Guyonnet, victime d&rsquo;une fracture de deux vert\u00e8bres apr\u00e8s sa chute \u00e0 la Vuelta<\/a>&nbsp;&nbsp;L&rsquo;\u00c9quipe<\/li>\n<li><a href=\"https:\/\/news.google.com\/rss\/articles\/CBMiqwFBVV95cUxPQzdzXzlfdG1KcVY4YjB6OXR4aW1DNXR1NV9DZTNKNlRxOWR2U1lmRG9aemw1bjJZR2dCSXZqY2l4NTJlczFOZ0ViSENUSXpyMVRuUzVRSVYtaWtQR2ZvUnR6ZnpJWHV2WjhoSmI1Wnc3V2ZuVFphaURoQUJUSk1IZVlBdzhEME9iYkZNU1daQUc0MFBrUTVESGVpNTZRbXY0d0E5QzJlY0xGSEE?oc=5\" target=\"_blank\" rel=\"nofollow noopener\">Tour d\u2019Espagne : David Gaudu triomphe sur la 3e \u00e9tape devant Pedersen et Vingegaard<\/a>&nbsp;&nbsp;Le Figaro<\/li>\n<\/ol>\n","protected":false},"excerpt":{"rendered":"Tour d&rsquo;Espagne 2025 &#8211; Lourdement touch\u00e9 \u00e0 une \u00e9paule, Axel Zingle (Visma Lease a bike) abandonne&nbsp;&nbsp;Eurosport Visma-Lease a&hellip;\n","protected":false},"author":2,"featured_media":1445,"comment_status":"","ping_status":"","sticky":false,"template":"","format":"standard","meta":{"footnotes":""},"categories":[1411],"tags":[1154,207,1011,27,60],"class_list":{"0":"post-343145","1":"post","2":"type-post","3":"status-publish","4":"format-standard","5":"has-post-thumbnail","7":"category-cyclisme","8":"tag-cycling","9":"tag-cyclisme","10":"tag-fr","11":"tag-france","12":"tag-sports"},"share_on_mastodon":{"url":"https:\/\/pubeurope.com\/@fr\/115090186766583104","error":""},"_links":{"self":[{"href":"https:\/\/www.europesays.com\/fr\/wp-json\/wp\/v2\/posts\/343145","targetHints":{"allow":["GET"]}}],"collection":[{"href":"https:\/\/www.europesays.com\/fr\/wp-json\/wp\/v2\/posts"}],"about":[{"href":"https:\/\/www.europesays.com\/fr\/wp-json\/wp\/v2\/types\/post"}],"author":[{"embeddable":true,"href":"https:\/\/www.europesays.com\/fr\/wp-json\/wp\/v2\/users\/2"}],"replies":[{"embeddable":true,"href":"https:\/\/www.europesays.com\/fr\/wp-json\/wp\/v2\/comments?post=343145"}],"version-history":[{"count":0,"href":"https:\/\/www.europesays.com\/fr\/wp-json\/wp\/v2\/posts\/343145\/revisions"}],"wp:featuredmedia":[{"embeddable":true,"href":"https:\/\/www.europesays.com\/fr\/wp-json\/wp\/v2\/media\/1445"}],"wp:attachment":[{"href":"https:\/\/www.europesays.com\/fr\/wp-json\/wp\/v2\/media?parent=343145"}],"wp:term":[{"taxonomy":"category","embeddable":true,"href":"https:\/\/www.europesays.com\/fr\/wp-json\/wp\/v2\/categories?post=343145"},{"taxonomy":"post_tag","embeddable":true,"href":"https:\/\/www.europesays.com\/fr\/wp-json\/wp\/v2\/tags?post=343145"}],"curies":[{"name":"wp","href":"https:\/\/api.w.org\/{rel}","templated":true}]}}