{"id":343146,"date":"2025-08-25T15:47:13","date_gmt":"2025-08-25T15:47:13","guid":{"rendered":"https:\/\/www.europesays.com\/fr\/343146\/"},"modified":"2025-08-25T15:47:13","modified_gmt":"2025-08-25T15:47:13","slug":"mercato-psg-un-transfert-imminent-cest-confirme","status":"publish","type":"post","link":"https:\/\/www.europesays.com\/fr\/343146\/","title":{"rendered":"Mercato PSG &#8211; Un transfert imminent, c&rsquo;est confirm\u00e9 !"},"content":{"rendered":"<p><strong>Arnau Tenas, gardien espagnol de 24 ans qui a sign\u00e9 au Paris Saint-Germain jusqu\u2019en 2026 durant l\u2019\u00e9t\u00e9 2023 apr\u00e8s la fin de son contrat au FC Barcelone, n\u2019a pour le moment presque pas de temps de jeu. Il va donc partir, certainement \u00e0 Villarreal. L\u2019Equipe confirme ce lundi que le transfert est proche.<\/strong><\/p>\n<blockquote>\n<p>\u00ab\u00a0Comme annonc\u00e9 par une grande partie de la presse espagnole et confirm\u00e9 par L\u2019Equipe, Arnau Tenas devrait \u00e9voluer \u00e0 Villarreal la saison prochaine. Le club espagnol n\u2019a pas encore trouv\u00e9 d\u2019accord total avec le Paris Saint-Germain mais les n\u00e9gociations sont proches d\u2019aboutir.\u00a0\u00bb<\/p>\n<\/blockquote>\n<p>Plusieurs m\u00e9dias sont d\u2019accord en peu de temps, le doute n\u2019est donc plus que tr\u00e8s l\u00e9ger. M\u00eame si le mercato peut encore surprendre tant qu\u2019il n\u2019y a rien de concret, on l\u2019a d\u00e9j\u00e0 vu. Mais il y a de quoi penser que le dossier Tenas sera bient\u00f4t officiellement r\u00e9gl\u00e9. Cela avec une belle porte de sortie pour le gardien espagnol, alors que le PSG se s\u00e9parer d\u2019un joueur qui n\u2019avait plus de place. C\u2019est aussi une tentative \u00e0 moindre co\u00fbt pour le club espagnol qualifi\u00e9 en Ligue des Champions.<\/p>\n<p>\t\t\t\t\t\t\t\t\t\t\t\t\t\t\t\t\t\t\t\t\t\t\t<img loading=\"lazy\" src=\"https:\/\/www.europesays.com\/fr\/wp-content\/uploads\/2025\/04\/ParisFans_Logo.png\" decoding=\"async\" class=\"lazyload\" width=\"240\" height=\"54\" data-eio-rwidth=\"240\" data-eio-rheight=\"54\"\/><\/p>\n","protected":false},"excerpt":{"rendered":"Arnau Tenas, gardien espagnol de 24 ans qui a sign\u00e9 au Paris Saint-Germain jusqu\u2019en 2026 durant l\u2019\u00e9t\u00e9 2023&hellip;\n","protected":false},"author":2,"featured_media":343147,"comment_status":"","ping_status":"","sticky":false,"template":"","format":"standard","meta":{"footnotes":""},"categories":[1410],"tags":[20159,63,1011,27,60,96],"class_list":{"0":"post-343146","1":"post","2":"type-post","3":"status-publish","4":"format-standard","5":"has-post-thumbnail","7":"category-football","8":"tag-arnau-tenas","9":"tag-football","10":"tag-fr","11":"tag-france","12":"tag-sports","13":"tag-une"},"share_on_mastodon":{"url":"https:\/\/pubeurope.com\/@fr\/115090190754606737","error":""},"_links":{"self":[{"href":"https:\/\/www.europesays.com\/fr\/wp-json\/wp\/v2\/posts\/343146","targetHints":{"allow":["GET"]}}],"collection":[{"href":"https:\/\/www.europesays.com\/fr\/wp-json\/wp\/v2\/posts"}],"about":[{"href":"https:\/\/www.europesays.com\/fr\/wp-json\/wp\/v2\/types\/post"}],"author":[{"embeddable":true,"href":"https:\/\/www.europesays.com\/fr\/wp-json\/wp\/v2\/users\/2"}],"replies":[{"embeddable":true,"href":"https:\/\/www.europesays.com\/fr\/wp-json\/wp\/v2\/comments?post=343146"}],"version-history":[{"count":0,"href":"https:\/\/www.europesays.com\/fr\/wp-json\/wp\/v2\/posts\/343146\/revisions"}],"wp:featuredmedia":[{"embeddable":true,"href":"https:\/\/www.europesays.com\/fr\/wp-json\/wp\/v2\/media\/343147"}],"wp:attachment":[{"href":"https:\/\/www.europesays.com\/fr\/wp-json\/wp\/v2\/media?parent=343146"}],"wp:term":[{"taxonomy":"category","embeddable":true,"href":"https:\/\/www.europesays.com\/fr\/wp-json\/wp\/v2\/categories?post=343146"},{"taxonomy":"post_tag","embeddable":true,"href":"https:\/\/www.europesays.com\/fr\/wp-json\/wp\/v2\/tags?post=343146"}],"curies":[{"name":"wp","href":"https:\/\/api.w.org\/{rel}","templated":true}]}}