{"id":343148,"date":"2025-08-25T15:48:11","date_gmt":"2025-08-25T15:48:11","guid":{"rendered":"https:\/\/www.europesays.com\/fr\/343148\/"},"modified":"2025-08-25T15:48:11","modified_gmt":"2025-08-25T15:48:11","slug":"vise-par-la-plainte-dune-ex-compagne-le-chef-jean-imbert-conteste-les-accusations-de-violences-conjugales","status":"publish","type":"post","link":"https:\/\/www.europesays.com\/fr\/343148\/","title":{"rendered":"Vis\u00e9 par la plainte d&rsquo;une ex-compagne, le chef Jean Imbert conteste les accusations de violences conjugales"},"content":{"rendered":"<p>La jeune femme d\u00e9nonce dans sa plainte des gifles r\u00e9currentes et une s\u00e9questration dans un h\u00f4tel. Les avocates du chef contredisent ces accusations qu\u2019elles estiment \u00abbiais\u00e9es et tronqu\u00e9es\u00bb.<\/p>\n<p class=\"fig-paragraph\">Lila Salet, ancienne actrice et ex-compagne de\u00a0<a href=\"http:\/\/www.lefigaro.fr\/gastronomie\/apres-le-plaza-athenee-et-cheval-blanc-rencontre-avec-jean-imbert-chef-de-la-palme-d-or-au-martinez-de-cannes-20240524\" data-fig-type=\"Article\" data-gtm-custom-categorie=\"navigation\" data-gtm-custom-action=\"crossclick\" data-gtm-custom-label=\"Contextuel\" data-gtm-event=\"customEventSPE\" data-fig-domain=\"LEFIGARO\" target=\"_blank\" rel=\"noopener\">Jean Imbert<\/a>, a d\u00e9pos\u00e9 plainte samedi au commissariat de Versailles pour<a href=\"http:\/\/www.lefigaro.fr\/faits-divers\/violences-conjugales-stephane-plaza-condamne-a-12-mois-de-prison-avec-sursis-20250218\" data-fig-type=\"NewsFlash\" data-gtm-custom-categorie=\"navigation\" data-gtm-custom-action=\"crossclick\" data-gtm-custom-label=\"Contextuel\" data-gtm-event=\"customEventSPE\" data-fig-domain=\"LEFIGARO\" target=\"_blank\" rel=\"noopener\">\u00a0violences conjugales<\/a>\u00a0contre le c\u00e9l\u00e8bre cuisinier et ancien vainqueur de \u00abTop Chef\u00bb, a appris Le Figaro aupr\u00e8s de la plaignante, confirmant une information du magazine\u00a0<a href=\"https:\/\/www.elle.fr\/Societe\/News\/EXCLUSIF-Une-plainte-deposee-contre-Jean-Imbert-pour-violences-conjugales-et-sequestration-4375312\" target=\"_blank\" rel=\"nofollow noopener\" data-gtm-custom-categorie=\"navigation\" data-gtm-custom-action=\"crossclick\" data-gtm-custom-label=\"Contextuel\" data-gtm-event=\"customEventSPE\">Elle<\/a> . Elle d\u00e9nonce des faits qui se seraient d\u00e9roul\u00e9s entre 2012 et 2013, au moment de sa liaison avec le chef, pr\u00e9cise la jeune femme qui souhaite d\u00e9sormais \u00ablaisser la justice faire son travail\u00bb. Dans sa plainte que l\u2019AFP a pu consulter, Lila Salet, aujourd\u2019hui \u00e0 la t\u00eate d\u2019une agence immobili\u00e8re, fait notamment \u00e9tat de gifles r\u00e9currentes et d\u2019une s\u00e9questration dans un h\u00f4tel.<\/p>\n<p class=\"fig-paragraph\">La trentenaire avait d\u00e9j\u00e0 d\u00e9pos\u00e9 plainte en 2013 pour ces faits mais s\u2019\u00e9tait finalement ravis\u00e9e \u00abmalheureusement, prise de compassion\u00bb pour son ex-compagnon, relate-t-elle. C\u2019est la prise de parole r\u00e9cente de l\u2019ancienne Miss France, Alexandra Rosenfeld, ancienne petite amie de Jean Imbert qui affirme elle aussi avoir \u00e9t\u00e9 victime de violences, qui l\u2019a d\u00e9cid\u00e9e \u00e0 relancer une proc\u00e9dure judiciaire. \u00abAvec moi, il avait \u00e9t\u00e9 violent. J\u2019avais des doutes qu\u2019il l\u2019ait \u00e9t\u00e9 avec Alexandra Rosenfeld, mais je suis tomb\u00e9e des nues de savoir qu\u2019elle s\u2019\u00e9tait fait p\u00e9ter le nez. Donc, \u00e9videmment, \u00e7a a raviv\u00e9 une esp\u00e8ce de col\u00e8re\u00bb, poursuit Lila Salet.<\/p>\n<p>                                    <a class=\"fig-a11y-skip a11y-hidden\" href=\"#fig-a11y-skip-main-inarticle\"><br \/>\n        Passer la publicit\u00e9<br \/>\n    <\/a><\/p>\n<p class=\"fig-paragraph\">L\u2019ancienne actrice, notamment vue dans le film Amour &amp; turbulences avec Nicolas Bedos et Ludivine Sagnier, s&rsquo;\u00e9tait d\u00e9j\u00e0 confi\u00e9e au Elle en avril dernier aux c\u00f4t\u00e9s de trois autres anciennes compagnes accusant de violences physiques et psychologiques le chef de la c\u00e9l\u00e8bre adresse parisienne Plaza Ath\u00e9n\u00e9e.<\/p>\n<p class=\"fig-paragraph\">Face \u00e0 ces accusations r\u00e9p\u00e9t\u00e9es, les avocates de Jean Imbert, Mes Jacqueline Laffont et Julie Benedetti, ont d\u00e9nonc\u00e9 ce lundi dans un communiqu\u00e9 transmis \u00e0\u00a0<a href=\"https:\/\/www.rtl.fr\/actu\/justice-faits-divers\/info-rtl-la-reponse-des-avocats-de-jean-imbert-a-la-plainte-et-aux-temoignages-de-ses-ex-compagnes-7900533201\" target=\"_blank\" rel=\"nofollow noopener\" data-gtm-custom-categorie=\"navigation\" data-gtm-custom-action=\"crossclick\" data-gtm-custom-label=\"Contextuel\" data-gtm-event=\"customEventSPE\">RTL\u00a0<\/a>des \u00abr\u00e9cits biais\u00e9s et tronqu\u00e9s, contredits par de nombreux \u00e9l\u00e9ments objectifs et par des t\u00e9moignages qui continuent de parvenir \u00e0 notre client\u00bb.<\/p>\n<p>Contre-attaque des avocates du chef<\/p>\n<p class=\"fig-paragraph\">Concernant la plainte de Lila Salet, les p\u00e9nalistes soulignent que durant la p\u00e9riode all\u00e9gu\u00e9e de s\u00e9questration lors d\u2019un s\u00e9jour en Italie, la jeune femme \u00abpubliait toutes les trois heures sur les r\u00e9seaux sociaux des photos de mus\u00e9es, de restaurants, de commerces, et autres images de ses promenades en ville, qualifiant ce s\u00e9jour avec Jean Imbert de \u201cDolce Vita\u201d. La chronologie comme le contenu des propres \u00e9crits de Lila Salet pendant ce week-end contredisent objectivement le r\u00e9cit propos\u00e9 douze ans et demi plus tard par la plaignante\u00bb.<\/p>\n<p class=\"fig-paragraph\">Quant aux accusations formul\u00e9es par Alexandra Rosenfeld, les avocates insistent sur le fait que \u00abJean Imbert a assum\u00e9 sa part de responsabilit\u00e9s et exprim\u00e9 de profonds regrets\u00bb et rappellent que la jeune femme \u00aba adress\u00e9 au cours de cette p\u00e9riode des messages \u00e0 Jean Imbert qui font \u00e9tat\u00a0des violences physiques qu\u2019elle-m\u00eame exer\u00e7ait \u00e0 son encontre\u00bb.\u00a0Le cuisinier m\u00e9diatique avait pour sa part d\u00e9crit une relation \u00abinsoutenable, marqu\u00e9e par les insultes et les crises\u00bb. Sollicit\u00e9, le parquet de Versailles n\u2019a pas encore pr\u00e9cis\u00e9 si la plainte de Lila Salet avait donn\u00e9 lieu \u00e0 l\u2019ouverture d\u2019une enqu\u00eate. Le cas \u00e9ch\u00e9ant, les investigations devront d\u00e9m\u00ealer les faits, entre les accusations et les d\u00e9n\u00e9gations du mis en cause.<\/p>\n","protected":false},"excerpt":{"rendered":"La jeune femme d\u00e9nonce dans sa plainte des gifles r\u00e9currentes et une s\u00e9questration dans un h\u00f4tel. Les avocates&hellip;\n","protected":false},"author":2,"featured_media":343149,"comment_status":"","ping_status":"","sticky":false,"template":"","format":"standard","meta":{"footnotes":""},"categories":[1359],"tags":[58,59,1011,27,13518,973],"class_list":{"0":"post-343148","1":"post","2":"type-post","3":"status-publish","4":"format-standard","5":"has-post-thumbnail","7":"category-people","8":"tag-divertissement","9":"tag-entertainment","10":"tag-fr","11":"tag-france","12":"tag-jean-imbert","13":"tag-people"},"share_on_mastodon":{"url":"https:\/\/pubeurope.com\/@fr\/115090195019290451","error":""},"_links":{"self":[{"href":"https:\/\/www.europesays.com\/fr\/wp-json\/wp\/v2\/posts\/343148","targetHints":{"allow":["GET"]}}],"collection":[{"href":"https:\/\/www.europesays.com\/fr\/wp-json\/wp\/v2\/posts"}],"about":[{"href":"https:\/\/www.europesays.com\/fr\/wp-json\/wp\/v2\/types\/post"}],"author":[{"embeddable":true,"href":"https:\/\/www.europesays.com\/fr\/wp-json\/wp\/v2\/users\/2"}],"replies":[{"embeddable":true,"href":"https:\/\/www.europesays.com\/fr\/wp-json\/wp\/v2\/comments?post=343148"}],"version-history":[{"count":0,"href":"https:\/\/www.europesays.com\/fr\/wp-json\/wp\/v2\/posts\/343148\/revisions"}],"wp:featuredmedia":[{"embeddable":true,"href":"https:\/\/www.europesays.com\/fr\/wp-json\/wp\/v2\/media\/343149"}],"wp:attachment":[{"href":"https:\/\/www.europesays.com\/fr\/wp-json\/wp\/v2\/media?parent=343148"}],"wp:term":[{"taxonomy":"category","embeddable":true,"href":"https:\/\/www.europesays.com\/fr\/wp-json\/wp\/v2\/categories?post=343148"},{"taxonomy":"post_tag","embeddable":true,"href":"https:\/\/www.europesays.com\/fr\/wp-json\/wp\/v2\/tags?post=343148"}],"curies":[{"name":"wp","href":"https:\/\/api.w.org\/{rel}","templated":true}]}}