{"id":343150,"date":"2025-08-25T15:49:10","date_gmt":"2025-08-25T15:49:10","guid":{"rendered":"https:\/\/www.europesays.com\/fr\/343150\/"},"modified":"2025-08-25T15:49:10","modified_gmt":"2025-08-25T15:49:10","slug":"avec-lexpo-louvre-couture-le-louvre-signe-lun-des-plus-gros-succes-de-son-histoire","status":"publish","type":"post","link":"https:\/\/www.europesays.com\/fr\/343150\/","title":{"rendered":"Avec l&rsquo;expo \u00ab\u00a0Louvre Couture\u00a0\u00bb, le Louvre signe l&rsquo;un des plus gros succ\u00e8s de son histoire"},"content":{"rendered":"<p>L\u2019alchimie a pris\u00a0: plus d\u2019un million de personnes ont visit\u00e9 <a href=\"https:\/\/www.louvre.fr\/expositions-et-evenements\/expositions\/louvre-couture#presentation-2941\" rel=\"nofollow noopener\" target=\"_blank\" class=\"c-link c-link--is-underlined\">Louvre Couture<\/a>, la premi\u00e8re exposition du <a href=\"https:\/\/www.20minutes.fr\/dossier\/louvre\" class=\"c-link c-link--is-underlined\" rel=\"nofollow noopener\" target=\"_blank\">Louvre <\/a>d\u00e9di\u00e9e \u00e0 la <a href=\"https:\/\/www.20minutes.fr\/arts-stars\/mode\/\" class=\"c-link c-link--is-underlined\" rel=\"nofollow noopener\" target=\"_blank\">mode<\/a>. Un succ\u00e8s qui repr\u00e9sente la deuxi\u00e8me meilleure fr\u00e9quentation de l\u2019histoire du <a href=\"https:\/\/www.20minutes.fr\/dossier\/musee\" class=\"c-link c-link--is-underlined\" rel=\"nofollow noopener\" target=\"_blank\">mus\u00e9e<\/a> (apr\u00e8s celle de l\u2019exposition <a href=\"https:\/\/www.20minutes.fr\/arts-stars\/culture\/2635511-20191024-leonard-vinci-louvre-pourquoi-si-complique-monter-exposition-artiste-toscan\" class=\"c-link c-link--is-underlined\" rel=\"nofollow noopener\" target=\"_blank\">consacr\u00e9e \u00e0 L\u00e9onard de Vinci en 2019-2020<\/a>), ont annonc\u00e9 ses organisateurs lundi 25\u00a0ao\u00fbt 2025.<\/p>\n<\/p>\n<p>Le chic cr\u00e9e le choc<\/p>\n<p>Cette <a href=\"https:\/\/www.20minutes.fr\/dossier\/exposition\" class=\"c-link c-link--is-underlined\" rel=\"nofollow noopener\" target=\"_blank\">exposition <\/a>in\u00e9dite, inaugur\u00e9e le 24\u00a0janvier et qui s\u2019est referm\u00e9e dimanche 24\u00a0ao\u00fbt, a fait dialoguer des chefs-d\u2019\u0153uvre du d\u00e9partement d\u2019objets d\u2019art du Louvre et des pi\u00e8ces marquantes de l\u2019histoire de la mode contemporaine produits entre les ann\u00e9es\u00a01960 et\u00a02025.<\/p>\n<p>Elle a donc attir\u00e9 1,059\u00a0million de visiteurs, contre <a href=\"https:\/\/www.20minutes.fr\/arts-stars\/culture\/2726439-20200225-million-million-grace-leonard-vinci-musee-louvre-bat-record-frequentation\" class=\"c-link c-link--is-underlined\" rel=\"nofollow noopener\" target=\"_blank\">1,072\u00a0million pour l\u2019exposition consacr\u00e9e \u00e0 L\u00e9onard de Vinci<\/a> qui avait, elle, dur\u00e9 quatre mois.<\/p>\n<p>Des pi\u00e8ces d\u2019exception pour une nouvelle g\u00e9n\u00e9ration<\/p>\n<p>Sur pr\u00e8s de 9.000 m\u00e8tres carr\u00e9s, une centaine de pi\u00e8ces et d\u2019accessoires de mode pr\u00eat\u00e9s par 45 maisons et cr\u00e9ateurs \u2013 parmi lesquels Hubert de Givenchy, Marine Serre, Thom Browne, <a href=\"https:\/\/www.20minutes.fr\/dossier\/alexander_mcqueen\" class=\"c-link c-link--is-underlined\" rel=\"nofollow noopener\" target=\"_blank\">Alexander McQueen<\/a>, <a href=\"https:\/\/www.20minutes.fr\/dossier\/karl_lagerfeld\" class=\"c-link c-link--is-underlined\" rel=\"nofollow noopener\" target=\"_blank\">Karl Lagerfeld<\/a> ou <a href=\"https:\/\/www.20minutes.fr\/dossier\/john_galliano\" class=\"c-link c-link--is-underlined\" rel=\"nofollow noopener\" target=\"_blank\">John Galliano<\/a> \u2013 ont fait \u00e9cho \u00e0 l\u2019histoire des arts d\u00e9coratifs, des styles, des m\u00e9tiers d\u2019art et de l\u2019ornement.<\/p>\n<p><a href=\"https:\/\/www.20minutes.fr\/dossier\/louvre\" class=\"c-link c-btn c-btn--primary\" rel=\"nofollow noopener\" target=\"_blank\">Notre dossier \u00ab Mus\u00e9e du Louvre \u00bb<\/a><\/p>\n<p>L\u2019exposition s\u2019inscrit dans l\u2019ambition g\u00e9n\u00e9rale du <a href=\"https:\/\/www.20minutes.fr\/arts-stars\/culture\/4158890-20250617-louvre-musee-plus-visite-monde-reste-temporairement-inaccessible-raison-mouvement-social\" class=\"c-link c-link--is-underlined\" rel=\"nofollow noopener\" target=\"_blank\">mus\u00e9e le plus visit\u00e9 au monde<\/a> d\u2019attirer \u00ab\u00a0de nouvelles g\u00e9n\u00e9rations de visiteurs, qui ont d\u2019autres r\u00e9f\u00e9rences culturelles\u00a0\u00bb, selon <a href=\"https:\/\/www.20minutes.fr\/arts-stars\/culture\/3048395-20210526-laurence-cars-future-presidente-musee-louvre\" class=\"c-link c-link--is-underlined\" rel=\"nofollow noopener\" target=\"_blank\">Laurence Des\u00a0Cars, sa pr\u00e9sidente-directrice<\/a>.<\/p>\n","protected":false},"excerpt":{"rendered":"L\u2019alchimie a pris\u00a0: plus d\u2019un million de personnes ont visit\u00e9 Louvre Couture, la premi\u00e8re exposition du Louvre d\u00e9di\u00e9e&hellip;\n","protected":false},"author":2,"featured_media":343151,"comment_status":"","ping_status":"","sticky":false,"template":"","format":"standard","meta":{"footnotes":""},"categories":[1358],"tags":[28386,1348,1384,1385,34907,251,4079,1386,58,59,3293,1011,27,5363,28385,35057,11274,3048,1969,5896,990,133],"class_list":{"0":"post-343150","1":"post","2":"type-post","3":"status-publish","4":"format-standard","5":"has-post-thumbnail","7":"category-arts-et-design","8":"tag-alexander-mcqueen","9":"tag-arts","10":"tag-arts-and-design","11":"tag-arts-et-design","12":"tag-couture","13":"tag-culture","14":"tag-defile-de-mode","15":"tag-design","16":"tag-divertissement","17":"tag-entertainment","18":"tag-exposition","19":"tag-fr","20":"tag-france","21":"tag-haute-couture","22":"tag-john-galliano","23":"tag-karl-lagerfeld","24":"tag-louvre","25":"tag-musee","26":"tag-style","27":"tag-tempo","28":"tag-tendance-mode","29":"tag-video"},"share_on_mastodon":{"url":"https:\/\/pubeurope.com\/@fr\/115090198744528483","error":""},"_links":{"self":[{"href":"https:\/\/www.europesays.com\/fr\/wp-json\/wp\/v2\/posts\/343150","targetHints":{"allow":["GET"]}}],"collection":[{"href":"https:\/\/www.europesays.com\/fr\/wp-json\/wp\/v2\/posts"}],"about":[{"href":"https:\/\/www.europesays.com\/fr\/wp-json\/wp\/v2\/types\/post"}],"author":[{"embeddable":true,"href":"https:\/\/www.europesays.com\/fr\/wp-json\/wp\/v2\/users\/2"}],"replies":[{"embeddable":true,"href":"https:\/\/www.europesays.com\/fr\/wp-json\/wp\/v2\/comments?post=343150"}],"version-history":[{"count":0,"href":"https:\/\/www.europesays.com\/fr\/wp-json\/wp\/v2\/posts\/343150\/revisions"}],"wp:featuredmedia":[{"embeddable":true,"href":"https:\/\/www.europesays.com\/fr\/wp-json\/wp\/v2\/media\/343151"}],"wp:attachment":[{"href":"https:\/\/www.europesays.com\/fr\/wp-json\/wp\/v2\/media?parent=343150"}],"wp:term":[{"taxonomy":"category","embeddable":true,"href":"https:\/\/www.europesays.com\/fr\/wp-json\/wp\/v2\/categories?post=343150"},{"taxonomy":"post_tag","embeddable":true,"href":"https:\/\/www.europesays.com\/fr\/wp-json\/wp\/v2\/tags?post=343150"}],"curies":[{"name":"wp","href":"https:\/\/api.w.org\/{rel}","templated":true}]}}