{"id":343154,"date":"2025-08-25T15:51:12","date_gmt":"2025-08-25T15:51:12","guid":{"rendered":"https:\/\/www.europesays.com\/fr\/343154\/"},"modified":"2025-08-25T15:51:12","modified_gmt":"2025-08-25T15:51:12","slug":"denis-le-candidat-qui-fait-deja-le-buzz","status":"publish","type":"post","link":"https:\/\/www.europesays.com\/fr\/343154\/","title":{"rendered":"Denis, le candidat qui fait d\u00e9j\u00e0 le buzz"},"content":{"rendered":"<p>La saison 20 de l\u2019\u00e9mission L\u2019Amour est dans le pr\u00e9  d\u00e9bute ce lundi 25\u00a0ao\u00fbt \u00e0 21\u00a0h\u00a010 sur M6.<\/p>\n<p>Cette ann\u00e9e, parmi les candidats agriculteurs ou \u00e9leveurs, l\u2019\u00e9mission a jet\u00e9 son d\u00e9volu <a href=\"https:\/\/www.ledauphine.com\/societe\/2025\/08\/12\/qui-est-denis-l-iserois-qui-participe-a-l-amour-est-dans-le-pre\" target=\"_blank\" rel=\"noopener\">sur le Nord-Is\u00e9rois Denis<\/a>, qui a d\u00e9j\u00e0 crev\u00e9 l\u2019\u00e9cran depuis la pr\u00e9sentation des <a href=\"https:\/\/www.ledauphine.com\/societe\/2025\/01\/14\/isere-television-l-amour-est-dans-le-pre-qui-est-denis-le-candidat-iserois-qui-cherche-l-ame-soeur#PlugCommentsList2\" target=\"_blank\" rel=\"noopener\">portraits en janvier dernier<\/a>. Ce bon vivant, qui esp\u00e8re trouver son \u00e2me s\u0153ur pour s\u2019\u00e9chapper de sa solitude et pour organiser des voyages, est rapidement devenu la nouvelle coqueluche des r\u00e9seaux sociaux gr\u00e2ce \u00e0 sa c\u00e9l\u00e8bre <a href=\"https:\/\/www.ledauphine.com\/societe\/2025\/08\/19\/isere-l-amour-est-dans-le-pre-l-iserois-denis-deja-coqueluche-du-territoire-ses-amis-creent-des-t-shirts-ppap\" target=\"_blank\" rel=\"noopener\">\u00ab\u00a0position parall\u00e8le au plafond\u00a0\u00bb ou \u00ab\u00a0PPAP\u00a0\u00bb<\/a>.<\/p>\n<p>  Adepte de blagues et soir\u00e9es festives<\/p>\n<p>Un trait d\u2019humour du Nord-Is\u00e9rois, adepte de blagues et soir\u00e9es festives, qui signifie s\u2019allonger sur un fauteuil dans son salon pour se reposer.<\/p>\n<p>Lors des premi\u00e8res \u00e9missions, le programme met en avant les candidats par petits groupes pour la d\u00e9couverte des lettres des pr\u00e9tendants. Pour voir appara\u00eetre le nord-is\u00e9rois Denis sur le petit \u00e9cran, il faudra n\u00e9anmoins attendre l\u2019\u00e9pisode 4 de la saison 20, soit le lundi 15\u00a0septembre.<\/p>\n","protected":false},"excerpt":{"rendered":"La saison 20 de l\u2019\u00e9mission L\u2019Amour est dans le pr\u00e9 d\u00e9bute ce lundi 25\u00a0ao\u00fbt \u00e0 21\u00a0h\u00a010 sur M6.&hellip;\n","protected":false},"author":2,"featured_media":343155,"comment_status":"","ping_status":"","sticky":false,"template":"","format":"standard","meta":{"footnotes":""},"categories":[1356],"tags":[327,58,115,116,111,59,1011,27,329,1757,108,104,252,2205,1364],"class_list":{"0":"post-343154","1":"post","2":"type-post","3":"status-publish","4":"format-standard","5":"has-post-thumbnail","7":"category-television","8":"tag-agriculture","9":"tag-divertissement","10":"tag-edition-bourgoin-jallieu-nord-dauphine","11":"tag-edition-la-tour-du-pin-nord-dauphine","12":"tag-edition-vienne-roussillon","13":"tag-entertainment","14":"tag-fr","15":"tag-france","16":"tag-france-monde","17":"tag-insolite","18":"tag-isere","19":"tag-societe","20":"tag-television","21":"tag-television-medias","22":"tag-tv"},"share_on_mastodon":{"url":"https:\/\/pubeurope.com\/@fr\/115090206416717617","error":""},"_links":{"self":[{"href":"https:\/\/www.europesays.com\/fr\/wp-json\/wp\/v2\/posts\/343154","targetHints":{"allow":["GET"]}}],"collection":[{"href":"https:\/\/www.europesays.com\/fr\/wp-json\/wp\/v2\/posts"}],"about":[{"href":"https:\/\/www.europesays.com\/fr\/wp-json\/wp\/v2\/types\/post"}],"author":[{"embeddable":true,"href":"https:\/\/www.europesays.com\/fr\/wp-json\/wp\/v2\/users\/2"}],"replies":[{"embeddable":true,"href":"https:\/\/www.europesays.com\/fr\/wp-json\/wp\/v2\/comments?post=343154"}],"version-history":[{"count":0,"href":"https:\/\/www.europesays.com\/fr\/wp-json\/wp\/v2\/posts\/343154\/revisions"}],"wp:featuredmedia":[{"embeddable":true,"href":"https:\/\/www.europesays.com\/fr\/wp-json\/wp\/v2\/media\/343155"}],"wp:attachment":[{"href":"https:\/\/www.europesays.com\/fr\/wp-json\/wp\/v2\/media?parent=343154"}],"wp:term":[{"taxonomy":"category","embeddable":true,"href":"https:\/\/www.europesays.com\/fr\/wp-json\/wp\/v2\/categories?post=343154"},{"taxonomy":"post_tag","embeddable":true,"href":"https:\/\/www.europesays.com\/fr\/wp-json\/wp\/v2\/tags?post=343154"}],"curies":[{"name":"wp","href":"https:\/\/api.w.org\/{rel}","templated":true}]}}