{"id":343161,"date":"2025-08-25T15:55:12","date_gmt":"2025-08-25T15:55:12","guid":{"rendered":"https:\/\/www.europesays.com\/fr\/343161\/"},"modified":"2025-08-25T15:55:12","modified_gmt":"2025-08-25T15:55:12","slug":"psg-man-city-enorme-desillusion-pour-gianluigi-donnarumma","status":"publish","type":"post","link":"https:\/\/www.europesays.com\/fr\/343161\/","title":{"rendered":"PSG &#8211; Man City, \u00e9norme d\u00e9sillusion pour Gianluigi Donnarumma"},"content":{"rendered":"<p data-testid=\"article-teaser\">Retournement de situation pour Gianluigi Donnarumma, annonc\u00e9 proche de Manchester City ces derniers jours. <\/p>\n<p>Alors que ses adieux au Parc des Princes semblaient annoncer un nouveau d\u00e9part dans sa carri\u00e8re, Gianluigi Donnarumma se retrouve aujourd\u2019hui dans une impasse inattendue. L\u2019Italien, pourtant vainqueur de la derni\u00e8re Ligue des Champions avec le Paris Saint-Germain, voit ses options se r\u00e9duire alors qu\u2019il pensait rejoindre l\u2019\u00e9lite europ\u00e9enne. Courtis\u00e9 par Manchester City, le gardien de 25 ans esp\u00e9rait un transfert rapide vers la Premier League. Mais les discussions patinent, et le dossier pourrait bien tourner \u00e0 la d\u00e9sillusion.<\/p>\n","protected":false},"excerpt":{"rendered":"Retournement de situation pour Gianluigi Donnarumma, annonc\u00e9 proche de Manchester City ces derniers jours. Alors que ses adieux&hellip;\n","protected":false},"author":2,"featured_media":343162,"comment_status":"","ping_status":"","sticky":false,"template":"","format":"standard","meta":{"footnotes":""},"categories":[9],"tags":[17628,47916,1011,27,30055,66,16663,1434,91,70,60,2312,47915,28401],"class_list":{"0":"post-343161","1":"post","2":"type-post","3":"status-publish","4":"format-standard","5":"has-post-thumbnail","7":"category-sports","8":"tag-brighton","9":"tag-brighton-vs-manchester-city","10":"tag-fr","11":"tag-france","12":"tag-g-donnarumma","13":"tag-ligue-1","14":"tag-manchester-city","15":"tag-mercato","16":"tag-paris-saint-germain","17":"tag-premier-league","18":"tag-sports","19":"tag-toulouse","20":"tag-toulouse-vs-paris-saint-germain","21":"tag-transfers"},"share_on_mastodon":{"url":"https:\/\/pubeurope.com\/@fr\/115090222230717750","error":""},"_links":{"self":[{"href":"https:\/\/www.europesays.com\/fr\/wp-json\/wp\/v2\/posts\/343161","targetHints":{"allow":["GET"]}}],"collection":[{"href":"https:\/\/www.europesays.com\/fr\/wp-json\/wp\/v2\/posts"}],"about":[{"href":"https:\/\/www.europesays.com\/fr\/wp-json\/wp\/v2\/types\/post"}],"author":[{"embeddable":true,"href":"https:\/\/www.europesays.com\/fr\/wp-json\/wp\/v2\/users\/2"}],"replies":[{"embeddable":true,"href":"https:\/\/www.europesays.com\/fr\/wp-json\/wp\/v2\/comments?post=343161"}],"version-history":[{"count":0,"href":"https:\/\/www.europesays.com\/fr\/wp-json\/wp\/v2\/posts\/343161\/revisions"}],"wp:featuredmedia":[{"embeddable":true,"href":"https:\/\/www.europesays.com\/fr\/wp-json\/wp\/v2\/media\/343162"}],"wp:attachment":[{"href":"https:\/\/www.europesays.com\/fr\/wp-json\/wp\/v2\/media?parent=343161"}],"wp:term":[{"taxonomy":"category","embeddable":true,"href":"https:\/\/www.europesays.com\/fr\/wp-json\/wp\/v2\/categories?post=343161"},{"taxonomy":"post_tag","embeddable":true,"href":"https:\/\/www.europesays.com\/fr\/wp-json\/wp\/v2\/tags?post=343161"}],"curies":[{"name":"wp","href":"https:\/\/api.w.org\/{rel}","templated":true}]}}