{"id":343163,"date":"2025-08-25T15:56:14","date_gmt":"2025-08-25T15:56:14","guid":{"rendered":"https:\/\/www.europesays.com\/fr\/343163\/"},"modified":"2025-08-25T15:56:14","modified_gmt":"2025-08-25T15:56:14","slug":"la-rentree-commence-sur-les-chapeaux-de-roues-pour-ces-2-signes-qui-seront-combles-damour-et-de-chance-en-septembre-2025","status":"publish","type":"post","link":"https:\/\/www.europesays.com\/fr\/343163\/","title":{"rendered":"La rentr\u00e9e commence sur les chapeaux de roues pour ces 2 signes qui seront combl\u00e9s d&rsquo;amour et de chance en septembre 2025"},"content":{"rendered":"<p>Cette semaine, un alignement astral joyeux viendra illuminer la<br \/>\nfin de notre <a href=\"https:\/\/www.mariefrance.fr\/actualite\/societe\/vacances-ces-4-plages-sont-a-eviter-durgence-dans-le-sud-ouest-ce-sont-les-plus-polluees-cet-ete-2025-1195462.html\" rel=\"nofollow noopener\" target=\"_blank\"><br \/>\n\u00e9t\u00e9 2025<\/a>, en nous offrant une vague de bonnes vibrations. Sous<br \/>\nl\u2019influence de l\u2019une des deux plan\u00e8tes b\u00e9n\u00e9fiques du zodiaque,<br \/>\nV\u00e9nus, qui change de signe, l\u2019ambiance astrale prendra une allure<br \/>\nl\u00e9g\u00e8re, teint\u00e9e d\u2019optimisme et de chaleur.<\/p>\n<p>C\u2019est bien s\u00fbr une excellente nouvelle pour l\u2019ensemble du<br \/>\nzodiaque, mais elle sera particuli\u00e8rement favorable \u00e0 deux signes<br \/>\nastrologiques. Deux chanceux en particulier verront la chance<br \/>\nsourire \u00e0 leur vie amoureuse, \u00e0 leurs finances, et go\u00fbteront \u00e0 une<br \/>\nabondance qui se manifestera sous diff\u00e9rentes formes. Aimeriez-vous<br \/>\nd\u00e9couvrir si votre <a href=\"https:\/\/www.mariefrance.fr\/mode\/fini-jean-mom-pantalon-tendance-rentree-2025-encore-confortable-jogging-1198292.html\" rel=\"nofollow noopener\" target=\"_blank\"><br \/>\nrentr\u00e9e 2025<\/a> s\u2019annonce sous les meilleurs auspices ?<\/p>\n<p>Astro : la fin de l\u2019\u00e9t\u00e9 2025 s\u2019annonce radieuse gr\u00e2ce \u00e0 V\u00e9nus<br \/>\nen Lion<\/p>\n<p>Ce 25 ao\u00fbt 2025, la plan\u00e8te de l\u2019amour, V\u00e9nus, fait son entr\u00e9e<br \/>\ndans le signe flamboyant et audacieux du <a href=\"https:\/\/www.mariefrance.fr\/astro\/portail-lion-2025-vacances-dete-4-signes-astro-vont-etre-bouleversees-8-aout-2025-1194164.html\" rel=\"nofollow noopener\" target=\"_blank\"><br \/>\nLion<\/a>. Si vous ignorez encore ce que cela implique, vous serez<br \/>\nagr\u00e9ablement surpris puisque, dans ce signe de feu, l\u2019astre qui<br \/>\ngouverne nos relations nous rend plus romantiques, plus cr\u00e9atifs et<br \/>\npleins de confiance en l\u2019avenir.<\/p>\n<p>\u00c0 l\u2019aube de ce dernier chapitre de l\u2019\u00e9t\u00e9, cette \u00e9nergie tombe \u00e0<br \/>\npic pour sublimer les derniers jours de vacances et adoucir<br \/>\nl\u2019arriv\u00e9e de la rentr\u00e9e, d\u00e9j\u00e0 toute proche. Cette p\u00e9riode sera<br \/>\nid\u00e9ale pour vous adonner \u00e0 une activit\u00e9 artistique, renforcer la<br \/>\ncommunication dans une relation amoureuse, multiplier les<br \/>\nrencontres si vous \u00eates c\u00e9libataire, ou encore conclure des<br \/>\naffaires financi\u00e8res avantageuses.<\/p>\n<p>Prendre soin de votre amour-propre et vous orienter vers ce qui<br \/>\nnourrit votre plaisir et votre bien-\u00eatre personnel sera tout aussi<br \/>\nimportant. Car au-del\u00e0 des liens affectifs, c\u2019est l\u2019\u00e9quilibre<br \/>\nint\u00e9rieur qui rayonnera. Avec V\u00e9nus en Lion, tout le zodiaque sera<br \/>\ninvit\u00e9 \u00e0 c\u00e9l\u00e9brer les belles choses de la vie. Et le plus<br \/>\nr\u00e9jouissant dans tout cela, c\u2019est que ce transit plan\u00e9taire se<br \/>\npoursuivra jusqu\u2019au 19 septembre\u2026 Que demander de mieux pour clore<br \/>\nla saison la plus belle de l\u2019ann\u00e9e ?<\/p>\n<p><img loading=\"lazy\" decoding=\"async\" itemprop=\"thumbnailUrl\" class=\"alignnone size-full wp-image-1198779 img-responsive\" src=\"https:\/\/www.europesays.com\/fr\/wp-content\/uploads\/2025\/08\/format-ok-2025-08-25t160538.181.jpg\" alt=\"\" width=\"1280\" height=\"720\"\/> \u00a9<br \/>\nshutterstock<\/p>\n<p>Horoscope : quels signes astrologiques profiteront de la<br \/>\nchance, de l\u2019abondance et de la prosp\u00e9rit\u00e9 dans les trois<br \/>\nprochaines semaines ?<br \/>\nB\u00e9lier<\/p>\n<p><img loading=\"lazy\" decoding=\"async\" class=\"alignnone size-full wp-image-1198782 img-responsive\" src=\"https:\/\/www.europesays.com\/fr\/wp-content\/uploads\/2025\/08\/format-ok-2025-08-25t160602.469.jpg\" alt=\"\" width=\"1280\" height=\"720\"\/> \u00a9<br \/>\nshutterstock<\/p>\n<p>Votre rentr\u00e9e 2025 sera tout sauf monotone, surtout sur le plan<br \/>\nsentimental. Avec V\u00e9nus d\u00e9sormais en Lion, qui rallume votre<br \/>\n\u00e9tincelle int\u00e9rieure et votre go\u00fbt pour le divertissement, vous<br \/>\nconstaterez que votre joie de vivre sera contagieuse. La chance<br \/>\nvous accompagnera, alors n\u2019h\u00e9sitez pas \u00e0 la mettre \u00e0 l\u2019\u00e9preuve.<br \/>\nVous pourriez recevoir des surprises inattendues, r\u00e9colter des<br \/>\ngains, ou m\u00eame attirer une nouvelle reconnaissance si vous vous en<br \/>\ndonnez les moyens.<\/p>\n<p>En amour, le romantisme sera \u00e0 l\u2019honneur. Si vous \u00eates<br \/>\nc\u00e9libataire, continuez \u00e0 chercher la rencontre id\u00e9ale, car m\u00eame si<br \/>\nelle tarde \u00e0 se pr\u00e9senter, vous d\u00e9gagerez un charme magn\u00e9tique. Si<br \/>\nvous \u00eates en couple, c\u2019est le moment parfait pour ranimer la<br \/>\nflamme, partager des exp\u00e9riences joyeuses et renforcer vos liens<br \/>\navec votre \u00e2me s\u0153ur. N\u2019h\u00e9sitez pas \u00e0 s\u00e9duire, \u00e0 conqu\u00e9rir ou \u00e0<br \/>\nreconqu\u00e9rir, sans retenue !<\/p>\n<p>Cancer<\/p>\n<p><img loading=\"lazy\" decoding=\"async\" class=\"alignnone size-full wp-image-1198783 img-responsive\" src=\"https:\/\/www.europesays.com\/fr\/wp-content\/uploads\/2025\/08\/format-ok-2025-08-25t160552.110.jpg\" alt=\"\" width=\"1280\" height=\"720\"\/> \u00a9<br \/>\nshutterstock<\/p>\n<p>Du c\u00f4t\u00e9 financier, une bonne nouvelle s\u2019annonce pour vous, cher<br \/>\n<a href=\"https:\/\/www.mariefrance.fr\/astro\/astrologie-jupiter-entre-cancer-fera-deux-beaux-chanceux-mi-juin-2025-1174648.html\" rel=\"nofollow noopener\" target=\"_blank\"><br \/>\nCancer<\/a>. Cela pourra se traduire par une augmentation de<br \/>\nsalaire, mais aussi par une opportunit\u00e9 d\u2019accro\u00eetre vos revenus<br \/>\ngr\u00e2ce \u00e0 une activit\u00e9 qui vous passionne ou, tout au moins, qui vous<br \/>\namuse.<\/p>\n<p>Ne fermez pas la porte aux opportunit\u00e9s. En effet, ce seront<br \/>\nvotre charme naturel et votre volont\u00e9 d\u2019avancer qui vous<br \/>\npermettront de concr\u00e9tiser les accords les plus avantageux.<br \/>\nMontrez-vous strat\u00e8ge, avec l\u2019\u00e2me d\u2019un loup habile sous l\u2019apparence<br \/>\ndouce d\u2019un agneau !<\/p>\n","protected":false},"excerpt":{"rendered":"Cette semaine, un alignement astral joyeux viendra illuminer la fin de notre \u00e9t\u00e9 2025, en nous offrant une&hellip;\n","protected":false},"author":2,"featured_media":343164,"comment_status":"","ping_status":"","sticky":false,"template":"","format":"standard","meta":{"footnotes":""},"categories":[8],"tags":[158,58,59,1011,27],"class_list":{"0":"post-343163","1":"post","2":"type-post","3":"status-publish","4":"format-standard","5":"has-post-thumbnail","7":"category-divertissement","8":"tag-astro","9":"tag-divertissement","10":"tag-entertainment","11":"tag-fr","12":"tag-france"},"share_on_mastodon":{"url":"https:\/\/pubeurope.com\/@fr\/115090226211856425","error":""},"_links":{"self":[{"href":"https:\/\/www.europesays.com\/fr\/wp-json\/wp\/v2\/posts\/343163","targetHints":{"allow":["GET"]}}],"collection":[{"href":"https:\/\/www.europesays.com\/fr\/wp-json\/wp\/v2\/posts"}],"about":[{"href":"https:\/\/www.europesays.com\/fr\/wp-json\/wp\/v2\/types\/post"}],"author":[{"embeddable":true,"href":"https:\/\/www.europesays.com\/fr\/wp-json\/wp\/v2\/users\/2"}],"replies":[{"embeddable":true,"href":"https:\/\/www.europesays.com\/fr\/wp-json\/wp\/v2\/comments?post=343163"}],"version-history":[{"count":0,"href":"https:\/\/www.europesays.com\/fr\/wp-json\/wp\/v2\/posts\/343163\/revisions"}],"wp:featuredmedia":[{"embeddable":true,"href":"https:\/\/www.europesays.com\/fr\/wp-json\/wp\/v2\/media\/343164"}],"wp:attachment":[{"href":"https:\/\/www.europesays.com\/fr\/wp-json\/wp\/v2\/media?parent=343163"}],"wp:term":[{"taxonomy":"category","embeddable":true,"href":"https:\/\/www.europesays.com\/fr\/wp-json\/wp\/v2\/categories?post=343163"},{"taxonomy":"post_tag","embeddable":true,"href":"https:\/\/www.europesays.com\/fr\/wp-json\/wp\/v2\/tags?post=343163"}],"curies":[{"name":"wp","href":"https:\/\/api.w.org\/{rel}","templated":true}]}}